{"id":158847,"date":"2020-04-23T06:00:23","date_gmt":"2020-04-23T09:00:23","guid":{"rendered":"https:\/\/diarioregionaldigital.com.br\/?p=158847"},"modified":"2020-04-23T00:00:21","modified_gmt":"2020-04-23T03:00:21","slug":"astral-elevado","status":"publish","type":"post","link":"https:\/\/diarioregionaldigital.com.br\/?p=158847","title":{"rendered":"Astral Elevado"},"content":{"rendered":"<p style=\"text-align: center;\"><strong>Futebol<\/strong><\/p>\n<p style=\"text-align: center;\">Pensando em balan\u00e7ar as redes, as federa\u00e7\u00f5es de futebol fizeram muita s reuni\u00f5es nos \u00faltimos dias. \u00c9 quase um consenso que desejam a volta dos campeonatos em maio \u2013 contudo, sem p\u00fablico. Os jogadores ficariam em confinamento em hot\u00e9is e de l\u00e1 s\u00f3 sairiam para treinar e jogar. Claro que tudo isso tem que ter antes o O.K. dos governadores.<\/p>\n<p style=\"text-align: center;\"><strong>Vi\u00fava Porcina<\/strong><\/p>\n<p style=\"text-align: center;\">Com poucas luzes, Regina Duarte tomou posse h\u00e1 50 dias e, por enquanto, tem uma atua\u00e7\u00e3o de elenco de apoio entre apagada e discreta \u2013 exceto nas redes sociais, onde tem circulado com alguma desenvoltura sempre defendendo o governo.<\/p>\n<p style=\"text-align: center;\"><strong>Olha que legal<\/strong><\/p>\n<p style=\"text-align: center;\">Asilos s\u00f3 para mulheres, o Amparo Thereza Cristina, no Riachuelo e o Lar da Vov\u00f3 em Bonsucesso, no Rio de Janeiro, est\u00e3o entre as 11 casas de repouso que ter\u00e3o suas geladeiras abastecidas com sucos vitaminados durante a pandemia do Coronav\u00edrus. A Green people, empresa que tem entre outros Luciano Huck e Oscar Metsavaht na sociedade, far\u00e1 a doa\u00e7\u00e3o. Belo exemplo.<\/p>\n<p style=\"text-align: center;\"><strong>Astral Elevado<\/strong><\/p>\n<p style=\"text-align: center;\">Em meio \u00e0 pandemia do novo Coronav\u00edrus, a grife Maria Fil\u00f3 criou uma linha de camisetas para levantar o astral de todos. A ideia \u00e9 vestir, literalmente, a positividade, com estampas como \u201cMore Amore\u201d e \u201cAll we need, is&#8230; amor\u201d. As pe\u00e7as est\u00e3o 40% de desconto na loja virtual.<\/p>\n<p style=\"text-align: center;\"><span style=\"font-size: 14pt;\"><strong>Para Refletir<\/strong><\/span><\/p>\n<p style=\"text-align: center;\">Entre o momento que estamos vivendo e o momento futuro, seja como for espero o b\u00e1sico: que a gente consiga continuar se abastecendo de comida e de respeito pelos outros, que \u00e9 o que faz uma sociedade doente receber alta.<\/p>\n<div id=\"attachment_158816\" style=\"width: 690px\" class=\"wp-caption aligncenter\"><img loading=\"lazy\" decoding=\"async\" aria-describedby=\"caption-attachment-158816\" class=\"wp-image-158816\" src=\"https:\/\/diarioregionaldigital.com.br\/wp-content\/uploads\/2020\/04\/fotoaa-1-e1587609473686.jpeg\" alt=\"\" width=\"680\" height=\"541\" srcset=\"https:\/\/diarioregionaldigital.com.br\/wp-content\/uploads\/2020\/04\/fotoaa-1-e1587609473686.jpeg 629w, https:\/\/diarioregionaldigital.com.br\/wp-content\/uploads\/2020\/04\/fotoaa-1-e1587609473686-300x238.jpeg 300w, https:\/\/diarioregionaldigital.com.br\/wp-content\/uploads\/2020\/04\/fotoaa-1-e1587609473686-360x286.jpeg 360w\" sizes=\"auto, (max-width: 680px) 100vw, 680px\" \/><p id=\"caption-attachment-158816\" class=\"wp-caption-text\">Destaque de hoje o conceituado fisioterapeuta Lucas Santiago<\/p><\/div>\n<div id=\"attachment_158814\" style=\"width: 690px\" class=\"wp-caption aligncenter\"><img loading=\"lazy\" decoding=\"async\" aria-describedby=\"caption-attachment-158814\" class=\"wp-image-158814\" src=\"https:\/\/diarioregionaldigital.com.br\/wp-content\/uploads\/2020\/04\/fotoj-6-e1587609372435.jpg\" alt=\"\" width=\"680\" height=\"478\" srcset=\"https:\/\/diarioregionaldigital.com.br\/wp-content\/uploads\/2020\/04\/fotoj-6-e1587609372435.jpg 1828w, https:\/\/diarioregionaldigital.com.br\/wp-content\/uploads\/2020\/04\/fotoj-6-e1587609372435-300x210.jpg 300w, https:\/\/diarioregionaldigital.com.br\/wp-content\/uploads\/2020\/04\/fotoj-6-e1587609372435-768x539.jpg 768w, https:\/\/diarioregionaldigital.com.br\/wp-content\/uploads\/2020\/04\/fotoj-6-e1587609372435-1024x719.jpg 1024w, https:\/\/diarioregionaldigital.com.br\/wp-content\/uploads\/2020\/04\/fotoj-6-e1587609372435-360x253.jpg 360w, https:\/\/diarioregionaldigital.com.br\/wp-content\/uploads\/2020\/04\/fotoj-6-e1587609372435-100x70.jpg 100w\" sizes=\"auto, (max-width: 680px) 100vw, 680px\" \/><p id=\"caption-attachment-158814\" class=\"wp-caption-text\">A bonita flamenguista Erika Beire, no Trade Hotel<\/p><\/div>\n<div id=\"attachment_158817\" style=\"width: 690px\" class=\"wp-caption aligncenter\"><img loading=\"lazy\" decoding=\"async\" aria-describedby=\"caption-attachment-158817\" class=\"wp-image-158817\" src=\"https:\/\/diarioregionaldigital.com.br\/wp-content\/uploads\/2020\/04\/fotob-13-e1587609515228.jpg\" alt=\"\" width=\"680\" height=\"503\" srcset=\"https:\/\/diarioregionaldigital.com.br\/wp-content\/uploads\/2020\/04\/fotob-13-e1587609515228.jpg 1487w, https:\/\/diarioregionaldigital.com.br\/wp-content\/uploads\/2020\/04\/fotob-13-e1587609515228-300x222.jpg 300w, https:\/\/diarioregionaldigital.com.br\/wp-content\/uploads\/2020\/04\/fotob-13-e1587609515228-768x568.jpg 768w, https:\/\/diarioregionaldigital.com.br\/wp-content\/uploads\/2020\/04\/fotob-13-e1587609515228-1024x757.jpg 1024w, https:\/\/diarioregionaldigital.com.br\/wp-content\/uploads\/2020\/04\/fotob-13-e1587609515228-360x266.jpg 360w\" sizes=\"auto, (max-width: 680px) 100vw, 680px\" \/><p id=\"caption-attachment-158817\" class=\"wp-caption-text\">O coiffeur do Sal\u00e3o Ideali Carlos Badico, preferido entre 9 a 10 estrelas da sociedade de Juiz de Fora<\/p><\/div>\n<div id=\"attachment_158818\" style=\"width: 690px\" class=\"wp-caption aligncenter\"><img loading=\"lazy\" decoding=\"async\" aria-describedby=\"caption-attachment-158818\" class=\"wp-image-158818\" src=\"https:\/\/diarioregionaldigital.com.br\/wp-content\/uploads\/2020\/04\/fotoc-13-e1587609598351.jpg\" alt=\"\" width=\"680\" height=\"602\" srcset=\"https:\/\/diarioregionaldigital.com.br\/wp-content\/uploads\/2020\/04\/fotoc-13-e1587609598351.jpg 1623w, https:\/\/diarioregionaldigital.com.br\/wp-content\/uploads\/2020\/04\/fotoc-13-e1587609598351-300x265.jpg 300w, https:\/\/diarioregionaldigital.com.br\/wp-content\/uploads\/2020\/04\/fotoc-13-e1587609598351-768x680.jpg 768w, https:\/\/diarioregionaldigital.com.br\/wp-content\/uploads\/2020\/04\/fotoc-13-e1587609598351-1024x906.jpg 1024w, https:\/\/diarioregionaldigital.com.br\/wp-content\/uploads\/2020\/04\/fotoc-13-e1587609598351-360x319.jpg 360w, https:\/\/diarioregionaldigital.com.br\/wp-content\/uploads\/2020\/04\/fotoc-13-e1587609598351-555x490.jpg 555w\" sizes=\"auto, (max-width: 680px) 100vw, 680px\" \/><p id=\"caption-attachment-158818\" class=\"wp-caption-text\">A bonita psic\u00f3loga Vivian Werneck Her\u00e9dia Alvim, esperando dias melhores para se feliz<\/p><\/div>\n<div id=\"attachment_158813\" style=\"width: 690px\" class=\"wp-caption aligncenter\"><img loading=\"lazy\" decoding=\"async\" aria-describedby=\"caption-attachment-158813\" class=\"wp-image-158813\" src=\"https:\/\/diarioregionaldigital.com.br\/wp-content\/uploads\/2020\/04\/fotoi-10-e1587609319304.jpg\" alt=\"\" width=\"680\" height=\"457\" srcset=\"https:\/\/diarioregionaldigital.com.br\/wp-content\/uploads\/2020\/04\/fotoi-10-e1587609319304.jpg 2056w, https:\/\/diarioregionaldigital.com.br\/wp-content\/uploads\/2020\/04\/fotoi-10-e1587609319304-300x202.jpg 300w, https:\/\/diarioregionaldigital.com.br\/wp-content\/uploads\/2020\/04\/fotoi-10-e1587609319304-768x517.jpg 768w, https:\/\/diarioregionaldigital.com.br\/wp-content\/uploads\/2020\/04\/fotoi-10-e1587609319304-1024x689.jpg 1024w, https:\/\/diarioregionaldigital.com.br\/wp-content\/uploads\/2020\/04\/fotoi-10-e1587609319304-360x242.jpg 360w\" sizes=\"auto, (max-width: 680px) 100vw, 680px\" \/><p id=\"caption-attachment-158813\" class=\"wp-caption-text\">O competente odont\u00f3logo de astros e estrelas, Fernando Cruz<\/p><\/div>\n<div id=\"attachment_158812\" style=\"width: 690px\" class=\"wp-caption aligncenter\"><img loading=\"lazy\" decoding=\"async\" aria-describedby=\"caption-attachment-158812\" class=\"wp-image-158812\" src=\"https:\/\/diarioregionaldigital.com.br\/wp-content\/uploads\/2020\/04\/fotoh-13-e1587609203774.jpg\" alt=\"\" width=\"680\" height=\"514\" srcset=\"https:\/\/diarioregionaldigital.com.br\/wp-content\/uploads\/2020\/04\/fotoh-13-e1587609203774.jpg 1590w, https:\/\/diarioregionaldigital.com.br\/wp-content\/uploads\/2020\/04\/fotoh-13-e1587609203774-300x227.jpg 300w, https:\/\/diarioregionaldigital.com.br\/wp-content\/uploads\/2020\/04\/fotoh-13-e1587609203774-768x581.jpg 768w, https:\/\/diarioregionaldigital.com.br\/wp-content\/uploads\/2020\/04\/fotoh-13-e1587609203774-1024x775.jpg 1024w, https:\/\/diarioregionaldigital.com.br\/wp-content\/uploads\/2020\/04\/fotoh-13-e1587609203774-360x272.jpg 360w\" sizes=\"auto, (max-width: 680px) 100vw, 680px\" \/><p id=\"caption-attachment-158812\" class=\"wp-caption-text\">O outono de Renan Teixeira, em sintonia com pensamento positivo<\/p><\/div>\n<div id=\"attachment_158846\" style=\"width: 690px\" class=\"wp-caption aligncenter\"><img loading=\"lazy\" decoding=\"async\" aria-describedby=\"caption-attachment-158846\" class=\"wp-image-158846\" src=\"https:\/\/diarioregionaldigital.com.br\/wp-content\/uploads\/2020\/04\/fotoa-13-e1587609053645.jpg\" alt=\"\" width=\"680\" height=\"531\" srcset=\"https:\/\/diarioregionaldigital.com.br\/wp-content\/uploads\/2020\/04\/fotoa-13-e1587609053645.jpg 1710w, https:\/\/diarioregionaldigital.com.br\/wp-content\/uploads\/2020\/04\/fotoa-13-e1587609053645-300x234.jpg 300w, https:\/\/diarioregionaldigital.com.br\/wp-content\/uploads\/2020\/04\/fotoa-13-e1587609053645-768x600.jpg 768w, https:\/\/diarioregionaldigital.com.br\/wp-content\/uploads\/2020\/04\/fotoa-13-e1587609053645-1024x799.jpg 1024w, https:\/\/diarioregionaldigital.com.br\/wp-content\/uploads\/2020\/04\/fotoa-13-e1587609053645-360x281.jpg 360w\" sizes=\"auto, (max-width: 680px) 100vw, 680px\" \/><p id=\"caption-attachment-158846\" class=\"wp-caption-text\">O belo Cassiano Machado, esperando o isolamento social passar pra desfilar no Mr. Juiz de Fora 2020<\/p><\/div>\n<div id=\"attachment_158811\" style=\"width: 690px\" class=\"wp-caption aligncenter\"><img loading=\"lazy\" decoding=\"async\" aria-describedby=\"caption-attachment-158811\" class=\"wp-image-158811\" src=\"https:\/\/diarioregionaldigital.com.br\/wp-content\/uploads\/2020\/04\/fotog-13-e1587609125445.jpg\" alt=\"\" width=\"680\" height=\"513\" srcset=\"https:\/\/diarioregionaldigital.com.br\/wp-content\/uploads\/2020\/04\/fotog-13-e1587609125445.jpg 2029w, https:\/\/diarioregionaldigital.com.br\/wp-content\/uploads\/2020\/04\/fotog-13-e1587609125445-300x226.jpg 300w, https:\/\/diarioregionaldigital.com.br\/wp-content\/uploads\/2020\/04\/fotog-13-e1587609125445-768x579.jpg 768w, https:\/\/diarioregionaldigital.com.br\/wp-content\/uploads\/2020\/04\/fotog-13-e1587609125445-1024x772.jpg 1024w, https:\/\/diarioregionaldigital.com.br\/wp-content\/uploads\/2020\/04\/fotog-13-e1587609125445-360x271.jpg 360w\" sizes=\"auto, (max-width: 680px) 100vw, 680px\" \/><p id=\"caption-attachment-158811\" class=\"wp-caption-text\">Na Assunta, as elegantes Heliana Aglio, Wanda Magnolo e Silvana Paiva Pinto<\/p><\/div>\n<div id=\"attachment_158819\" style=\"width: 690px\" class=\"wp-caption aligncenter\"><img loading=\"lazy\" decoding=\"async\" aria-describedby=\"caption-attachment-158819\" class=\"wp-image-158819\" src=\"https:\/\/diarioregionaldigital.com.br\/wp-content\/uploads\/2020\/04\/fotod-13-e1587609825208.jpg\" alt=\"\" width=\"680\" height=\"471\" srcset=\"https:\/\/diarioregionaldigital.com.br\/wp-content\/uploads\/2020\/04\/fotod-13-e1587609825208.jpg 2468w, https:\/\/diarioregionaldigital.com.br\/wp-content\/uploads\/2020\/04\/fotod-13-e1587609825208-300x208.jpg 300w, https:\/\/diarioregionaldigital.com.br\/wp-content\/uploads\/2020\/04\/fotod-13-e1587609825208-768x532.jpg 768w, https:\/\/diarioregionaldigital.com.br\/wp-content\/uploads\/2020\/04\/fotod-13-e1587609825208-1024x709.jpg 1024w, https:\/\/diarioregionaldigital.com.br\/wp-content\/uploads\/2020\/04\/fotod-13-e1587609825208-360x249.jpg 360w, https:\/\/diarioregionaldigital.com.br\/wp-content\/uploads\/2020\/04\/fotod-13-e1587609825208-100x70.jpg 100w\" sizes=\"auto, (max-width: 680px) 100vw, 680px\" \/><p id=\"caption-attachment-158819\" class=\"wp-caption-text\">Antes da quarentena no Museu Mariano Proc\u00f3pio, nossa bela Miss Brasil 2019, J\u00falia Horta<\/p><\/div>\n<div id=\"attachment_158820\" style=\"width: 690px\" class=\"wp-caption aligncenter\"><img loading=\"lazy\" decoding=\"async\" aria-describedby=\"caption-attachment-158820\" class=\"wp-image-158820\" src=\"https:\/\/diarioregionaldigital.com.br\/wp-content\/uploads\/2020\/04\/fotoe-13.jpg\" alt=\"\" width=\"680\" height=\"468\" srcset=\"https:\/\/diarioregionaldigital.com.br\/wp-content\/uploads\/2020\/04\/fotoe-13.jpg 2544w, https:\/\/diarioregionaldigital.com.br\/wp-content\/uploads\/2020\/04\/fotoe-13-300x207.jpg 300w, https:\/\/diarioregionaldigital.com.br\/wp-content\/uploads\/2020\/04\/fotoe-13-768x529.jpg 768w, https:\/\/diarioregionaldigital.com.br\/wp-content\/uploads\/2020\/04\/fotoe-13-1024x705.jpg 1024w, https:\/\/diarioregionaldigital.com.br\/wp-content\/uploads\/2020\/04\/fotoe-13-360x248.jpg 360w, https:\/\/diarioregionaldigital.com.br\/wp-content\/uploads\/2020\/04\/fotoe-13-100x70.jpg 100w\" sizes=\"auto, (max-width: 680px) 100vw, 680px\" \/><p id=\"caption-attachment-158820\" class=\"wp-caption-text\">Luciane Ribeiro nos bons tempos em Berlim pelo grupo Butterfly<\/p><\/div>\n<div id=\"attachment_158821\" style=\"width: 690px\" class=\"wp-caption aligncenter\"><img loading=\"lazy\" decoding=\"async\" aria-describedby=\"caption-attachment-158821\" class=\"wp-image-158821\" src=\"https:\/\/diarioregionaldigital.com.br\/wp-content\/uploads\/2020\/04\/fotof-12-e1587609912778.jpg\" alt=\"\" width=\"680\" height=\"486\" srcset=\"https:\/\/diarioregionaldigital.com.br\/wp-content\/uploads\/2020\/04\/fotof-12-e1587609912778.jpg 1401w, https:\/\/diarioregionaldigital.com.br\/wp-content\/uploads\/2020\/04\/fotof-12-e1587609912778-300x215.jpg 300w, https:\/\/diarioregionaldigital.com.br\/wp-content\/uploads\/2020\/04\/fotof-12-e1587609912778-768x549.jpg 768w, https:\/\/diarioregionaldigital.com.br\/wp-content\/uploads\/2020\/04\/fotof-12-e1587609912778-1024x732.jpg 1024w, https:\/\/diarioregionaldigital.com.br\/wp-content\/uploads\/2020\/04\/fotof-12-e1587609912778-360x257.jpg 360w, https:\/\/diarioregionaldigital.com.br\/wp-content\/uploads\/2020\/04\/fotof-12-e1587609912778-100x70.jpg 100w\" sizes=\"auto, (max-width: 680px) 100vw, 680px\" \/><p id=\"caption-attachment-158821\" class=\"wp-caption-text\">Palmas para os premiados cineastas de JF, Christiano Andrade, Raony Farsura e Chester Marcone<\/p><\/div>\n<p style=\"text-align: center;\"><strong>FOTOSS\u00cdNTESE<\/strong><\/p>\n<p>Causou emo\u00e7\u00e3o a live da cantora Sandra Portella, com Mestre Jansen.<\/p>\n<p>O odont\u00f3logo Heverson San\u00e1bio passa o isolamento social em S\u00e3o Jos\u00e9 do Rio Preto (SP).<\/p>\n<p>Segundo o produtor musical Jo\u00e3o Marcelo Boscoli (filho de Elis Regina) as lives produzidas pelos cantores Marilia Mendon\u00e7a, Gustavo Lima e Bruno e Marrone com a quantidade de acessos e patroc\u00ednios pode ter rendimento a cada um deles mais de R$ 500mil reais.<\/p>\n<p>Luiza e Fabricio Toledo (ex-Gr\u00e1fica Tamoio) agora est\u00e3o com novidades em impress\u00e3o 5 estrelas. Eles montaram a Help! Gr\u00e1fica on-line e est\u00e3o produzindo material gr\u00e1fico de alt\u00edssima qualidade.<\/p>\n<p>Um ax\u00e9 muito especial para os amigos Helio F\u00e1del Marcelo Martinez.<\/p>\n<p>Ser\u00e1 exibido no dia 29 de abril, as 18h, no canal Brasil o show O Encontro Marcado com Fl\u00e1vio Venturini, S\u00e1 &amp; Guarabira e 14 Bis. Imperd\u00edvel.<\/p>\n<p>Perguntinha: Elei\u00e7\u00f5es municipais ser\u00e1 em outubro, novembro ou dezembro?<\/p>\n<p>Com a paralisa\u00e7\u00e3o de campeonatos o atleta Eberth Silv\u00e9rio (28 anos) lamenta a dificuldade para manter condicionamento f\u00edsico e se preparar para futuras competi\u00e7\u00f5es em corridas. No momento, treino e o bolso est\u00e3o impactados.<\/p>\n<p>A Associa\u00e7\u00e3o de Consumidores- Proteste criou, em seu site, um espa\u00e7o dedicado a divulga\u00e7\u00e3o sobre o novo Coronav\u00edrus e tirar d\u00favidas como fazer valer os seus direitos. Os conte\u00fados abrangem os temas de sa\u00fade alimenta\u00e7\u00e3o, tecnologia e finan\u00e7as.<\/p>\n<p>Para animar: O isolamento e a crise ir\u00e3o passar. Fique em casa lembrando que a rotina mudou mas a vida continua seguindo seu curso. Bom dia.<img loading=\"lazy\" decoding=\"async\" class=\"aligncenter size-full wp-image-158849\" src=\"https:\/\/diarioregionaldigital.com.br\/wp-content\/uploads\/2020\/04\/anuncio89.jpg\" alt=\"\" width=\"3540\" height=\"1356\" srcset=\"https:\/\/diarioregionaldigital.com.br\/wp-content\/uploads\/2020\/04\/anuncio89.jpg 3540w, https:\/\/diarioregionaldigital.com.br\/wp-content\/uploads\/2020\/04\/anuncio89-300x115.jpg 300w, https:\/\/diarioregionaldigital.com.br\/wp-content\/uploads\/2020\/04\/anuncio89-768x294.jpg 768w, https:\/\/diarioregionaldigital.com.br\/wp-content\/uploads\/2020\/04\/anuncio89-1024x392.jpg 1024w, https:\/\/diarioregionaldigital.com.br\/wp-content\/uploads\/2020\/04\/anuncio89-360x138.jpg 360w\" sizes=\"auto, (max-width: 3540px) 100vw, 3540px\" \/><\/p>\n<p>&nbsp;<\/p>\n<p>&nbsp;<\/p>\n","protected":false},"excerpt":{"rendered":"<p>Futebol Pensando em balan\u00e7ar as redes, as federa\u00e7\u00f5es de futebol fizeram muita s reuni\u00f5es nos \u00faltimos dias. \u00c9 quase um consenso que desejam a volta dos campeonatos em maio \u2013 contudo, sem p\u00fablico. Os jogadores ficariam em confinamento em hot\u00e9is e de l\u00e1 s\u00f3 sairiam para treinar e jogar. Claro que tudo isso tem que [&hellip;]<\/p>\n","protected":false},"author":96,"featured_media":158816,"comment_status":"closed","ping_status":"closed","sticky":false,"template":"","format":"standard","meta":{"footnotes":""},"categories":[264],"tags":[],"class_list":["post-158847","post","type-post","status-publish","format-standard","has-post-thumbnail","hentry","category-eduardo-gomes"],"_links":{"self":[{"href":"https:\/\/diarioregionaldigital.com.br\/index.php?rest_route=\/wp\/v2\/posts\/158847","targetHints":{"allow":["GET"]}}],"collection":[{"href":"https:\/\/diarioregionaldigital.com.br\/index.php?rest_route=\/wp\/v2\/posts"}],"about":[{"href":"https:\/\/diarioregionaldigital.com.br\/index.php?rest_route=\/wp\/v2\/types\/post"}],"author":[{"embeddable":true,"href":"https:\/\/diarioregionaldigital.com.br\/index.php?rest_route=\/wp\/v2\/users\/96"}],"replies":[{"embeddable":true,"href":"https:\/\/diarioregionaldigital.com.br\/index.php?rest_route=%2Fwp%2Fv2%2Fcomments&post=158847"}],"version-history":[{"count":0,"href":"https:\/\/diarioregionaldigital.com.br\/index.php?rest_route=\/wp\/v2\/posts\/158847\/revisions"}],"wp:featuredmedia":[{"embeddable":true,"href":"https:\/\/diarioregionaldigital.com.br\/index.php?rest_route=\/wp\/v2\/media\/158816"}],"wp:attachment":[{"href":"https:\/\/diarioregionaldigital.com.br\/index.php?rest_route=%2Fwp%2Fv2%2Fmedia&parent=158847"}],"wp:term":[{"taxonomy":"category","embeddable":true,"href":"https:\/\/diarioregionaldigital.com.br\/index.php?rest_route=%2Fwp%2Fv2%2Fcategories&post=158847"},{"taxonomy":"post_tag","embeddable":true,"href":"https:\/\/diarioregionaldigital.com.br\/index.php?rest_route=%2Fwp%2Fv2%2Ftags&post=158847"}],"curies":[{"name":"wp","href":"https:\/\/api.w.org\/{rel}","templated":true}]}}