{"id":158843,"date":"2020-04-22T20:28:38","date_gmt":"2020-04-22T23:28:38","guid":{"rendered":"https:\/\/diarioregionaldigital.com.br\/?p=158843"},"modified":"2020-04-22T20:28:38","modified_gmt":"2020-04-22T23:28:38","slug":"minas-gerais-esta-desacelerando-a-transmissao-da-covid-19","status":"publish","type":"post","link":"https:\/\/diarioregionaldigital.com.br\/?p=158843","title":{"rendered":"Minas Gerais est\u00e1 desacelerando a transmiss\u00e3o da Covid-19"},"content":{"rendered":"<div class=\"clear \">\n<p>Estudo divulgado nesta quarta-feira (22\/4) pela\u00a0Secretaria de Estado de Sa\u00fade (SES-MG)\u00a0demonstra diminui\u00e7\u00e3o da intensidade de cont\u00e1gio pelo coronav\u00edrus. Os n\u00fameros foram apresentados em entrevista coletiva virtual concedida , na Cidade Administrativa, pelo secret\u00e1rio de Estado de Sa\u00fade, Carlos Eduardo Amaral, e pelo secret\u00e1rio adjunto\u00a0de Sa\u00fade, Marcelo Cabral.<\/p>\n<p>De acordo com o levantamento, o pico do n\u00famero de casos nas curvas de evolu\u00e7\u00e3o da doen\u00e7a seria atingido em 3 de junho, quando haveria 3.583 pessoas demandando os servi\u00e7os de sa\u00fade por conta da Covid-19. Na semana anterior, as an\u00e1lises indicavam estimativa de 4.290 casos ao final do m\u00eas de maio.<\/p>\n<p>Na coletiva, o secret\u00e1rio tamb\u00e9m mencionou os n\u00fameros totais da doen\u00e7a, publicados em Boletim Epidemiol\u00f3gico. Minas registra, no momento, 1.283 casos confirmados, 47 \u00f3bitos confirmados<\/p>\n<p>\u201cN\u00f3s tivemos um incremento de casos, mas mais em fun\u00e7\u00e3o do aumento do n\u00famero de exames do que uma mudan\u00e7a da forma como o v\u00edrus est\u00e1 circulando\u201d, explicou Carlos Eduardo Amaral. Segundo o gestor, j\u00e1 foram realizados 10.084 testes pelos laborat\u00f3rios integrantes da Rede Estadual, restando cerca de 900 amostras que aguardam conclus\u00e3o. \u201cIsso \u00e9 equacionado com aproximadamente dois dias de trabalho da\u00a0Funed\u201d, declarou.<\/p>\n<p>Amaral ressaltou que o Estado tem sua estrutura de leitos monitorada, contando, em rela\u00e7\u00e3o \u00e0 terapia intensiva, com 2.013 leitos para atendimento pelo SUS. Outros 50 leitos j\u00e1 est\u00e3o ativados por meio da\u00a0Rede Fhemig, podendo ter imediata utiliza\u00e7\u00e3o, e ainda h\u00e1 380 em fase de habilita\u00e7\u00e3o junto ao Minist\u00e9rio da Sa\u00fade. \u201cNossa ocupa\u00e7\u00e3o atual tem um \u00edndice de 52% e h\u00e1 76 pacientes internados por suspeitas para Covid-19&#8243;, disse.<\/p>\n<p>Ainda de acordo com o secret\u00e1rio, o receio de que ocorra subnotifica\u00e7\u00e3o de \u00f3bitos \u00e9 infundado, pois h\u00e1 mecanismos estruturados para monitoramento desse indicador de sa\u00fade. Segundo\u00a0Amaral, todos os casos de s\u00edndrome gripal s\u00e3o notificados, o que gera uma alta sensibilidade, independentemente de o caso ser grave ou n\u00e3o,\u00a0ou ser localizado em um munic\u00edpio com muitos ou poucos casos.<\/p>\n<p>Posteriormente, todos os pacientes internados com suspeita da Covid-19 t\u00eam seu exame colhido, sobretudo se houver quadro grave. Al\u00e9m disso, h\u00e1 acompanhamento de pacientes que se internam por S\u00edndrome Respirat\u00f3ria Aguda Grave (SRAG) e que n\u00e3o t\u00eam rela\u00e7\u00e3o direta com a Covid. Finalmente, os \u00f3bitos t\u00eam sua causa apurada posteriormente, de modo a verificar se h\u00e1 rela\u00e7\u00e3o com a Covid-19 ou n\u00e3o. \u201cPortanto, quanto a relacionar o n\u00famero relativamente baixo de \u00f3bitos com eventual subnotifica\u00e7\u00e3o, eu sou capaz de afirmar que a chance de haver v\u00ednculo \u00e9 muito baixa, pois n\u00f3s temos quatro mecanismos de controle\u201d, esclareceu.<\/p>\n<p>Outro destaque feito pelo secret\u00e1rio \u00e9 de que\u00a0o n\u00famero de \u00f3bitos descartados \u00e9 consideravelmente maior do que aqueles ainda em investiga\u00e7\u00e3o, o que indica que n\u00e3o h\u00e1 demora na avalia\u00e7\u00e3o dos casos suspeitos. \u201cS\u00e3o 325 \u00f3bitos descartados e 78 que est\u00e3o em investiga\u00e7\u00e3o. N\u00e3o se trata de atraso ou demora, mas sim de uma avalia\u00e7\u00e3o zelosa e criteriosa\u201d, comentou.<\/p>\n<p><strong>Legisla\u00e7\u00e3o<\/strong><\/p>\n<p>A respeito da obrigatoriedade do uso de m\u00e1scaras, o\u00a0secret\u00e1rio adjunto de Sa\u00fade, Marcelo Cabral, destacou que ainda \u00e9 demandado tempo para que a popula\u00e7\u00e3o possa aderir corretamente \u00e0 pr\u00e1tica. \u201cO importante, e vemos n\u00e3o s\u00f3 os \u00f3rg\u00e3os de sa\u00fade se manifestando sobre isso, mas tamb\u00e9m a imprensa dando orienta\u00e7\u00f5es quase que diariamente, \u00e9 higienizar as m\u00e3os antes de manusear as m\u00e1scaras, fazer sua coloca\u00e7\u00e3o da maneira adequada\u201d. refor\u00e7ou.<\/p>\n<p>Cabral lembrou, por outro lado, que os estabelecimentos que n\u00e3o estiverem observando o que prescreve a legisla\u00e7\u00e3o de sa\u00fade podem sofrer penalidades,\u00a0como multas, reten\u00e7\u00e3o de produtos, entre outras. \u201cA fiscaliza\u00e7\u00e3o \u00e9 feita pela Vigil\u00e2ncia Sanit\u00e1ria dos munic\u00edpios e o descumprimento das determina\u00e7\u00f5es pode gerar puni\u00e7\u00e3o \u00e0s eventuais infra\u00e7\u00f5es\u201d, explicou.<\/p>\n<p>Quanto \u00e0 montagem de novos hospitais de campanha, Marcelo Cabral apontou que, no momento, somente h\u00e1 inten\u00e7\u00e3o de que o Estado gerencie de forma direta a estrutura montada no Expominas, em Belo Horizonte, mas que isso n\u00e3o impede que os munic\u00edpios, dentro de sua autonomia, possam tamb\u00e9m montar estruturas pr\u00f3prias. J\u00e1 em rela\u00e7\u00e3o ao aproveitamento dos equipamentos ap\u00f3s a pandemia, afirmou\u00a0que os materiais podem ser alocados facilmente na Rede de Sa\u00fade.<\/p>\n<\/div>\n<p>&nbsp;<\/p>\n<p><strong>Fonte:<\/strong>\u00a0Ag\u00eancia Minas<\/p>\n","protected":false},"excerpt":{"rendered":"<p>Estudo divulgado nesta quarta-feira (22\/4) pela\u00a0Secretaria de Estado de Sa\u00fade (SES-MG)\u00a0demonstra diminui\u00e7\u00e3o da intensidade de cont\u00e1gio pelo coronav\u00edrus. Os n\u00fameros foram apresentados em entrevista coletiva virtual concedida , na Cidade Administrativa, pelo secret\u00e1rio de Estado de Sa\u00fade, Carlos Eduardo Amaral, e pelo secret\u00e1rio adjunto\u00a0de Sa\u00fade, Marcelo Cabral. De acordo com o levantamento, o pico do [&hellip;]<\/p>\n","protected":false},"author":96,"featured_media":158844,"comment_status":"closed","ping_status":"closed","sticky":false,"template":"","format":"standard","meta":{"footnotes":""},"categories":[436,440,252,439],"tags":[],"class_list":["post-158843","post","type-post","status-publish","format-standard","has-post-thumbnail","hentry","category-destaque-da-semana","category-destaques-do-dia","category-regiao","category-ultima-hora"],"_links":{"self":[{"href":"https:\/\/diarioregionaldigital.com.br\/index.php?rest_route=\/wp\/v2\/posts\/158843","targetHints":{"allow":["GET"]}}],"collection":[{"href":"https:\/\/diarioregionaldigital.com.br\/index.php?rest_route=\/wp\/v2\/posts"}],"about":[{"href":"https:\/\/diarioregionaldigital.com.br\/index.php?rest_route=\/wp\/v2\/types\/post"}],"author":[{"embeddable":true,"href":"https:\/\/diarioregionaldigital.com.br\/index.php?rest_route=\/wp\/v2\/users\/96"}],"replies":[{"embeddable":true,"href":"https:\/\/diarioregionaldigital.com.br\/index.php?rest_route=%2Fwp%2Fv2%2Fcomments&post=158843"}],"version-history":[{"count":0,"href":"https:\/\/diarioregionaldigital.com.br\/index.php?rest_route=\/wp\/v2\/posts\/158843\/revisions"}],"wp:featuredmedia":[{"embeddable":true,"href":"https:\/\/diarioregionaldigital.com.br\/index.php?rest_route=\/wp\/v2\/media\/158844"}],"wp:attachment":[{"href":"https:\/\/diarioregionaldigital.com.br\/index.php?rest_route=%2Fwp%2Fv2%2Fmedia&parent=158843"}],"wp:term":[{"taxonomy":"category","embeddable":true,"href":"https:\/\/diarioregionaldigital.com.br\/index.php?rest_route=%2Fwp%2Fv2%2Fcategories&post=158843"},{"taxonomy":"post_tag","embeddable":true,"href":"https:\/\/diarioregionaldigital.com.br\/index.php?rest_route=%2Fwp%2Fv2%2Ftags&post=158843"}],"curies":[{"name":"wp","href":"https:\/\/api.w.org\/{rel}","templated":true}]}}