{"id":158840,"date":"2020-04-22T20:25:44","date_gmt":"2020-04-22T23:25:44","guid":{"rendered":"https:\/\/diarioregionaldigital.com.br\/?p=158840"},"modified":"2020-04-22T20:25:44","modified_gmt":"2020-04-22T23:25:44","slug":"jogos-olimpicos-membro-do-comite-organizador-e-diagnosticado-com-coronavirus","status":"publish","type":"post","link":"https:\/\/diarioregionaldigital.com.br\/?p=158840","title":{"rendered":"Jogos Ol\u00edmpicos: membro do comit\u00ea organizador \u00e9 diagnosticado com Coronav\u00edrus"},"content":{"rendered":"<p>Um membro do comit\u00ea organizador dos Jogos Ol\u00edmpicos de T\u00f3quio, foi diagnosticado com Coronav\u00edrus. A informa\u00e7\u00e3o foi confirmada pelo pr\u00f3prio comit\u00ea e o mesmo diz que se trata de um homem de 30 anos. O resultado do teste foi conhecido nesta \u00faltima ter\u00e7a-feira e, desde ent\u00e3o, o homem foi colocado em quarentena em sua resid\u00eancia.<\/p>\n<p>Diante do fato, o comit\u00ea emitiu um comunicado oficial e diz que est\u00e1 tomando as devidas provid\u00eancias, para garantir a seguran\u00e7a de todos os 3.800 funcion\u00e1rios que trabalham na entidade:<\/p>\n<p>\u201cO Comit\u00ea Organizador identificou aqueles que tiveram contato pr\u00f3ximo com o infectado e todos entraram em isolamento dom\u00e9stico a partir de hoje (quarta-feira). Al\u00e9m disso, o andar em que o indiv\u00edduo trabalhava ser\u00e1 fechado e desinfetado.\u201d<\/p>\n<p>As Olimp\u00edadas que seriam realizadas em julho deste ano tiveram que ser adiadas para 2021, assim como os Jogos Paral\u00edmpicos. Foi definido que a edi\u00e7\u00e3o dos Jogos Ol\u00edmpicos de T\u00f3quio ser\u00e3o realizados entre os dias 23 e 8 de agosto de 2021 e a realiza\u00e7\u00e3o dos Jogos Paral\u00edmpicos acontecer\u00e1 entre os dias 24 de agosto e 5 de setembro do pr\u00f3ximo ano.<\/p>\n<p>Em sua 32\u00aa edi\u00e7\u00e3o, a previs\u00e3o era de que 11 mil atletas, de pelo menos 204 pa\u00edses, disputassem os Jogos Ol\u00edmpicos, distribu\u00eddos por 33 esportes. O COI e o Comit\u00ea Organizador do Jap\u00e3o tinham estimativa de que as provas recebessem at\u00e9 5 milh\u00f5es de espectadores de todo o mundo, nos 43 locais de disputas.<\/p>\n<p>&nbsp;<\/p>\n<p>&nbsp;<\/p>\n","protected":false},"excerpt":{"rendered":"<p>Um membro do comit\u00ea organizador dos Jogos Ol\u00edmpicos de T\u00f3quio, foi diagnosticado com Coronav\u00edrus. A informa\u00e7\u00e3o foi confirmada pelo pr\u00f3prio comit\u00ea e o mesmo diz que se trata de um homem de 30 anos. O resultado do teste foi conhecido nesta \u00faltima ter\u00e7a-feira e, desde ent\u00e3o, o homem foi colocado em quarentena em sua resid\u00eancia. [&hellip;]<\/p>\n","protected":false},"author":96,"featured_media":158841,"comment_status":"closed","ping_status":"closed","sticky":false,"template":"","format":"standard","meta":{"footnotes":""},"categories":[436,257,439],"tags":[],"class_list":["post-158840","post","type-post","status-publish","format-standard","has-post-thumbnail","hentry","category-destaque-da-semana","category-esporte","category-ultima-hora"],"_links":{"self":[{"href":"https:\/\/diarioregionaldigital.com.br\/index.php?rest_route=\/wp\/v2\/posts\/158840","targetHints":{"allow":["GET"]}}],"collection":[{"href":"https:\/\/diarioregionaldigital.com.br\/index.php?rest_route=\/wp\/v2\/posts"}],"about":[{"href":"https:\/\/diarioregionaldigital.com.br\/index.php?rest_route=\/wp\/v2\/types\/post"}],"author":[{"embeddable":true,"href":"https:\/\/diarioregionaldigital.com.br\/index.php?rest_route=\/wp\/v2\/users\/96"}],"replies":[{"embeddable":true,"href":"https:\/\/diarioregionaldigital.com.br\/index.php?rest_route=%2Fwp%2Fv2%2Fcomments&post=158840"}],"version-history":[{"count":0,"href":"https:\/\/diarioregionaldigital.com.br\/index.php?rest_route=\/wp\/v2\/posts\/158840\/revisions"}],"wp:featuredmedia":[{"embeddable":true,"href":"https:\/\/diarioregionaldigital.com.br\/index.php?rest_route=\/wp\/v2\/media\/158841"}],"wp:attachment":[{"href":"https:\/\/diarioregionaldigital.com.br\/index.php?rest_route=%2Fwp%2Fv2%2Fmedia&parent=158840"}],"wp:term":[{"taxonomy":"category","embeddable":true,"href":"https:\/\/diarioregionaldigital.com.br\/index.php?rest_route=%2Fwp%2Fv2%2Fcategories&post=158840"},{"taxonomy":"post_tag","embeddable":true,"href":"https:\/\/diarioregionaldigital.com.br\/index.php?rest_route=%2Fwp%2Fv2%2Ftags&post=158840"}],"curies":[{"name":"wp","href":"https:\/\/api.w.org\/{rel}","templated":true}]}}