{"id":158837,"date":"2020-04-22T20:23:52","date_gmt":"2020-04-22T23:23:52","guid":{"rendered":"https:\/\/diarioregionaldigital.com.br\/?p=158837"},"modified":"2020-04-22T20:23:52","modified_gmt":"2020-04-22T23:23:52","slug":"f1-projeta-inicio-de-temporada-em-julho","status":"publish","type":"post","link":"https:\/\/diarioregionaldigital.com.br\/?p=158837","title":{"rendered":"F1 projeta in\u00edcio de temporada em julho"},"content":{"rendered":"<p>Os dirigentes da F1, ap\u00f3s reuni\u00e3o com integrantes das 10 equipes, projetam o in\u00edcio da temporada 2020 no m\u00eas de julho, mas com port\u00f5es fechados devido \u00e0 epidemia do Coronav\u00edrus. Diante da possibilidade, o circuito de Spielberg na \u00c1ustria, propriedade da RBR, se candidatou para receber duas corridas em sequ\u00eancia, neste caso, nos dias 5 e 12 de julho. Segundo informa\u00e7\u00f5es, o novo calend\u00e1rio deve ser definido na pr\u00f3xima semana.<\/p>\n<p>Al\u00e9m disso, a regi\u00e3o que recebe a principal categoria do automobilismo mundial, \u00e9 considerada rural e \u00e9 afastada das principais cidades do pa\u00eds europeu. Diante da situa\u00e7\u00e3o, a ideia \u00e9 levar todos os jornalistas para os hot\u00e9is, que tamb\u00e9m pertencem a RBR. J\u00e1 \u00e9 certo que n\u00e3o haver\u00e1 credenciamento de m\u00eddia para as provas austr\u00edacas, e apenas estar\u00e3o no circuito os respons\u00e1veis pela transmiss\u00e3o de TV e tr\u00eas fot\u00f3grafos oficiais.<\/p>\n<p>Outro circuito que tamb\u00e9m se candidatou para sediar duas provas \u00e9 Silverstone na Inglaterra, no entanto, isso depende da libera\u00e7\u00e3o das autoridades locais.<\/p>\n<p>Pelos pr\u00f3ximos dias, devem ser anunciados os cancelamentos das corridas de Fran\u00e7a e do Canad\u00e1. O primeiro devido ao aumento das restri\u00e7\u00f5es a eventos p\u00fablicos, e o segundo porque n\u00e3o haveria datas dispon\u00edveis pela log\u00edstica complicada de se transportar equipamentos e pessoas da Europa para outro continente e vice-versa.<\/p>\n<p><strong>Situa\u00e7\u00e3o do GP do Brasil<\/strong><\/p>\n<p><strong>\u00a0\u00a0\u00a0\u00a0\u00a0\u00a0\u00a0\u00a0\u00a0 <\/strong>Em seu \u00faltimo ano de contrato com a F1, o aut\u00f3dromo de Interlagos em S\u00e3o Paulo corre risco de ficar de fora do calend\u00e1rio da temporada. O motivo \u00e9 a log\u00edstica das equipes e tamb\u00e9m no transporte dos equipamentos, uma vez que a Am\u00e9rica do Sul \u00e9 um continente distante do epicentro da F1.<\/p>\n<p>At\u00e9 o momento a Liberty Media, empresa que dirige a F1, ainda n\u00e3o se manifestou sobre cancelamento da prova, que est\u00e1 marcada para ocorrer no dia 15 de novembro.<\/p>\n<p><strong>Outra alternativa<\/strong><\/p>\n<p><strong>\u00a0\u00a0\u00a0\u00a0\u00a0\u00a0\u00a0\u00a0\u00a0 <\/strong>Fora da F1 desde 2006, o Circuito de \u00cdmola, em Bolonha na It\u00e1lia, se ofereceu para entrar no calend\u00e1rio mas com port\u00f5es fechados, o que significa baixos custos para os administradores do aut\u00f3dromo.<\/p>\n<p>Respons\u00e1vel pelo circuito, Selvatico Estense disse que poderia abrigar o evento de gra\u00e7a devido \u00e0 crise econ\u00f4mica vivida pelas equipes da categoria:<\/p>\n<p>\u201cEsta situa\u00e7\u00e3o \u00e9 uma oportunidade para sermos candidatos a um grande pr\u00eamio nesta temporada. Eles precisam de algumas corridas para manter o contrato com a FIA e ter um campeonato mundial. Ent\u00e3o, por que n\u00e3o pensar em Imola? Obviamente, depende tamb\u00e9m das regras do governo, se elas nos permitirem fazer uma corrida dessas. \u00c9 claro que ofereceremos a pista de gra\u00e7a e, depois, falaremos sobre os custos, se poss\u00edvel\u201d.<\/p>\n<p>At\u00e9 o momento n\u00e3o h\u00e1 posi\u00e7\u00e3o oficial dos dirigentes da F1 sobre a nova proposta. O Circuito de \u00cdmola era sede do Grande Pr\u00eamio de San Marino, o qual ficou marcado pelas mortes de Ayrton Senna e do austr\u00edaco Roland Ratzemberger, ambos no mesmo fim de semana. A \u00faltima vez que foi palco da F1 foi em 2006 com vit\u00f3ria de Michael Schumacher.<\/p>\n","protected":false},"excerpt":{"rendered":"<p>Os dirigentes da F1, ap\u00f3s reuni\u00e3o com integrantes das 10 equipes, projetam o in\u00edcio da temporada 2020 no m\u00eas de julho, mas com port\u00f5es fechados devido \u00e0 epidemia do Coronav\u00edrus. Diante da possibilidade, o circuito de Spielberg na \u00c1ustria, propriedade da RBR, se candidatou para receber duas corridas em sequ\u00eancia, neste caso, nos dias 5 [&hellip;]<\/p>\n","protected":false},"author":96,"featured_media":158838,"comment_status":"closed","ping_status":"closed","sticky":false,"template":"","format":"standard","meta":{"footnotes":""},"categories":[436,257,439],"tags":[],"class_list":["post-158837","post","type-post","status-publish","format-standard","has-post-thumbnail","hentry","category-destaque-da-semana","category-esporte","category-ultima-hora"],"_links":{"self":[{"href":"https:\/\/diarioregionaldigital.com.br\/index.php?rest_route=\/wp\/v2\/posts\/158837","targetHints":{"allow":["GET"]}}],"collection":[{"href":"https:\/\/diarioregionaldigital.com.br\/index.php?rest_route=\/wp\/v2\/posts"}],"about":[{"href":"https:\/\/diarioregionaldigital.com.br\/index.php?rest_route=\/wp\/v2\/types\/post"}],"author":[{"embeddable":true,"href":"https:\/\/diarioregionaldigital.com.br\/index.php?rest_route=\/wp\/v2\/users\/96"}],"replies":[{"embeddable":true,"href":"https:\/\/diarioregionaldigital.com.br\/index.php?rest_route=%2Fwp%2Fv2%2Fcomments&post=158837"}],"version-history":[{"count":0,"href":"https:\/\/diarioregionaldigital.com.br\/index.php?rest_route=\/wp\/v2\/posts\/158837\/revisions"}],"wp:featuredmedia":[{"embeddable":true,"href":"https:\/\/diarioregionaldigital.com.br\/index.php?rest_route=\/wp\/v2\/media\/158838"}],"wp:attachment":[{"href":"https:\/\/diarioregionaldigital.com.br\/index.php?rest_route=%2Fwp%2Fv2%2Fmedia&parent=158837"}],"wp:term":[{"taxonomy":"category","embeddable":true,"href":"https:\/\/diarioregionaldigital.com.br\/index.php?rest_route=%2Fwp%2Fv2%2Fcategories&post=158837"},{"taxonomy":"post_tag","embeddable":true,"href":"https:\/\/diarioregionaldigital.com.br\/index.php?rest_route=%2Fwp%2Fv2%2Ftags&post=158837"}],"curies":[{"name":"wp","href":"https:\/\/api.w.org\/{rel}","templated":true}]}}