{"id":158834,"date":"2020-04-22T20:21:09","date_gmt":"2020-04-22T23:21:09","guid":{"rendered":"https:\/\/diarioregionaldigital.com.br\/?p=158834"},"modified":"2020-04-22T20:21:09","modified_gmt":"2020-04-22T23:21:09","slug":"obras-dos-estadios-da-copa-de-2022-sao-paralisadas-pelo-covid-19","status":"publish","type":"post","link":"https:\/\/diarioregionaldigital.com.br\/?p=158834","title":{"rendered":"Obras dos est\u00e1dios da Copa de 2022 s\u00e3o paralisadas pelo Covid-19"},"content":{"rendered":"<p>O Governo do Catar, determinou nessa quarta-feira (22), a suspens\u00e3o tempor\u00e1ria das constru\u00e7\u00f5es dos est\u00e1dios da Copa do Mundo de 2022, ap\u00f3s v\u00e1rios oper\u00e1rios testarem positivo para o Coronav\u00edrus. Segundo informa\u00e7\u00f5es, oito trabalhadores foram diagnosticados ap\u00f3s os exames e outros apresentaram sintomas da doen\u00e7a. Todos eles trabalham na constru\u00e7\u00e3o dos est\u00e1dios Al Thoumama, Al Rayyan e Al Bayat, tr\u00eas dos sete novos que est\u00e3o sendo erguidos para a Copa do Mundo.<\/p>\n<p>Segundo autoridades locais, h\u00e1 preocupa\u00e7\u00e3o tamb\u00e9m com o n\u00famero de contamina\u00e7\u00f5es pelo pa\u00eds, diante do fato, todas as obras visando a infra-estrutura do pa\u00eds tamb\u00e9m est\u00e3o suspensas.<\/p>\n<p>At\u00e9 o momento, 10 pessoas morreram de Covid-19 no pa\u00eds e desse grupo, 7 s\u00e3o imigrantes: \u00cdndia e Bangladesh, na \u00c1sia, de Uganda, na \u00c1frica e Paraguai na Am\u00e9rica do Sul.<\/p>\n<p><strong>Suspens\u00e3o do Ramad\u00e3<\/strong><\/p>\n<p><strong>\u00a0\u00a0\u00a0\u00a0\u00a0\u00a0\u00a0\u00a0\u00a0 <\/strong>Considerado o per\u00edodo mais sagrado para os mu\u00e7ulmanos, o Ramad\u00e3 tamb\u00e9m foi impactado pela epidemia do Coronav\u00edrus. Ao anoitecer desta quinta-feira (23), come\u00e7a o m\u00eas sagrado do islamismo, que este ano vai at\u00e9 23 de maio. Pela tradi\u00e7\u00e3o, os mu\u00e7ulmanos realizam o jejum total do nascer ao p\u00f4r do sol, al\u00e9m de longos per\u00edodos de ora\u00e7\u00e3o.<\/p>\n<p>No entanto, segundo o Governo do Catar, todas as mesquitas estar\u00e3o fechadas durante o per\u00edodo do Ramad\u00e3 e todas as cerim\u00f4nias religiosas p\u00fablicas tamb\u00e9m foram suspensas.<\/p>\n<p>&nbsp;<\/p>\n","protected":false},"excerpt":{"rendered":"<p>O Governo do Catar, determinou nessa quarta-feira (22), a suspens\u00e3o tempor\u00e1ria das constru\u00e7\u00f5es dos est\u00e1dios da Copa do Mundo de 2022, ap\u00f3s v\u00e1rios oper\u00e1rios testarem positivo para o Coronav\u00edrus. Segundo informa\u00e7\u00f5es, oito trabalhadores foram diagnosticados ap\u00f3s os exames e outros apresentaram sintomas da doen\u00e7a. Todos eles trabalham na constru\u00e7\u00e3o dos est\u00e1dios Al Thoumama, Al Rayyan [&hellip;]<\/p>\n","protected":false},"author":96,"featured_media":158835,"comment_status":"closed","ping_status":"closed","sticky":false,"template":"","format":"standard","meta":{"footnotes":""},"categories":[436,257,439],"tags":[],"class_list":["post-158834","post","type-post","status-publish","format-standard","has-post-thumbnail","hentry","category-destaque-da-semana","category-esporte","category-ultima-hora"],"_links":{"self":[{"href":"https:\/\/diarioregionaldigital.com.br\/index.php?rest_route=\/wp\/v2\/posts\/158834","targetHints":{"allow":["GET"]}}],"collection":[{"href":"https:\/\/diarioregionaldigital.com.br\/index.php?rest_route=\/wp\/v2\/posts"}],"about":[{"href":"https:\/\/diarioregionaldigital.com.br\/index.php?rest_route=\/wp\/v2\/types\/post"}],"author":[{"embeddable":true,"href":"https:\/\/diarioregionaldigital.com.br\/index.php?rest_route=\/wp\/v2\/users\/96"}],"replies":[{"embeddable":true,"href":"https:\/\/diarioregionaldigital.com.br\/index.php?rest_route=%2Fwp%2Fv2%2Fcomments&post=158834"}],"version-history":[{"count":0,"href":"https:\/\/diarioregionaldigital.com.br\/index.php?rest_route=\/wp\/v2\/posts\/158834\/revisions"}],"wp:featuredmedia":[{"embeddable":true,"href":"https:\/\/diarioregionaldigital.com.br\/index.php?rest_route=\/wp\/v2\/media\/158835"}],"wp:attachment":[{"href":"https:\/\/diarioregionaldigital.com.br\/index.php?rest_route=%2Fwp%2Fv2%2Fmedia&parent=158834"}],"wp:term":[{"taxonomy":"category","embeddable":true,"href":"https:\/\/diarioregionaldigital.com.br\/index.php?rest_route=%2Fwp%2Fv2%2Fcategories&post=158834"},{"taxonomy":"post_tag","embeddable":true,"href":"https:\/\/diarioregionaldigital.com.br\/index.php?rest_route=%2Fwp%2Fv2%2Ftags&post=158834"}],"curies":[{"name":"wp","href":"https:\/\/api.w.org\/{rel}","templated":true}]}}