{"id":158831,"date":"2020-04-22T20:18:50","date_gmt":"2020-04-22T23:18:50","guid":{"rendered":"https:\/\/diarioregionaldigital.com.br\/?p=158831"},"modified":"2020-04-22T20:18:50","modified_gmt":"2020-04-22T23:18:50","slug":"com-jogo-agressivo-e-impositivo-calderano-define-estrategia-para-toquio-2020-melhorar-o-que-ja-faco-bem","status":"publish","type":"post","link":"https:\/\/diarioregionaldigital.com.br\/?p=158831","title":{"rendered":"Com jogo agressivo e impositivo, Calderano define estrat\u00e9gia para T\u00f3quio 2020: \u201cMelhorar o que j\u00e1 fa\u00e7o bem\u201d"},"content":{"rendered":"<p>A maioria dos atletas tem dificuldade em responder \u00e0 seguinte pergunta: \u201cquem te inspira?\u201d Isso pode ser explicado pelas diversas vari\u00e1veis a serem consideradas, como personalidade, profiss\u00e3o e grandes feitos. Mas isso n\u00e3o se aplica ao mesatenista carioca Hugo Calderano, 23 anos, que voltou ao sexto lugar do ranking mundial e ao quarto do ranking ol\u00edmpico na lista mais recente divulgada pela ITTF. Como tudo na hist\u00f3ria dele, que nem se lembra mais como era a vida antes do esporte, escolher quem serve de exemplo tamb\u00e9m est\u00e1 ligado ao esporte: o piv\u00f4 norte-americano Shaquille O\u2019Neal, ouro nos Jogos Ol\u00edmpicos de Atlanta em 1996 e quatro vezes campe\u00e3o da NBA.<\/p>\n<p>\u201cTem v\u00e1rios atletas que admiro muito no esporte, que me inspiraram ou ainda inspiram. Um que sempre cito \u00e9 o Shaquille O\u2019Neal, pelo jogo bastante agressivo e tamb\u00e9m pela forma como ele dominava os advers\u00e1rios na quadra. Isso \u00e9 o que tento fazer na mesa\u201d.<\/p>\n<p>Se Calderano tenta dominar os advers\u00e1rios durante os jogos, \u00e9 poss\u00edvel afirmar que a vida dele \u00e9 dominada pelo t\u00eanis de mesa. \u201cN\u00e3o lembro quando foi a primeira vez que vi uma mesa de ping-pong. T\u00ednhamos uma no s\u00edtio em Teres\u00f3polis e brincava desde os dois anos. Praticava outros esportes quando era crian\u00e7a, mas desde cedo comecei a levar o t\u00eanis de mesa a s\u00e9rio. Ent\u00e3o, nem consigo lembrar como era a minha vida antes disso\u201d.<\/p>\n<p>Apesar de praticar t\u00eanis de mesa desde crian\u00e7a, Calderano n\u00e3o conseguiu atingir t\u00e3o cedo um n\u00edvel t\u00e9cnico semelhante ao dos atletas mais tradicionais do esporte, como China e Jap\u00e3o. Isto exige o uso de uma estrat\u00e9gia diferente para se manter entre os melhores do mundo: manter a prepara\u00e7\u00e3o mental e f\u00edsica sempre em dia, passando muitas horas na mesa e sendo criativo.<\/p>\n<p>\u201cTenho que correr um pouco atr\u00e1s na quest\u00e3o da t\u00e9cnica com os asi\u00e1ticos. Eles come\u00e7am a treinar desde muito cedo e tem uma base muito forte. No t\u00eanis de mesa \u00e9 muito importante o treinamento, a repeti\u00e7\u00e3o, para fixar a t\u00e9cnica e chegar perto deles. Mas acho que voc\u00ea pode tentar compensar de outras formas, como a parte mental e a f\u00edsica\u201d.<\/p>\n<p>\u201cSempre procuro ser bem criativo, inovar nos golpes. Mas acho que o principal fator para evoluir \u00e9 melhorar as coisas que j\u00e1 fa\u00e7o bem. Isso s\u00f3 vem com muito treino, horas na mesa e dedica\u00e7\u00e3o. Essas s\u00e3o as chaves para eu continuar evoluindo e ganhar dos melhores atletas\u201d.<\/p>\n<p>Na adolesc\u00eancia, o mesatenista chegou a ficar um per\u00edodo sem praticar o esporte pela aus\u00eancia de competi\u00e7\u00f5es estaduais. Mas o bom desempenho em torneios nacionais o levou a trocar o Rio de Janeiro por S\u00e3o Caetano do Sul, em busca de evolu\u00e7\u00e3o competitiva, na primeira de muitas mudan\u00e7as de cidade. A mais dif\u00edcil delas segue na mem\u00f3ria.<\/p>\n<p>\u201cA maior dificuldade que passei foi aos 16 anos, quando mudei do Brasil para a Fran\u00e7a e, ap\u00f3s um ano e meio, me machuquei e tive que voltar ao pa\u00eds para fazer uma cirurgia. N\u00e3o sei o que foi pior: morar longe da fam\u00edlia e do pa\u00eds ou voltar para ter que fazer uma cirurgia\u201d, revela Hugo, que, no mesmo ano, esteve nos Jogos Ol\u00edmpicos de Londres, atrav\u00e9s do projeto Viv\u00eancia Ol\u00edmpica do Comit\u00ea Ol\u00edmpico do Brasil (COB).<\/p>\n<p>Mas como tudo no esporte, quatro anos depois, Calderano viveria a maior alegria da vida esportiva. \u201cOs Jogos Ol\u00edmpicos Rio 2016 tiveram uma torcida incr\u00edvel. Foi uma experi\u00eancia que poucos atletas t\u00eam a oportunidade de viver. A partir dali o t\u00eanis de mesa tamb\u00e9m ficou mais popular no pa\u00eds\u201d.<\/p>\n<p>Apesar de jovem, o atleta j\u00e1 tem no curr\u00edculo quatro medalhas de ouro em Jogos Pan-americanos, uma de bronze nos Jogos Ol\u00edmpicos da Juventude Nanquim 2014 e foi o primeiro brasileiro a disputar uma final de etapa platinum do Circuito Mundial. Agora, ele se prepara para uma segunda experi\u00eancia nos Jogos Ol\u00edmpicos. E j\u00e1 imagina como ser\u00e1.<\/p>\n<p>\u201cToda vez que penso nos Jogos Ol\u00edmpicos de T\u00f3quio, sinto um fogo arder dentro do meu cora\u00e7\u00e3o. \u00c9 para esse momento que treino todo dia\u201d.<\/p>\n<p>&nbsp;<\/p>\n<p><strong>Fonte:<\/strong>\u00a0COB<\/p>\n","protected":false},"excerpt":{"rendered":"<p>A maioria dos atletas tem dificuldade em responder \u00e0 seguinte pergunta: \u201cquem te inspira?\u201d Isso pode ser explicado pelas diversas vari\u00e1veis a serem consideradas, como personalidade, profiss\u00e3o e grandes feitos. Mas isso n\u00e3o se aplica ao mesatenista carioca Hugo Calderano, 23 anos, que voltou ao sexto lugar do ranking mundial e ao quarto do ranking [&hellip;]<\/p>\n","protected":false},"author":96,"featured_media":158832,"comment_status":"closed","ping_status":"closed","sticky":false,"template":"","format":"standard","meta":{"footnotes":""},"categories":[436,257,439],"tags":[],"class_list":["post-158831","post","type-post","status-publish","format-standard","has-post-thumbnail","hentry","category-destaque-da-semana","category-esporte","category-ultima-hora"],"_links":{"self":[{"href":"https:\/\/diarioregionaldigital.com.br\/index.php?rest_route=\/wp\/v2\/posts\/158831","targetHints":{"allow":["GET"]}}],"collection":[{"href":"https:\/\/diarioregionaldigital.com.br\/index.php?rest_route=\/wp\/v2\/posts"}],"about":[{"href":"https:\/\/diarioregionaldigital.com.br\/index.php?rest_route=\/wp\/v2\/types\/post"}],"author":[{"embeddable":true,"href":"https:\/\/diarioregionaldigital.com.br\/index.php?rest_route=\/wp\/v2\/users\/96"}],"replies":[{"embeddable":true,"href":"https:\/\/diarioregionaldigital.com.br\/index.php?rest_route=%2Fwp%2Fv2%2Fcomments&post=158831"}],"version-history":[{"count":0,"href":"https:\/\/diarioregionaldigital.com.br\/index.php?rest_route=\/wp\/v2\/posts\/158831\/revisions"}],"wp:featuredmedia":[{"embeddable":true,"href":"https:\/\/diarioregionaldigital.com.br\/index.php?rest_route=\/wp\/v2\/media\/158832"}],"wp:attachment":[{"href":"https:\/\/diarioregionaldigital.com.br\/index.php?rest_route=%2Fwp%2Fv2%2Fmedia&parent=158831"}],"wp:term":[{"taxonomy":"category","embeddable":true,"href":"https:\/\/diarioregionaldigital.com.br\/index.php?rest_route=%2Fwp%2Fv2%2Fcategories&post=158831"},{"taxonomy":"post_tag","embeddable":true,"href":"https:\/\/diarioregionaldigital.com.br\/index.php?rest_route=%2Fwp%2Fv2%2Ftags&post=158831"}],"curies":[{"name":"wp","href":"https:\/\/api.w.org\/{rel}","templated":true}]}}