{"id":158809,"date":"2020-04-22T17:19:04","date_gmt":"2020-04-22T20:19:04","guid":{"rendered":"https:\/\/diarioregionaldigital.com.br\/?p=158809"},"modified":"2020-04-22T17:19:04","modified_gmt":"2020-04-22T20:19:04","slug":"covid-19-mortes-superam-29-mil-casos-confirmados-ultrapassam-45-mil","status":"publish","type":"post","link":"https:\/\/diarioregionaldigital.com.br\/?p=158809","title":{"rendered":"Covid-19: mortes superam 2,9 mil; casos confirmados ultrapassam 45 mil"},"content":{"rendered":"<p>O n\u00famero de mortes em raz\u00e3o da pandemia do novo coronav\u00edrus (covid-19) chegou a 2.906, conforme\u00a0balan\u00e7o mais recente divulgado hoje (22) pelo Minist\u00e9rio da Sa\u00fade. J\u00e1 os casos confirmados subiram para 45.757. O \u00edndice de letalidade ficou em 6,4%.<\/p>\n<p>O n\u00famero de \u00f3bitos marcou um aumento de 6% em rela\u00e7\u00e3o a ontem (21), quando foram registradas 2.741 v\u00edtimas de\u00a0covid-19. J\u00e1 os casos confirmados representaram um crescimento de 6,2% sobre os dados de ontem, quando foram contabilizadas 43.079 pessoas infectadas.<\/p>\n<p>S\u00e3o Paulo concentra o maior n\u00famero de falecimentos (1.134), quase tr\u00eas vezes o n\u00famero do segundo colocado, o Rio de Janeiro (490). Os estados s\u00e3o seguidos por Pernambuco (282), Cear\u00e1 (233) e Amazonas (207).<\/p>\n<p>Al\u00e9m disso, foram registradas mortes no Maranh\u00e3o (66), Paran\u00e1 (57), Bahia (50), Minas Gerais (47), Par\u00e1 (43), Para\u00edba (39), Santa Catarina (37), Esp\u00edrito Santo (34), Rio Grande do Norte (29), Rio Grande do Sul (27), Distrito Federal (25), Goi\u00e1s (21), Alagoas (20), Piau\u00ed (15), Amap\u00e1 (14), Acre (oito), Sergipe (sete), Mato Grosso (seis), Mato Grosso do Sul (seis), Rond\u00f4nia (cinco), Roraima (tr\u00eas) e Tocantins (um).<\/p>\n<p><img decoding=\"async\" src=\"https:\/\/agenciabrasil.ebc.com.br\/sites\/default\/files\/thumbnails\/image\/whatsapp_image_2020-04-22_at_16.32.32.jpeg\" \/><\/p>\n<p>&nbsp;<\/p>\n<p><strong>Fonte:<\/strong>\u00a0Ag\u00eancia Brasil<\/p>\n","protected":false},"excerpt":{"rendered":"<p>O n\u00famero de mortes em raz\u00e3o da pandemia do novo coronav\u00edrus (covid-19) chegou a 2.906, conforme\u00a0balan\u00e7o mais recente divulgado hoje (22) pelo Minist\u00e9rio da Sa\u00fade. J\u00e1 os casos confirmados subiram para 45.757. O \u00edndice de letalidade ficou em 6,4%. O n\u00famero de \u00f3bitos marcou um aumento de 6% em rela\u00e7\u00e3o a ontem (21), quando foram [&hellip;]<\/p>\n","protected":false},"author":96,"featured_media":157770,"comment_status":"closed","ping_status":"closed","sticky":false,"template":"","format":"standard","meta":{"footnotes":""},"categories":[302,436,440,439],"tags":[],"class_list":["post-158809","post","type-post","status-publish","format-standard","has-post-thumbnail","hentry","category-brasil-mundo","category-destaque-da-semana","category-destaques-do-dia","category-ultima-hora"],"_links":{"self":[{"href":"https:\/\/diarioregionaldigital.com.br\/index.php?rest_route=\/wp\/v2\/posts\/158809","targetHints":{"allow":["GET"]}}],"collection":[{"href":"https:\/\/diarioregionaldigital.com.br\/index.php?rest_route=\/wp\/v2\/posts"}],"about":[{"href":"https:\/\/diarioregionaldigital.com.br\/index.php?rest_route=\/wp\/v2\/types\/post"}],"author":[{"embeddable":true,"href":"https:\/\/diarioregionaldigital.com.br\/index.php?rest_route=\/wp\/v2\/users\/96"}],"replies":[{"embeddable":true,"href":"https:\/\/diarioregionaldigital.com.br\/index.php?rest_route=%2Fwp%2Fv2%2Fcomments&post=158809"}],"version-history":[{"count":0,"href":"https:\/\/diarioregionaldigital.com.br\/index.php?rest_route=\/wp\/v2\/posts\/158809\/revisions"}],"wp:featuredmedia":[{"embeddable":true,"href":"https:\/\/diarioregionaldigital.com.br\/index.php?rest_route=\/wp\/v2\/media\/157770"}],"wp:attachment":[{"href":"https:\/\/diarioregionaldigital.com.br\/index.php?rest_route=%2Fwp%2Fv2%2Fmedia&parent=158809"}],"wp:term":[{"taxonomy":"category","embeddable":true,"href":"https:\/\/diarioregionaldigital.com.br\/index.php?rest_route=%2Fwp%2Fv2%2Fcategories&post=158809"},{"taxonomy":"post_tag","embeddable":true,"href":"https:\/\/diarioregionaldigital.com.br\/index.php?rest_route=%2Fwp%2Fv2%2Ftags&post=158809"}],"curies":[{"name":"wp","href":"https:\/\/api.w.org\/{rel}","templated":true}]}}