{"id":158806,"date":"2020-04-22T16:27:41","date_gmt":"2020-04-22T19:27:41","guid":{"rendered":"https:\/\/diarioregionaldigital.com.br\/?p=158806"},"modified":"2020-04-23T22:27:18","modified_gmt":"2020-04-24T01:27:18","slug":"juiz-de-fora-tem-20-leitos-de-uti-disponiveis-na-rede-publica-diz-antonio-almas","status":"publish","type":"post","link":"https:\/\/diarioregionaldigital.com.br\/?p=158806","title":{"rendered":"\u201cJuiz de Fora tem 20 leitos de UTI dispon\u00edveis na rede p\u00fablica\u201d diz Ant\u00f4nio Almas"},"content":{"rendered":"<p><span style=\"font-weight: 400;\">O prefeito de Juiz de Fora, Ant\u00f4nio Almas, esteve presente nessa quarta-feira (22) em uma reuni\u00e3o de pastores no Centro Betel da Igreja Assembleia de Deus. Durante o encontro, o mandat\u00e1rio abordou diversos pontos referentes \u00e0 epidemia do Coronav\u00edrus em Juiz de Fora, entre eles sobre a quest\u00e3o dos leitos das Unidades de Tratamento Intensivo (UTI) e dos leitos de enfermaria na rede p\u00fablica. Ant\u00f4nio Almas detalhou os n\u00fameros exatos referentes \u00e0s taxas de ocupa\u00e7\u00e3o e desocupa\u00e7\u00e3o dos leitos:<\/span><\/p>\n<p><span style=\"font-weight: 400;\">\u201cN\u00f3s temos hoje 108 leitos p\u00fablicos. Ocupados n\u00f3s temos 77 gerais, ou seja, referentes a outros tipos de doen\u00e7as. E n\u00f3s temos 11 leitos ocupados por Covid-19. Somando tudo isso, n\u00f3s temos 88 leitos de UTI ocupados e 20 vagos. Diante disso, n\u00f3s temos uma margem de seguran\u00e7a para os pacientes que necessitam de UTI\u201d.\u00a0<\/span><\/p>\n<p><span style=\"font-weight: 400;\">O prefeito detalhou logo em seguida as situa\u00e7\u00f5es das enfermarias e as mesmas est\u00e3o com uma margem segura, na compara\u00e7\u00e3o com as principais capitais do Brasil:<\/span><\/p>\n<p><span style=\"font-weight: 400;\">\u201cNas enfermarias n\u00f3s temos 856 leitos da rede p\u00fablica em Juiz de Fora. Na rede privada n\u00f3s chegamos a pouco mais de 1300 leitos. Ocupados hoje, n\u00f3s temos 323 contagens gerais e 23 casos com Covid-19. Olhando assim a coisa est\u00e1 muito tranquila. Se olharmos hoje para S\u00e3o Paulo, Manaus e Rio de Janeiro, por exemplo, Juiz de Fora est\u00e1 muito tranquilo no nosso entendimento\u201d.<\/span><\/p>\n<p><span style=\"font-weight: 400;\">Ap\u00f3s fazer um levantamento e detalhamento dos leitos de UTI, o mandat\u00e1rio do munic\u00edpio refor\u00e7ou a necessidade de achatar a \u201ccurva\u201d do aumento de casos confirmados e fala sobre a gravidade da contamina\u00e7\u00e3o do v\u00edrus:<\/span><\/p>\n<p><span style=\"font-weight: 400;\">\u201cQual que \u00e9 o objetivo do Sistema de Sa\u00fade? Sempre discutimos, a partir desse ponto, sobre o achatamento da curva. O problema \u00e9 que esse v\u00edrus, ele tem uma alta transmissibilidade, ou seja, ele passa de um pra outro muito r\u00e1pido. H\u00e1 algum tempo atr\u00e1s, falava-se que um indiv\u00edduo contaminava 3 pessoas. Hoje os estudos j\u00e1 nos mostram que um indiv\u00edduo contamina 6\u201d.<\/span><\/p>\n<p><span style=\"font-weight: 400;\">Diante disso, Ant\u00f4nio Almas esclarece os objetivos que fazem com que a curva de transmiss\u00e3o do Coronav\u00edrus esteja dentro da margem de seguran\u00e7a, para que sejam garantidas as vagas nos leitos de UTI:<\/span><\/p>\n<p><span style=\"font-weight: 400;\">\u201cQuando eu estou buscando o achatamento da curva, eu estou querendo \u00e9 com a estrutura que eu tenho de UTI e enfermaria, eu consigo dar respostas adequadas, sem que eu perca vidas desnecessariamente. Para a gente fazer isso, \u00e9 preciso ser feito o isolamento social. Al\u00e9m disso, n\u00f3s temos que fazer tamb\u00e9m o distanciamento social e evitar aglomera\u00e7\u00f5es\u201d.\u00a0<\/span><\/p>\n<p><span style=\"font-weight: 400;\">O prefeito conta que foi feita uma medida que \u00e9\u00a0 a suspens\u00e3o de cirurgias eletivas, que segundo ele, contribuiu para disponibilidade de leitos nas UTIs e nas enfermarias:<\/span><\/p>\n<p><span style=\"font-weight: 400;\">\u201cPor que isso \u00e9 importante? Quando fa\u00e7o isolamento social, quando as pessoas param de circular de carro na rua, uma coisa que acontece \u00e9 diminuir o n\u00famero de acidentes no tr\u00e2nsito. Com isso, est\u00e1 sobrando aqueles 20 leitos citados anteriormente. Diante disso, as cirurgias eletivas est\u00e3o suspensas. Essas cirurgias s\u00e3o aquelas que o paciente tem que ficar de 24 a 48 horas na UTI.\u201d<\/span><\/p>\n<p><span style=\"font-weight: 400;\">Em um determinado momento da reuni\u00e3o, Ant\u00f4nio Almas falou a respeito sobre o suprimento de equipamentos necess\u00e1rios para o tratamento de pacientes diagnosticados com a doen\u00e7a. Segundo ele, a reserva de UTI no momento do pico da doen\u00e7a \u00e9 preocupante:<\/span><\/p>\n<p><span style=\"font-weight: 400;\">\u201cN\u00f3s da prefeitura, temos buscado ampliar esse n\u00famero de leitos. Quanto ao EPI, n\u00f3s estamos recebendo ajuda de recursos que est\u00e3o vindo de v\u00e1rias organiza\u00e7\u00f5es. Inclusive feitos pelos vereadores atrav\u00e9s de suas emendas parlamentares, para o combate ao Covid-19. Recebemos recursos de Deputados Estaduais e Federais, do Minist\u00e9rio P\u00fablico e que todos esses recursos ser\u00e3o explicados.\u201d<\/span><\/p>\n<p><span style=\"font-weight: 400;\">Outro ponto importante dito pelo prefeito, \u00e9 a quest\u00e3o dos testes laboratoriais, segundo ele faz parte da lista de prioridades, n\u00e3o s\u00f3 em Juiz de Fora como tamb\u00e9m pelo pa\u00eds:<\/span><\/p>\n<p><span style=\"font-weight: 400;\">\u201cEsse \u00e9 um problema no pa\u00eds inteiro. N\u00e3o tem testes para testar a popula\u00e7\u00e3o como um todo. Aonde deu muito certo o combate a Covid-19, sempre esteve presente a testagem na popula\u00e7\u00e3o, isso aconteceu na Cor\u00e9ia e na Alemanha. N\u00f3s da prefeitura estamos tendo muita dificuldade com os testes laboratoriais.\u201d<\/span><\/p>\n<p><span style=\"font-weight: 400;\">Outro problema citado sobre a lista de prioridades da Prefeitura, \u00e9 a quantidade de equipes m\u00e9dicas dispon\u00edveis na cidade. Segundo o mandat\u00e1rio, o n\u00famero de equipes \u00e9 muito pouco para suprir as necessidades nos hospitais, mas que tem buscado novas alternativas para compor as equipes:<\/span><\/p>\n<p><span style=\"font-weight: 400;\">\u201cA quantidade de equipes m\u00e9dicas \u00e9 muito pouca para uma necessidade maior. Inclusive n\u00f3s da prefeitura estamos chamando aqueles que fizeram concurso e abrimos um cadastro de volunt\u00e1rios.\u201d<\/span><\/p>\n<p><span style=\"font-weight: 400;\">Ant\u00f4nio Almas diz que a Prefeitura tem investido em Equipamentos de Prote\u00e7\u00e3o Individual (EPI), no entanto, o mais dif\u00edcil de ser obtido tem sido os respiradores, pois o valor \u00e9 muito caro e somente o Governo Federal tem capacidade de adquirir tais materiais. Al\u00e9m disso, conta que um grupo de empres\u00e1rios de Juiz de Fora tentaram realizar a compra, no entanto ocorreu um imprevisto:<\/span><\/p>\n<p><span style=\"font-weight: 400;\">\u201cSobre os respiradores, a gente n\u00e3o consegue comprar, apenas o Governo Federal consegue. <\/span><span style=\"font-weight: 400;\">Inclusive um grupo de empres\u00e1rios daqui de Juiz de Fora, conseguiu iniciar o processo de compra de 15 respiradores. Chegaram a efetuar a compra, no entanto quando chegaram no Rio de Janeiro, a Pol\u00edcia Federal confiscou o material e distribuiu para todo o estado do Rio de Janeiro\u201d conclui.<\/span><\/p>\n<p>&nbsp;<\/p>\n","protected":false},"excerpt":{"rendered":"<p>O prefeito de Juiz de Fora, Ant\u00f4nio Almas, esteve presente nessa quarta-feira (22) em uma reuni\u00e3o de pastores no Centro Betel da Igreja Assembleia de Deus. Durante o encontro, o mandat\u00e1rio abordou diversos pontos referentes \u00e0 epidemia do Coronav\u00edrus em Juiz de Fora, entre eles sobre a quest\u00e3o dos leitos das Unidades de Tratamento Intensivo [&hellip;]<\/p>\n","protected":false},"author":96,"featured_media":158955,"comment_status":"closed","ping_status":"closed","sticky":false,"template":"","format":"standard","meta":{"footnotes":""},"categories":[253,436,440,439],"tags":[],"class_list":["post-158806","post","type-post","status-publish","format-standard","has-post-thumbnail","hentry","category-cidade","category-destaque-da-semana","category-destaques-do-dia","category-ultima-hora"],"_links":{"self":[{"href":"https:\/\/diarioregionaldigital.com.br\/index.php?rest_route=\/wp\/v2\/posts\/158806","targetHints":{"allow":["GET"]}}],"collection":[{"href":"https:\/\/diarioregionaldigital.com.br\/index.php?rest_route=\/wp\/v2\/posts"}],"about":[{"href":"https:\/\/diarioregionaldigital.com.br\/index.php?rest_route=\/wp\/v2\/types\/post"}],"author":[{"embeddable":true,"href":"https:\/\/diarioregionaldigital.com.br\/index.php?rest_route=\/wp\/v2\/users\/96"}],"replies":[{"embeddable":true,"href":"https:\/\/diarioregionaldigital.com.br\/index.php?rest_route=%2Fwp%2Fv2%2Fcomments&post=158806"}],"version-history":[{"count":0,"href":"https:\/\/diarioregionaldigital.com.br\/index.php?rest_route=\/wp\/v2\/posts\/158806\/revisions"}],"wp:featuredmedia":[{"embeddable":true,"href":"https:\/\/diarioregionaldigital.com.br\/index.php?rest_route=\/wp\/v2\/media\/158955"}],"wp:attachment":[{"href":"https:\/\/diarioregionaldigital.com.br\/index.php?rest_route=%2Fwp%2Fv2%2Fmedia&parent=158806"}],"wp:term":[{"taxonomy":"category","embeddable":true,"href":"https:\/\/diarioregionaldigital.com.br\/index.php?rest_route=%2Fwp%2Fv2%2Fcategories&post=158806"},{"taxonomy":"post_tag","embeddable":true,"href":"https:\/\/diarioregionaldigital.com.br\/index.php?rest_route=%2Fwp%2Fv2%2Ftags&post=158806"}],"curies":[{"name":"wp","href":"https:\/\/api.w.org\/{rel}","templated":true}]}}