{"id":158796,"date":"2020-04-22T14:26:35","date_gmt":"2020-04-22T17:26:35","guid":{"rendered":"https:\/\/diarioregionaldigital.com.br\/?p=158796"},"modified":"2020-04-22T14:26:35","modified_gmt":"2020-04-22T17:26:35","slug":"projeto-determina-divulgacao-diaria-de-mapa-de-leitos-hospitalares-durante-pandemia","status":"publish","type":"post","link":"https:\/\/diarioregionaldigital.com.br\/?p=158796","title":{"rendered":"Projeto determina divulga\u00e7\u00e3o di\u00e1ria de mapa de leitos hospitalares durante pandemia"},"content":{"rendered":"<p>O Projeto de Lei 2040\/20 determina a divulga\u00e7\u00e3o di\u00e1ria do mapa atualizado de leitos hospitalares de unidades p\u00fablicas e privadas de sa\u00fade de cada estado brasileiro. A proposta, da deputada Dra. Soraya Manato (PSL-ES), tramita na C\u00e2mara dos Deputados.<\/p>\n<p>A motiva\u00e7\u00e3o da deputada para apresentar a proposta \u00e9 a pandemia de Covid-19, que pode levar o sistema de sa\u00fade ao colapso por falta de leitos para todos os pacientes que demandarem assist\u00eancia hospitalar. \u201cA proposta contribuir\u00e1 para agilizar as interna\u00e7\u00f5es em um panorama que ser\u00e1 certamente bastante atribulado no futuro pr\u00f3ximo\u201d, afirma Manato.<\/p>\n<p>O texto condiciona a medida \u00e0 observa\u00e7\u00e3o das normas regulamentadoras, \u201cque certamente tratar\u00e3o da compila\u00e7\u00e3o e divulga\u00e7\u00e3o dos dados\u201d, segundo a parlamentar. O projeto acrescenta a medida \u00e0 Lei 13.979\/20, que trata do enfrentamento da Covid-19 no Brasil.<\/p>\n<p>&nbsp;<\/p>\n<p><strong>Fonte:<\/strong>\u00a0Ag\u00eancia C\u00e2mara<\/p>\n","protected":false},"excerpt":{"rendered":"<p>O Projeto de Lei 2040\/20 determina a divulga\u00e7\u00e3o di\u00e1ria do mapa atualizado de leitos hospitalares de unidades p\u00fablicas e privadas de sa\u00fade de cada estado brasileiro. A proposta, da deputada Dra. Soraya Manato (PSL-ES), tramita na C\u00e2mara dos Deputados. A motiva\u00e7\u00e3o da deputada para apresentar a proposta \u00e9 a pandemia de Covid-19, que pode levar [&hellip;]<\/p>\n","protected":false},"author":96,"featured_media":158797,"comment_status":"closed","ping_status":"closed","sticky":false,"template":"","format":"standard","meta":{"footnotes":""},"categories":[436,254,439],"tags":[],"class_list":["post-158796","post","type-post","status-publish","format-standard","has-post-thumbnail","hentry","category-destaque-da-semana","category-politica","category-ultima-hora"],"_links":{"self":[{"href":"https:\/\/diarioregionaldigital.com.br\/index.php?rest_route=\/wp\/v2\/posts\/158796","targetHints":{"allow":["GET"]}}],"collection":[{"href":"https:\/\/diarioregionaldigital.com.br\/index.php?rest_route=\/wp\/v2\/posts"}],"about":[{"href":"https:\/\/diarioregionaldigital.com.br\/index.php?rest_route=\/wp\/v2\/types\/post"}],"author":[{"embeddable":true,"href":"https:\/\/diarioregionaldigital.com.br\/index.php?rest_route=\/wp\/v2\/users\/96"}],"replies":[{"embeddable":true,"href":"https:\/\/diarioregionaldigital.com.br\/index.php?rest_route=%2Fwp%2Fv2%2Fcomments&post=158796"}],"version-history":[{"count":0,"href":"https:\/\/diarioregionaldigital.com.br\/index.php?rest_route=\/wp\/v2\/posts\/158796\/revisions"}],"wp:featuredmedia":[{"embeddable":true,"href":"https:\/\/diarioregionaldigital.com.br\/index.php?rest_route=\/wp\/v2\/media\/158797"}],"wp:attachment":[{"href":"https:\/\/diarioregionaldigital.com.br\/index.php?rest_route=%2Fwp%2Fv2%2Fmedia&parent=158796"}],"wp:term":[{"taxonomy":"category","embeddable":true,"href":"https:\/\/diarioregionaldigital.com.br\/index.php?rest_route=%2Fwp%2Fv2%2Fcategories&post=158796"},{"taxonomy":"post_tag","embeddable":true,"href":"https:\/\/diarioregionaldigital.com.br\/index.php?rest_route=%2Fwp%2Fv2%2Ftags&post=158796"}],"curies":[{"name":"wp","href":"https:\/\/api.w.org\/{rel}","templated":true}]}}