{"id":158769,"date":"2020-04-21T11:30:08","date_gmt":"2020-04-21T14:30:08","guid":{"rendered":"https:\/\/diarioregionaldigital.com.br\/?p=158769"},"modified":"2020-04-21T11:30:08","modified_gmt":"2020-04-21T14:30:08","slug":"recuperados-da-covid-19-se-aproximam-de-23-mil-no-brasil","status":"publish","type":"post","link":"https:\/\/diarioregionaldigital.com.br\/?p=158769","title":{"rendered":"Recuperados da covid-19 se aproximam de 23 mil no Brasil"},"content":{"rendered":"<p>O Brasil registrou, at\u00e9 segunda-feira (20),\u00a022.991 pessoas recuperadas da covid-19, segundo dados do Minist\u00e9rio da Sa\u00fade. O n\u00famero foi divulgado sem detalhamento por estado.<\/p>\n<p>A taxa nacional de recupera\u00e7\u00e3o da doen\u00e7a encontra-se em 56,7%, uma pequena melhora em rela\u00e7\u00e3o aos 55% registrados em 14 de abril, quando o minist\u00e9rio come\u00e7ou a divulgar o n\u00famero de recuperados. O pa\u00eds tem\u00a040.581 pacientes diagnosticados, segundo os dados divulgados\u00a0<span id=\"OBJ_PREFIX_DWT2369_com_zimbra_date\" role=\"link\">ontem<\/span>\u00a0(20).<\/p>\n<p>O minist\u00e9rio contabiliza como recuperado o paciente com confirma\u00e7\u00e3o do novo coronav\u00edrus que recebeu alta hospitalar ap\u00f3s interna\u00e7\u00e3o e tamb\u00e9m os confirmados sem interna\u00e7\u00e3o, mas que deixaram de apresentar sintomas depois de ficar em casa.<\/p>\n<p>Enquanto a taxa de recupera\u00e7\u00e3o se mant\u00e9m acima da metade dos casos, o\u00a0\u00edndice de letalidade encontra-se em 6,3% dos casos confirmados. No Brasil, foram registradas 2.575 mortes at\u00e9\u00a0<span id=\"OBJ_PREFIX_DWT2370_com_zimbra_date\" role=\"link\">ontem<\/span>\u00a0(20).<\/p>\n<p>As hospitaliza\u00e7\u00f5es por covid-19 chegaram a 8.318. O total de pessoas internadas por S\u00edndrome Respirat\u00f3ria Aguda Grave (SRAG) em investiga\u00e7\u00e3o totalizaram 42.817. Outras 15.752 foram denominadas SRAG \u201cn\u00e3o especificado\u201d.<\/p>\n<p><span role=\"link\">Ontem<\/span>\u00a0(20), o ministro da Sa\u00fade, Nelson Teich, anunciou\u00a0<span id=\"OBJ_PREFIX_DWT2372_com_zimbra_date\" role=\"link\">ter<\/span>\u00a0aumentado para 46 milh\u00f5es o n\u00famero de testes que a pasta pretende comprar para ampliar os diagn\u00f3sticos.<\/p>\n<p>\u201cIsso \u00e9 importante para entender a doen\u00e7a, a evolu\u00e7\u00e3o e fazer um planejamento para revis\u00e3o do distanciamento social\u201d, disse Teich, em v\u00eddeo divulgado pela assessoria do\u00a0Minist\u00e9rio da Sa\u00fade.<\/p>\n<p>&nbsp;<\/p>\n<p><strong>Fonte:\u00a0<\/strong>Ag\u00eancia Brasil<\/p>\n","protected":false},"excerpt":{"rendered":"<p>O Brasil registrou, at\u00e9 segunda-feira (20),\u00a022.991 pessoas recuperadas da covid-19, segundo dados do Minist\u00e9rio da Sa\u00fade. O n\u00famero foi divulgado sem detalhamento por estado. A taxa nacional de recupera\u00e7\u00e3o da doen\u00e7a encontra-se em 56,7%, uma pequena melhora em rela\u00e7\u00e3o aos 55% registrados em 14 de abril, quando o minist\u00e9rio come\u00e7ou a divulgar o n\u00famero de [&hellip;]<\/p>\n","protected":false},"author":96,"featured_media":158770,"comment_status":"closed","ping_status":"closed","sticky":false,"template":"","format":"standard","meta":{"footnotes":""},"categories":[302,436,440,439],"tags":[],"class_list":["post-158769","post","type-post","status-publish","format-standard","has-post-thumbnail","hentry","category-brasil-mundo","category-destaque-da-semana","category-destaques-do-dia","category-ultima-hora"],"_links":{"self":[{"href":"https:\/\/diarioregionaldigital.com.br\/index.php?rest_route=\/wp\/v2\/posts\/158769","targetHints":{"allow":["GET"]}}],"collection":[{"href":"https:\/\/diarioregionaldigital.com.br\/index.php?rest_route=\/wp\/v2\/posts"}],"about":[{"href":"https:\/\/diarioregionaldigital.com.br\/index.php?rest_route=\/wp\/v2\/types\/post"}],"author":[{"embeddable":true,"href":"https:\/\/diarioregionaldigital.com.br\/index.php?rest_route=\/wp\/v2\/users\/96"}],"replies":[{"embeddable":true,"href":"https:\/\/diarioregionaldigital.com.br\/index.php?rest_route=%2Fwp%2Fv2%2Fcomments&post=158769"}],"version-history":[{"count":0,"href":"https:\/\/diarioregionaldigital.com.br\/index.php?rest_route=\/wp\/v2\/posts\/158769\/revisions"}],"wp:featuredmedia":[{"embeddable":true,"href":"https:\/\/diarioregionaldigital.com.br\/index.php?rest_route=\/wp\/v2\/media\/158770"}],"wp:attachment":[{"href":"https:\/\/diarioregionaldigital.com.br\/index.php?rest_route=%2Fwp%2Fv2%2Fmedia&parent=158769"}],"wp:term":[{"taxonomy":"category","embeddable":true,"href":"https:\/\/diarioregionaldigital.com.br\/index.php?rest_route=%2Fwp%2Fv2%2Fcategories&post=158769"},{"taxonomy":"post_tag","embeddable":true,"href":"https:\/\/diarioregionaldigital.com.br\/index.php?rest_route=%2Fwp%2Fv2%2Ftags&post=158769"}],"curies":[{"name":"wp","href":"https:\/\/api.w.org\/{rel}","templated":true}]}}