{"id":158753,"date":"2020-04-21T06:00:37","date_gmt":"2020-04-21T09:00:37","guid":{"rendered":"https:\/\/diarioregionaldigital.com.br\/?p=158753"},"modified":"2020-04-21T00:40:54","modified_gmt":"2020-04-21T03:40:54","slug":"bom-exemplo","status":"publish","type":"post","link":"https:\/\/diarioregionaldigital.com.br\/?p=158753","title":{"rendered":"Bom Exemplo"},"content":{"rendered":"<p style=\"text-align: center;\"><strong>Adiamento<\/strong><\/p>\n<p style=\"text-align: center;\">Muitos eventos que aconteceriam foram transferidos para o segundo semestre. Dentre eles, o 2\u00ba Congresso para a Seguran\u00e7a do Paciente da Santa Casa de Juiz de Fora, que aconteceria em setembro foi adiado para dezembro.<\/p>\n<p style=\"text-align: center;\"><strong>Bom Exemplo<\/strong><\/p>\n<p style=\"text-align: center;\">Pregando o combate pandemia a ArcelorMittal investiu R$ 18 milh\u00f5es em a\u00e7\u00f5es de apoio \u00e0 sociedade no combate ao Coronav\u00edrus em Minas Gerais Esp\u00edrito Santo e Santa Catarina. Para complementar, 18 engenheiros est\u00e3o trabalhando na reforma de respiradores em Minas Gerais.<\/p>\n<p style=\"text-align: center;\"><strong>Depois do Clim\u00e3o<\/strong><\/p>\n<p style=\"text-align: center;\">A nova capa do disco da cantora carioca Letrux foi assinada por Maria Flexa em forma de tela. \u00c9 um disco denso, com as composi\u00e7\u00f5es mostrando o lado loucura da cantora, que canta at\u00e9 samba, j\u00e1 nas prateleiras.<\/p>\n<p style=\"text-align: center;\"><strong>Arte em Panos<\/strong><\/p>\n<p style=\"text-align: center;\">Em resid\u00eancia art\u00edstica em Portugal, o estilista Guto Carvalho cria tecidos a partir de fotografias para cole\u00e7\u00e3o que ser\u00e1 lan\u00e7ada no Rio em setembro. As roupas criadas por ele s\u00e3o obra de arte. As pe\u00e7as do seu ateli\u00ea podem ser usadas em uma festa ou colocadas em uma moldura na parede.<\/p>\n<p style=\"text-align: center;\"><strong>Ci\u00eancia<\/strong><\/p>\n<p style=\"text-align: center;\">Em tempos de d\u00favidas e poucos garantias na batalha contra o novo Coronav\u00edrus, a ci\u00eancia assumiu protagonismo e despertou como nunca o interesse do p\u00fablico para a pandemia. Segundo o neurocientista Roberto Lent, professor em\u00e9rito da UFRJ e pesquisador do Instituto D\u2019OR, a ideia dentre muitas \u00e9 acordar os impactos neurol\u00f3gicos, neuropsicol\u00f3gicos e psiqui\u00e1tricos da Covid-19 em n\u00edvel global nos infectados e a popula\u00e7\u00e3o submetida ao isolamento social.<\/p>\n<p style=\"text-align: center;\"><span style=\"font-size: 14pt;\"><strong>Para Refletir<\/strong><\/span><\/p>\n<p style=\"text-align: center;\">A recusa em aceitar a verdade \u00e9 um sintoma dos atuais tempos digitais. Somos reconhecidos como pessoas perfeitamente adequadas equilibradas. Poucas s\u00e3o as testemunhas oculares das nossas convuls\u00f5es internas.<\/p>\n<div id=\"attachment_158742\" style=\"width: 690px\" class=\"wp-caption aligncenter\"><img loading=\"lazy\" decoding=\"async\" aria-describedby=\"caption-attachment-158742\" class=\"wp-image-158742\" src=\"https:\/\/diarioregionaldigital.com.br\/wp-content\/uploads\/2020\/04\/fotoa-12-e1587438514863.jpg\" alt=\"\" width=\"680\" height=\"514\" srcset=\"https:\/\/diarioregionaldigital.com.br\/wp-content\/uploads\/2020\/04\/fotoa-12-e1587438514863.jpg 1695w, https:\/\/diarioregionaldigital.com.br\/wp-content\/uploads\/2020\/04\/fotoa-12-e1587438514863-300x227.jpg 300w, https:\/\/diarioregionaldigital.com.br\/wp-content\/uploads\/2020\/04\/fotoa-12-e1587438514863-768x580.jpg 768w, https:\/\/diarioregionaldigital.com.br\/wp-content\/uploads\/2020\/04\/fotoa-12-e1587438514863-1024x774.jpg 1024w, https:\/\/diarioregionaldigital.com.br\/wp-content\/uploads\/2020\/04\/fotoa-12-e1587438514863-360x272.jpg 360w\" sizes=\"auto, (max-width: 680px) 100vw, 680px\" \/><p id=\"caption-attachment-158742\" class=\"wp-caption-text\">A eleg\u00e2ncia singular do odont\u00f3logo Lucas Villar com sua m\u00e3e Lilian<\/p><\/div>\n<div id=\"attachment_158743\" style=\"width: 690px\" class=\"wp-caption aligncenter\"><img loading=\"lazy\" decoding=\"async\" aria-describedby=\"caption-attachment-158743\" class=\"wp-image-158743\" src=\"https:\/\/diarioregionaldigital.com.br\/wp-content\/uploads\/2020\/04\/fotob-12-e1587438588673.jpg\" alt=\"\" width=\"680\" height=\"490\" srcset=\"https:\/\/diarioregionaldigital.com.br\/wp-content\/uploads\/2020\/04\/fotob-12-e1587438588673.jpg 1807w, https:\/\/diarioregionaldigital.com.br\/wp-content\/uploads\/2020\/04\/fotob-12-e1587438588673-300x216.jpg 300w, https:\/\/diarioregionaldigital.com.br\/wp-content\/uploads\/2020\/04\/fotob-12-e1587438588673-768x553.jpg 768w, https:\/\/diarioregionaldigital.com.br\/wp-content\/uploads\/2020\/04\/fotob-12-e1587438588673-1024x737.jpg 1024w, https:\/\/diarioregionaldigital.com.br\/wp-content\/uploads\/2020\/04\/fotob-12-e1587438588673-360x259.jpg 360w\" sizes=\"auto, (max-width: 680px) 100vw, 680px\" \/><p id=\"caption-attachment-158743\" class=\"wp-caption-text\">Na corrida por dias melhores, o odont\u00f3logo Rafael Lima em paragem estrat\u00e9gica<\/p><\/div>\n<div id=\"attachment_158744\" style=\"width: 690px\" class=\"wp-caption aligncenter\"><img loading=\"lazy\" decoding=\"async\" aria-describedby=\"caption-attachment-158744\" class=\"wp-image-158744\" src=\"https:\/\/diarioregionaldigital.com.br\/wp-content\/uploads\/2020\/04\/fotoc-12-e1587438648939.jpg\" alt=\"\" width=\"680\" height=\"494\" srcset=\"https:\/\/diarioregionaldigital.com.br\/wp-content\/uploads\/2020\/04\/fotoc-12-e1587438648939.jpg 1168w, https:\/\/diarioregionaldigital.com.br\/wp-content\/uploads\/2020\/04\/fotoc-12-e1587438648939-300x218.jpg 300w, https:\/\/diarioregionaldigital.com.br\/wp-content\/uploads\/2020\/04\/fotoc-12-e1587438648939-768x558.jpg 768w, https:\/\/diarioregionaldigital.com.br\/wp-content\/uploads\/2020\/04\/fotoc-12-e1587438648939-1024x744.jpg 1024w, https:\/\/diarioregionaldigital.com.br\/wp-content\/uploads\/2020\/04\/fotoc-12-e1587438648939-360x262.jpg 360w\" sizes=\"auto, (max-width: 680px) 100vw, 680px\" \/><p id=\"caption-attachment-158744\" class=\"wp-caption-text\">No\u00eamia Nardy observa o horizonte na certeza de dias melhores<\/p><\/div>\n<div id=\"attachment_158745\" style=\"width: 690px\" class=\"wp-caption aligncenter\"><img loading=\"lazy\" decoding=\"async\" aria-describedby=\"caption-attachment-158745\" class=\"wp-image-158745\" src=\"https:\/\/diarioregionaldigital.com.br\/wp-content\/uploads\/2020\/04\/fotod-12-e1587438692457.jpg\" alt=\"\" width=\"680\" height=\"473\" srcset=\"https:\/\/diarioregionaldigital.com.br\/wp-content\/uploads\/2020\/04\/fotod-12-e1587438692457.jpg 1524w, https:\/\/diarioregionaldigital.com.br\/wp-content\/uploads\/2020\/04\/fotod-12-e1587438692457-300x210.jpg 300w, https:\/\/diarioregionaldigital.com.br\/wp-content\/uploads\/2020\/04\/fotod-12-e1587438692457-768x535.jpg 768w, https:\/\/diarioregionaldigital.com.br\/wp-content\/uploads\/2020\/04\/fotod-12-e1587438692457-1024x713.jpg 1024w, https:\/\/diarioregionaldigital.com.br\/wp-content\/uploads\/2020\/04\/fotod-12-e1587438692457-360x251.jpg 360w, https:\/\/diarioregionaldigital.com.br\/wp-content\/uploads\/2020\/04\/fotod-12-e1587438692457-100x70.jpg 100w\" sizes=\"auto, (max-width: 680px) 100vw, 680px\" \/><p id=\"caption-attachment-158745\" class=\"wp-caption-text\">Para enfrentar o isolamento social, Eveline Toledo confere sua despensa<\/p><\/div>\n<div id=\"attachment_158746\" style=\"width: 690px\" class=\"wp-caption aligncenter\"><img loading=\"lazy\" decoding=\"async\" aria-describedby=\"caption-attachment-158746\" class=\"wp-image-158746\" src=\"https:\/\/diarioregionaldigital.com.br\/wp-content\/uploads\/2020\/04\/fotoe-12-e1587438742506.jpg\" alt=\"\" width=\"680\" height=\"552\" srcset=\"https:\/\/diarioregionaldigital.com.br\/wp-content\/uploads\/2020\/04\/fotoe-12-e1587438742506.jpg 1727w, https:\/\/diarioregionaldigital.com.br\/wp-content\/uploads\/2020\/04\/fotoe-12-e1587438742506-300x243.jpg 300w, https:\/\/diarioregionaldigital.com.br\/wp-content\/uploads\/2020\/04\/fotoe-12-e1587438742506-768x623.jpg 768w, https:\/\/diarioregionaldigital.com.br\/wp-content\/uploads\/2020\/04\/fotoe-12-e1587438742506-1024x831.jpg 1024w, https:\/\/diarioregionaldigital.com.br\/wp-content\/uploads\/2020\/04\/fotoe-12-e1587438742506-220x180.jpg 220w, https:\/\/diarioregionaldigital.com.br\/wp-content\/uploads\/2020\/04\/fotoe-12-e1587438742506-360x292.jpg 360w\" sizes=\"auto, (max-width: 680px) 100vw, 680px\" \/><p id=\"caption-attachment-158746\" class=\"wp-caption-text\">Curtindo dias em seu ap\u00ea na Av. Atl\u00e2ntica (RJ), a elegante Maria L\u00facia Saraiva<\/p><\/div>\n<div id=\"attachment_158747\" style=\"width: 690px\" class=\"wp-caption aligncenter\"><img loading=\"lazy\" decoding=\"async\" aria-describedby=\"caption-attachment-158747\" class=\"wp-image-158747\" src=\"https:\/\/diarioregionaldigital.com.br\/wp-content\/uploads\/2020\/04\/fotof-11-e1587438794169.jpg\" alt=\"\" width=\"680\" height=\"506\" srcset=\"https:\/\/diarioregionaldigital.com.br\/wp-content\/uploads\/2020\/04\/fotof-11-e1587438794169.jpg 1730w, https:\/\/diarioregionaldigital.com.br\/wp-content\/uploads\/2020\/04\/fotof-11-e1587438794169-300x223.jpg 300w, https:\/\/diarioregionaldigital.com.br\/wp-content\/uploads\/2020\/04\/fotof-11-e1587438794169-768x572.jpg 768w, https:\/\/diarioregionaldigital.com.br\/wp-content\/uploads\/2020\/04\/fotof-11-e1587438794169-1024x762.jpg 1024w, https:\/\/diarioregionaldigital.com.br\/wp-content\/uploads\/2020\/04\/fotof-11-e1587438794169-360x268.jpg 360w\" sizes=\"auto, (max-width: 680px) 100vw, 680px\" \/><p id=\"caption-attachment-158747\" class=\"wp-caption-text\">De barman a fisioterapeuta, o din\u00e2mico Victor Almeida<\/p><\/div>\n<div id=\"attachment_158748\" style=\"width: 690px\" class=\"wp-caption aligncenter\"><img loading=\"lazy\" decoding=\"async\" aria-describedby=\"caption-attachment-158748\" class=\"wp-image-158748\" src=\"https:\/\/diarioregionaldigital.com.br\/wp-content\/uploads\/2020\/04\/fotog-12-e1587438882267.jpg\" alt=\"\" width=\"680\" height=\"487\" srcset=\"https:\/\/diarioregionaldigital.com.br\/wp-content\/uploads\/2020\/04\/fotog-12-e1587438882267.jpg 1706w, https:\/\/diarioregionaldigital.com.br\/wp-content\/uploads\/2020\/04\/fotog-12-e1587438882267-300x215.jpg 300w, https:\/\/diarioregionaldigital.com.br\/wp-content\/uploads\/2020\/04\/fotog-12-e1587438882267-768x551.jpg 768w, https:\/\/diarioregionaldigital.com.br\/wp-content\/uploads\/2020\/04\/fotog-12-e1587438882267-1024x734.jpg 1024w, https:\/\/diarioregionaldigital.com.br\/wp-content\/uploads\/2020\/04\/fotog-12-e1587438882267-360x258.jpg 360w\" sizes=\"auto, (max-width: 680px) 100vw, 680px\" \/><p id=\"caption-attachment-158748\" class=\"wp-caption-text\">Gente especial, Erika Salazar, Luis Fernando Sirimarco e Henrique Hargreaves<\/p><\/div>\n<div id=\"attachment_158749\" style=\"width: 690px\" class=\"wp-caption aligncenter\"><img loading=\"lazy\" decoding=\"async\" aria-describedby=\"caption-attachment-158749\" class=\"wp-image-158749\" src=\"https:\/\/diarioregionaldigital.com.br\/wp-content\/uploads\/2020\/04\/fotoh-12-e1587438948166.jpg\" alt=\"\" width=\"680\" height=\"504\" srcset=\"https:\/\/diarioregionaldigital.com.br\/wp-content\/uploads\/2020\/04\/fotoh-12-e1587438948166.jpg 1152w, https:\/\/diarioregionaldigital.com.br\/wp-content\/uploads\/2020\/04\/fotoh-12-e1587438948166-300x222.jpg 300w, https:\/\/diarioregionaldigital.com.br\/wp-content\/uploads\/2020\/04\/fotoh-12-e1587438948166-768x569.jpg 768w, https:\/\/diarioregionaldigital.com.br\/wp-content\/uploads\/2020\/04\/fotoh-12-e1587438948166-1024x758.jpg 1024w, https:\/\/diarioregionaldigital.com.br\/wp-content\/uploads\/2020\/04\/fotoh-12-e1587438948166-360x267.jpg 360w\" sizes=\"auto, (max-width: 680px) 100vw, 680px\" \/><p id=\"caption-attachment-158749\" class=\"wp-caption-text\">Dando um tempo nos eventos sociais Eduardo Gomes e Karminha Lopes<\/p><\/div>\n<p style=\"text-align: center;\"><strong>FOTOSS\u00cdNTESE<\/strong><\/p>\n<p>Dignos de aplausos, os cantores Roger Resende e Thiago Miranda brilhando com suas lives na internet.<\/p>\n<p>Conselho do cozinheiro Marcos Reink: nos pratos que exigem no preparo creme de leite, usar o fresco, j\u00e1 que o creme de caixinha ou de lata pode talhar.<\/p>\n<p>A elegante Eliana Lamha est\u00e1 dando uma for\u00e7a para o irm\u00e3o \u00c1lvaro Lamha da Esta\u00e7\u00e3o Grill. Avisa que o restaurante participa da campanha \u201cBrinde do bem\u201d, lan\u00e7ada pela Heineken.<\/p>\n<p>Usando como instrumento a tecnologia pelo bem Luiz Cl\u00e1udio Oleg\u00e1rio e Amauri Marques alunos de An\u00e1lise e Desenvolvimento de Sistemas da Est\u00e1cio lan\u00e7aram um aplicativo gratuito com o \u201dGuia Coronav\u00edrus\u201d. Com uma interface de f\u00e1cil navega\u00e7\u00e3o, a ideia \u00e9 levar informa\u00e7\u00e3o confi\u00e1vel a todas as faixas et\u00e1rias. O feito teve ainda participa\u00e7\u00e3o de Hudson Oleg\u00e1rio.<\/p>\n<p>Dispon\u00edvel para compra nas plataformas digitais o livro \u201cNarrativas do esporte na m\u00eddia\u201d, do jornalista Fillipe Mostaro e Ronaldo Helal. O exemplar conta com textos de pesquisadores do Laborat\u00f3rio de Estudos em m\u00eddias Esporte de UERJ.<\/p>\n<p>Os petiscos do Bar do Totonho s\u00e3o ideais para pedir pelo delivery em tempos de isolamento social. Indicamos o bolinho de bacalhau, iscas crocantes de peixe, fil\u00e9 com fritas e o famoso rocambole de torresmo.<\/p>\n<p>Um grito parado no ar pede: \u201c Fique em casa\u201d!!!<\/p>\n<p>Concluindo: \u201cLembre-se da sabedoria da \u00e1gua: ela nunca discute com um obst\u00e1culo, simplesmente o contorna\u201d. (Augusto Cury). Bom dia.<\/p>\n<p><img loading=\"lazy\" decoding=\"async\" class=\"aligncenter size-full wp-image-158754\" src=\"https:\/\/diarioregionaldigital.com.br\/wp-content\/uploads\/2020\/04\/anuncio33.jpg\" alt=\"\" width=\"3534\" height=\"1356\" srcset=\"https:\/\/diarioregionaldigital.com.br\/wp-content\/uploads\/2020\/04\/anuncio33.jpg 3534w, https:\/\/diarioregionaldigital.com.br\/wp-content\/uploads\/2020\/04\/anuncio33-300x115.jpg 300w, https:\/\/diarioregionaldigital.com.br\/wp-content\/uploads\/2020\/04\/anuncio33-768x295.jpg 768w, https:\/\/diarioregionaldigital.com.br\/wp-content\/uploads\/2020\/04\/anuncio33-1024x393.jpg 1024w, https:\/\/diarioregionaldigital.com.br\/wp-content\/uploads\/2020\/04\/anuncio33-360x138.jpg 360w\" sizes=\"auto, (max-width: 3534px) 100vw, 3534px\" \/><\/p>\n","protected":false},"excerpt":{"rendered":"<p>Adiamento Muitos eventos que aconteceriam foram transferidos para o segundo semestre. Dentre eles, o 2\u00ba Congresso para a Seguran\u00e7a do Paciente da Santa Casa de Juiz de Fora, que aconteceria em setembro foi adiado para dezembro. Bom Exemplo Pregando o combate pandemia a ArcelorMittal investiu R$ 18 milh\u00f5es em a\u00e7\u00f5es de apoio \u00e0 sociedade no [&hellip;]<\/p>\n","protected":false},"author":96,"featured_media":158742,"comment_status":"closed","ping_status":"closed","sticky":false,"template":"","format":"standard","meta":{"footnotes":""},"categories":[264],"tags":[],"class_list":["post-158753","post","type-post","status-publish","format-standard","has-post-thumbnail","hentry","category-eduardo-gomes"],"_links":{"self":[{"href":"https:\/\/diarioregionaldigital.com.br\/index.php?rest_route=\/wp\/v2\/posts\/158753","targetHints":{"allow":["GET"]}}],"collection":[{"href":"https:\/\/diarioregionaldigital.com.br\/index.php?rest_route=\/wp\/v2\/posts"}],"about":[{"href":"https:\/\/diarioregionaldigital.com.br\/index.php?rest_route=\/wp\/v2\/types\/post"}],"author":[{"embeddable":true,"href":"https:\/\/diarioregionaldigital.com.br\/index.php?rest_route=\/wp\/v2\/users\/96"}],"replies":[{"embeddable":true,"href":"https:\/\/diarioregionaldigital.com.br\/index.php?rest_route=%2Fwp%2Fv2%2Fcomments&post=158753"}],"version-history":[{"count":0,"href":"https:\/\/diarioregionaldigital.com.br\/index.php?rest_route=\/wp\/v2\/posts\/158753\/revisions"}],"wp:featuredmedia":[{"embeddable":true,"href":"https:\/\/diarioregionaldigital.com.br\/index.php?rest_route=\/wp\/v2\/media\/158742"}],"wp:attachment":[{"href":"https:\/\/diarioregionaldigital.com.br\/index.php?rest_route=%2Fwp%2Fv2%2Fmedia&parent=158753"}],"wp:term":[{"taxonomy":"category","embeddable":true,"href":"https:\/\/diarioregionaldigital.com.br\/index.php?rest_route=%2Fwp%2Fv2%2Fcategories&post=158753"},{"taxonomy":"post_tag","embeddable":true,"href":"https:\/\/diarioregionaldigital.com.br\/index.php?rest_route=%2Fwp%2Fv2%2Ftags&post=158753"}],"curies":[{"name":"wp","href":"https:\/\/api.w.org\/{rel}","templated":true}]}}