{"id":158735,"date":"2020-04-20T19:13:24","date_gmt":"2020-04-20T22:13:24","guid":{"rendered":"https:\/\/diarioregionaldigital.com.br\/?p=158735"},"modified":"2020-04-20T19:13:24","modified_gmt":"2020-04-20T22:13:24","slug":"witzel-descarta-retorno-do-futebol-no-rio-de-janeiro","status":"publish","type":"post","link":"https:\/\/diarioregionaldigital.com.br\/?p=158735","title":{"rendered":"Witzel descarta retorno do futebol no Rio de Janeiro"},"content":{"rendered":"<p>O governador do estado do Rio de Janeiro, Wilson Witzel, declarou n\u00e3o aprovar o retorno das atividades envolvendo futebol, bem como treinamentos e partidas. A proibi\u00e7\u00e3o faz parte de um conjunto de medidas para fortalecer o distanciamento social durante a pandemia do novo coronav\u00edrus (covid-19). No estado do Rio de Janeiro, as medidas restritivas, estabelecidas em decreto, seguem at\u00e9 o dia 30 de abril. O governador respondeu, em nota, que \u00e9 \u201cabsolutamente contr\u00e1rio \u00e0 realiza\u00e7\u00e3o de jogos de futebol ou treinos\u201d.<\/p>\n<p>\u201cA pandemia ainda \u00e9 grave e considero que, neste momento, n\u00e3o \u00e9 adequado para a sa\u00fade e a seguran\u00e7a dos atletas ou de todos aqueles envolvidos nos jogos e treinamentos\u201d, disse, em nota, Witzel que, na semana passada, postou um v\u00eddeo no Twitter anunciando que est\u00e1 com covid-19.<\/p>\n<p>O campeonato estadual de futebol est\u00e1 suspenso desde o dia 16 de mar\u00e7o e deve permanecer paralisado at\u00e9 o dia 30 de abril, segundo resolu\u00e7\u00e3o da Federa\u00e7\u00e3o de Futebol do Estado do Rio de Janeiro (Ferj).<\/p>\n<p>Na \u00faltima semana, entretanto, o presidente Flamengo, Rodolfo Landim, segundo informa\u00e7\u00f5es do jornal O Globo, tentou convencer o governador do Rio a liberar os clubes a voltarem a treinar no pr\u00f3ximo dia 21.<\/p>\n<p><strong>Jogo Seguro<\/strong><\/p>\n<p>Na semana passada, a Ferj publicou um documento batizado de Jogo Seguro. O intuito \u00e9 servir como um conjunto de regras para possibilitar a volta gradativa das partidas de futebol.<\/p>\n<p>O documento cont\u00e9m um conjunto de medidas baseado em conceitos recomendados pela Organiza\u00e7\u00e3o Mundial da Sa\u00fade (OMS), Minist\u00e9rio da Sa\u00fade, Conselho Federal de Medicina, Associa\u00e7\u00e3o M\u00e9dica Brasileira e Sociedades M\u00e9dicas Especializadas.<\/p>\n<p>A Ferj destaca que as diretrizes s\u00f3 ser\u00e3o colocadas em pr\u00e1tica quando permitidas pelos \u00f3rg\u00e3o de sa\u00fade. No Brasil, todos os campeonatos de futebol estaduais est\u00e3o paralisados, assim como qualquer competi\u00e7\u00e3o de n\u00edvel nacional e internacional disputada pelos clubes do pa\u00eds.<\/p>\n<p>&nbsp;<\/p>\n<p><strong>Fonte:<\/strong>\u00a0Ag\u00eancia Brasil<\/p>\n","protected":false},"excerpt":{"rendered":"<p>O governador do estado do Rio de Janeiro, Wilson Witzel, declarou n\u00e3o aprovar o retorno das atividades envolvendo futebol, bem como treinamentos e partidas. A proibi\u00e7\u00e3o faz parte de um conjunto de medidas para fortalecer o distanciamento social durante a pandemia do novo coronav\u00edrus (covid-19). No estado do Rio de Janeiro, as medidas restritivas, estabelecidas [&hellip;]<\/p>\n","protected":false},"author":96,"featured_media":158736,"comment_status":"closed","ping_status":"closed","sticky":false,"template":"","format":"standard","meta":{"footnotes":""},"categories":[436,257,439],"tags":[],"class_list":["post-158735","post","type-post","status-publish","format-standard","has-post-thumbnail","hentry","category-destaque-da-semana","category-esporte","category-ultima-hora"],"_links":{"self":[{"href":"https:\/\/diarioregionaldigital.com.br\/index.php?rest_route=\/wp\/v2\/posts\/158735","targetHints":{"allow":["GET"]}}],"collection":[{"href":"https:\/\/diarioregionaldigital.com.br\/index.php?rest_route=\/wp\/v2\/posts"}],"about":[{"href":"https:\/\/diarioregionaldigital.com.br\/index.php?rest_route=\/wp\/v2\/types\/post"}],"author":[{"embeddable":true,"href":"https:\/\/diarioregionaldigital.com.br\/index.php?rest_route=\/wp\/v2\/users\/96"}],"replies":[{"embeddable":true,"href":"https:\/\/diarioregionaldigital.com.br\/index.php?rest_route=%2Fwp%2Fv2%2Fcomments&post=158735"}],"version-history":[{"count":0,"href":"https:\/\/diarioregionaldigital.com.br\/index.php?rest_route=\/wp\/v2\/posts\/158735\/revisions"}],"wp:featuredmedia":[{"embeddable":true,"href":"https:\/\/diarioregionaldigital.com.br\/index.php?rest_route=\/wp\/v2\/media\/158736"}],"wp:attachment":[{"href":"https:\/\/diarioregionaldigital.com.br\/index.php?rest_route=%2Fwp%2Fv2%2Fmedia&parent=158735"}],"wp:term":[{"taxonomy":"category","embeddable":true,"href":"https:\/\/diarioregionaldigital.com.br\/index.php?rest_route=%2Fwp%2Fv2%2Fcategories&post=158735"},{"taxonomy":"post_tag","embeddable":true,"href":"https:\/\/diarioregionaldigital.com.br\/index.php?rest_route=%2Fwp%2Fv2%2Ftags&post=158735"}],"curies":[{"name":"wp","href":"https:\/\/api.w.org\/{rel}","templated":true}]}}