{"id":158707,"date":"2020-04-20T15:28:14","date_gmt":"2020-04-20T18:28:14","guid":{"rendered":"https:\/\/diarioregionaldigital.com.br\/?p=158707"},"modified":"2020-04-20T15:28:14","modified_gmt":"2020-04-20T18:28:14","slug":"mercado-financeiro-reduz-novamente-previsao-do-pib-para-2020","status":"publish","type":"post","link":"https:\/\/diarioregionaldigital.com.br\/?p=158707","title":{"rendered":"Mercado financeiro reduz novamente previs\u00e3o do PIB para 2020"},"content":{"rendered":"<p>O mercado financeiro reduziu a proje\u00e7\u00e3o do Produto Interno Bruto (PIB, soma dos bens e servi\u00e7os produzidos no pa\u00eds) este ano para menos 2,96%, contra os menos 1,96% apontados na semana passada. A informa\u00e7\u00e3o consta do boletim Focus, com a proje\u00e7\u00e3o para os principais indicadores econ\u00f4micos, divulgado nessa segunda-feira (20) pelo Banco Central. O boletim tamb\u00e9m registrou um corte na taxa b\u00e1sica de juros (Selic) de 2020 para 3%, ante os 3,25% da semana anterior.<\/p>\n<p>As previs\u00f5es do mercado para o PIB de 2021 \u00e9 de um crescimento de 3,10%. J\u00e1 para 2022 e 2023 a previs\u00e3o continua sendo de crescimento de 2,50%.<\/p>\n<p>A cota\u00e7\u00e3o do d\u00f3lar \u00e9 que a moeda deve fechar o ano em R$ 4,80, contra R$ 4,60 previstos na semana passada. Para 2021, a expectativa \u00e9 que a moeda americana fique em R$ 4,50, contra R$ 4,47 da semana passada. Para 2022, a previs\u00e3o \u00e9 de que o c\u00e2mbio fique em R$ 4,40 e, em 2023, em R$ 4,50.<\/p>\n<p><strong>Infla\u00e7\u00e3o<\/strong><\/p>\n<p>As institui\u00e7\u00f5es financeiras consultadas pelo BC tamb\u00e9m reduziram a previs\u00e3o de infla\u00e7\u00e3o de 2020. A proje\u00e7\u00e3o para o \u00cdndice Nacional de Pre\u00e7os ao Consumidor Amplo (IPCA) caiu de 2,52% para 2,23%.<\/p>\n<p>Para 2021, a estimativa de infla\u00e7\u00e3o tamb\u00e9m foi reduzida de 3,50% para 3,40%. A previs\u00e3o para os anos seguintes n\u00e3o teve altera\u00e7\u00f5es e permanece em 3,50%.<\/p>\n<p>A proje\u00e7\u00e3o para 2020 est\u00e1 abaixo do centro da meta de infla\u00e7\u00e3o que deve ser perseguida pelo BC. A meta, definida pelo Conselho Monet\u00e1rio Nacional, \u00e9 de 4% em 2020, com intervalo de toler\u00e2ncia de 1,5 ponto percentual para cima ou para baixo. Para 2021, a meta \u00e9 3,75% e para 2022, 3,50%, tamb\u00e9m com intervalo de 1,5 ponto percentual em cada ano.<\/p>\n<p><strong>Selic<\/strong><\/p>\n<p>Para alcan\u00e7ar a meta de infla\u00e7\u00e3o, o Banco Central usa como principal instrumento a taxa b\u00e1sica de juros, a Selic, estabelecida atualmente em 3,75% ao ano pelo Comit\u00ea de Pol\u00edtica Monet\u00e1ria (Copom). Para o mercado financeiro, a expectativa \u00e9 que a Selic tenha mais uma redu\u00e7\u00e3o e encerre 2020 em 3% ao ano. Na semana passada a previs\u00e3o para o fim de 2020 era 3,25% ao ano.<\/p>\n<p>Quando o Copom reduz a Selic, a tend\u00eancia \u00e9 que o cr\u00e9dito fique mais barato, com incentivo \u00e0 produ\u00e7\u00e3o e ao consumo, reduzindo o controle da infla\u00e7\u00e3o e estimulando a atividade econ\u00f4mica. Quando o Copom aumenta a taxa b\u00e1sica de juros, o objetivo \u00e9 conter a demanda aquecida, e isso causa reflexos nos pre\u00e7os porque os juros mais altos encarecem o cr\u00e9dito e estimulam a poupan\u00e7a.<\/p>\n<p>Para o fim de 2021, a expectativa \u00e9 que a taxa b\u00e1sica chegue a 4,5% ao ano. A previs\u00e3o anterior era de 4,75% ao ano. Para o fim de 2022 e o de 2023, as institui\u00e7\u00f5es mantiveram a previs\u00e3o em 6% ao ano.<\/p>\n<p>Na primeira elabora\u00e7\u00e3o do Boletim Focus deste ano, os economistas previam um crescimento de 2,30% no PIB. Devido aos impactos econ\u00f4micos da pandemia do novo coronav\u00edrus (covid-19), essa \u00e9 a d\u00e9cima semana consecutiva em que a previs\u00e3o da atividade econ\u00f4mica brasileira \u00e9 reduzida. Para o ano que vem, os principais analistas do mercado financeiro estimam que a economia ir\u00e1 crescer 3,10%.<\/p>\n<p>&nbsp;<\/p>\n<p><strong>Fonte:\u00a0<\/strong>Ag\u00eancia Brasil<\/p>\n","protected":false},"excerpt":{"rendered":"<p>O mercado financeiro reduziu a proje\u00e7\u00e3o do Produto Interno Bruto (PIB, soma dos bens e servi\u00e7os produzidos no pa\u00eds) este ano para menos 2,96%, contra os menos 1,96% apontados na semana passada. A informa\u00e7\u00e3o consta do boletim Focus, com a proje\u00e7\u00e3o para os principais indicadores econ\u00f4micos, divulgado nessa segunda-feira (20) pelo Banco Central. O boletim [&hellip;]<\/p>\n","protected":false},"author":96,"featured_media":158708,"comment_status":"closed","ping_status":"closed","sticky":false,"template":"","format":"standard","meta":{"footnotes":""},"categories":[436,261,439],"tags":[],"class_list":["post-158707","post","type-post","status-publish","format-standard","has-post-thumbnail","hentry","category-destaque-da-semana","category-economia","category-ultima-hora"],"_links":{"self":[{"href":"https:\/\/diarioregionaldigital.com.br\/index.php?rest_route=\/wp\/v2\/posts\/158707","targetHints":{"allow":["GET"]}}],"collection":[{"href":"https:\/\/diarioregionaldigital.com.br\/index.php?rest_route=\/wp\/v2\/posts"}],"about":[{"href":"https:\/\/diarioregionaldigital.com.br\/index.php?rest_route=\/wp\/v2\/types\/post"}],"author":[{"embeddable":true,"href":"https:\/\/diarioregionaldigital.com.br\/index.php?rest_route=\/wp\/v2\/users\/96"}],"replies":[{"embeddable":true,"href":"https:\/\/diarioregionaldigital.com.br\/index.php?rest_route=%2Fwp%2Fv2%2Fcomments&post=158707"}],"version-history":[{"count":0,"href":"https:\/\/diarioregionaldigital.com.br\/index.php?rest_route=\/wp\/v2\/posts\/158707\/revisions"}],"wp:featuredmedia":[{"embeddable":true,"href":"https:\/\/diarioregionaldigital.com.br\/index.php?rest_route=\/wp\/v2\/media\/158708"}],"wp:attachment":[{"href":"https:\/\/diarioregionaldigital.com.br\/index.php?rest_route=%2Fwp%2Fv2%2Fmedia&parent=158707"}],"wp:term":[{"taxonomy":"category","embeddable":true,"href":"https:\/\/diarioregionaldigital.com.br\/index.php?rest_route=%2Fwp%2Fv2%2Fcategories&post=158707"},{"taxonomy":"post_tag","embeddable":true,"href":"https:\/\/diarioregionaldigital.com.br\/index.php?rest_route=%2Fwp%2Fv2%2Ftags&post=158707"}],"curies":[{"name":"wp","href":"https:\/\/api.w.org\/{rel}","templated":true}]}}