{"id":158699,"date":"2020-04-20T14:52:14","date_gmt":"2020-04-20T17:52:14","guid":{"rendered":"https:\/\/diarioregionaldigital.com.br\/?p=158699"},"modified":"2020-04-20T14:53:02","modified_gmt":"2020-04-20T17:53:02","slug":"covid-19-saude-confirma-41-mortes-em-minas-gerais","status":"publish","type":"post","link":"https:\/\/diarioregionaldigital.com.br\/?p=158699","title":{"rendered":"Covid-19: Sa\u00fade confirma 41 mortes em Minas Gerais"},"content":{"rendered":"<p>O novo boletim epidemiol\u00f3gico divulgado nesta segunda-feira (20) pela Secretaria de Estado da Sa\u00fade de Minas Gerais (SES-MG), confirmou 41 mortes causadas pelo Coronav\u00edrus em Minas Gerais. At\u00e9 ent\u00e3o foram notificados 1.189 casos, cujo levantamento pode ser conferido no<a href=\"https:\/\/www.saude.mg.gov.br\/images\/noticias_e_eventos\/000_2020\/Boletins_Corona\/20.04.2020_Boletim_epidemiologico_COVID-19_MG.pdf\"> portal da entidade<\/a>.<\/p>\n<p>Os dados atualizados referentes a \u00f3bitos confirmados em Minas Gerais s\u00e3o: Belmiro Braga (1), Belo Horizonte (8), Bonfim (1), Divin\u00f3polis (1), Espinosa (1), Extrema (1), Governador Valadares (2), Itabira (1), Juiz de Fora (2), Mariana (1), Montes Claros (1), Nanuque (1), Nova Serrana (1), Ouro Fino (1), Parais\u00f3polis (2), Patos de Minas (1), Patroc\u00ednio (1), Piumhi (1), Po\u00e7os de Caldas (1), Pouso Alegre (2), S\u00e3o Sebasti\u00e3o do Para\u00edso (1), S\u00e3o Tom\u00e1s de Aquino (1), Tr\u00eas Pontas (1), Uberaba (2), Uberl\u00e2ndia 4) e Varginha (1).<\/p>\n","protected":false},"excerpt":{"rendered":"<p>O novo boletim epidemiol\u00f3gico divulgado nesta segunda-feira (20) pela Secretaria de Estado da Sa\u00fade de Minas Gerais (SES-MG), confirmou 41 mortes causadas pelo Coronav\u00edrus em Minas Gerais. At\u00e9 ent\u00e3o foram notificados 1.189 casos, cujo levantamento pode ser conferido no portal da entidade. Os dados atualizados referentes a \u00f3bitos confirmados em Minas Gerais s\u00e3o: Belmiro Braga [&hellip;]<\/p>\n","protected":false},"author":96,"featured_media":156635,"comment_status":"closed","ping_status":"closed","sticky":false,"template":"","format":"standard","meta":{"footnotes":""},"categories":[436,440,252,439],"tags":[],"class_list":["post-158699","post","type-post","status-publish","format-standard","has-post-thumbnail","hentry","category-destaque-da-semana","category-destaques-do-dia","category-regiao","category-ultima-hora"],"_links":{"self":[{"href":"https:\/\/diarioregionaldigital.com.br\/index.php?rest_route=\/wp\/v2\/posts\/158699","targetHints":{"allow":["GET"]}}],"collection":[{"href":"https:\/\/diarioregionaldigital.com.br\/index.php?rest_route=\/wp\/v2\/posts"}],"about":[{"href":"https:\/\/diarioregionaldigital.com.br\/index.php?rest_route=\/wp\/v2\/types\/post"}],"author":[{"embeddable":true,"href":"https:\/\/diarioregionaldigital.com.br\/index.php?rest_route=\/wp\/v2\/users\/96"}],"replies":[{"embeddable":true,"href":"https:\/\/diarioregionaldigital.com.br\/index.php?rest_route=%2Fwp%2Fv2%2Fcomments&post=158699"}],"version-history":[{"count":0,"href":"https:\/\/diarioregionaldigital.com.br\/index.php?rest_route=\/wp\/v2\/posts\/158699\/revisions"}],"wp:featuredmedia":[{"embeddable":true,"href":"https:\/\/diarioregionaldigital.com.br\/index.php?rest_route=\/wp\/v2\/media\/156635"}],"wp:attachment":[{"href":"https:\/\/diarioregionaldigital.com.br\/index.php?rest_route=%2Fwp%2Fv2%2Fmedia&parent=158699"}],"wp:term":[{"taxonomy":"category","embeddable":true,"href":"https:\/\/diarioregionaldigital.com.br\/index.php?rest_route=%2Fwp%2Fv2%2Fcategories&post=158699"},{"taxonomy":"post_tag","embeddable":true,"href":"https:\/\/diarioregionaldigital.com.br\/index.php?rest_route=%2Fwp%2Fv2%2Ftags&post=158699"}],"curies":[{"name":"wp","href":"https:\/\/api.w.org\/{rel}","templated":true}]}}