{"id":158697,"date":"2020-04-20T14:36:41","date_gmt":"2020-04-20T17:36:41","guid":{"rendered":"https:\/\/diarioregionaldigital.com.br\/?p=158697"},"modified":"2020-04-20T14:36:41","modified_gmt":"2020-04-20T17:36:41","slug":"primeiro-preso-morto-por-coronavirus-em-sao-paulo-era-hipertenso","status":"publish","type":"post","link":"https:\/\/diarioregionaldigital.com.br\/?p=158697","title":{"rendered":"Primeiro preso morto por coronav\u00edrus em S\u00e3o Paulo era hipertenso"},"content":{"rendered":"<div class=\"col-xl-7 offset-xl-1 col-lg-8 offset-lg-0 col-md-10 offset-md-1 mb-3\">\n<div class=\"post-item alt-font\">\n<div class=\"post-item-wrap\">\n<p>O primeiro preso morto no estado de S\u00e3o Paulo por coronav\u00edrus era hipertenso e tinha 67 anos. Segundo a Secretaria de Administra\u00e7\u00e3o Penitenci\u00e1ria, a morte de Jos\u00e9 Iran Alves da Silva\u00a0foi a primeira\u00a0causada por coronav\u00edrus\u00a0confirmada\u00a0entre os privados de liberdade do sistema penitenci\u00e1rio do estado. Silva\u00a0morreu\u00a0<span id=\"OBJ_PREFIX_DWT286_com_zimbra_date\" role=\"link\">ontem<\/span>\u00a0(19) na Santa Casa de Sorocaba, onde estava internado desde o dia 9.<\/p>\n<p>O reeducando estava preso desde maio de 2016 na Penitenci\u00e1ria II Dr. Antonio de Souza Neto, em Sorocaba, interior do estado. No \u00faltimo dia 9, ele foi atendido na enfermaria da penitenci\u00e1ria apresentando febre e falta de ar, sendo imediatamente encaminhado para a Unidade de Pronto Atendimento (UPA). De l\u00e1, ele foi transferido para a Santa Casa. Al\u00e9m de hipertenso, ele fazia tratamento para a pr\u00f3stata.<\/p>\n<p>Com a confirma\u00e7\u00e3o da infec\u00e7\u00e3o e morte por coronav\u00edrus, os colegas de cela de Silva est\u00e3o sendo monitorados. A unidade prisional tamb\u00e9m suspendeu o banho de sol para a popula\u00e7\u00e3o carcer\u00e1ria, por precau\u00e7\u00e3o, e aumentou as medidas de limpeza e de preven\u00e7\u00e3o. De acordo com a Secretaria de Administra\u00e7\u00e3o Penitenci\u00e1ria, foram tamb\u00e9m distribu\u00eddas m\u00e1scaras de prote\u00e7\u00e3o aos presos da unidade.<\/p>\n<p>A secretaria informou ainda que avalia permanentemente as a\u00e7\u00f5es para o enfrentamento do v\u00edrus nas unidades prisionais.\u00a0Nos casos suspeitos entre os presos, o paciente \u00e9 isolado, e a Vigil\u00e2ncia Epidemiol\u00f3gica local \u00e9 contatada. Os servidores em contato com o paciente\u00a0usam mecanismos de prote\u00e7\u00e3o padr\u00e3o, como m\u00e1scaras e luvas descart\u00e1veis.<\/p>\n<p>Segundo a secretaria, se confirmado o diagn\u00f3stico, al\u00e9m de continuar seguindo os procedimentos necess\u00e1rios, o preso ser\u00e1 mantido em isolamento na enfermaria durante todo o per\u00edodo de tratamento.<\/p>\n<p>At\u00e9 este momento, informou a secretaria, h\u00e1 quatro casos confirmados de coronav\u00edrus no sistema prisional do estado. Tr\u00eas detentos est\u00e3o em tratamento, e um recebeu alta ap\u00f3s\u00a0<span id=\"OBJ_PREFIX_DWT287_com_zimbra_date\" role=\"link\">ter<\/span>\u00a0se curado e cumprido a quarentena. H\u00e1 ainda 51 presos isolados, em observa\u00e7\u00e3o.<\/p>\n<p>&nbsp;<\/p>\n<\/div>\n<p><strong>Fonte:\u00a0<\/strong>Ag\u00eancia Brasil<\/p>\n<\/div>\n<div class=\"container eouv-manifestacoes d-print-none\">\n<div class=\"row\">\n<p>&nbsp;<\/p>\n<\/div>\n<\/div>\n<\/div>\n","protected":false},"excerpt":{"rendered":"<p>O primeiro preso morto no estado de S\u00e3o Paulo por coronav\u00edrus era hipertenso e tinha 67 anos. Segundo a Secretaria de Administra\u00e7\u00e3o Penitenci\u00e1ria, a morte de Jos\u00e9 Iran Alves da Silva\u00a0foi a primeira\u00a0causada por coronav\u00edrus\u00a0confirmada\u00a0entre os privados de liberdade do sistema penitenci\u00e1rio do estado. Silva\u00a0morreu\u00a0ontem\u00a0(19) na Santa Casa de Sorocaba, onde estava internado desde o [&hellip;]<\/p>\n","protected":false},"author":96,"featured_media":157776,"comment_status":"closed","ping_status":"closed","sticky":false,"template":"","format":"standard","meta":{"footnotes":""},"categories":[302,436,440,439],"tags":[],"class_list":["post-158697","post","type-post","status-publish","format-standard","has-post-thumbnail","hentry","category-brasil-mundo","category-destaque-da-semana","category-destaques-do-dia","category-ultima-hora"],"_links":{"self":[{"href":"https:\/\/diarioregionaldigital.com.br\/index.php?rest_route=\/wp\/v2\/posts\/158697","targetHints":{"allow":["GET"]}}],"collection":[{"href":"https:\/\/diarioregionaldigital.com.br\/index.php?rest_route=\/wp\/v2\/posts"}],"about":[{"href":"https:\/\/diarioregionaldigital.com.br\/index.php?rest_route=\/wp\/v2\/types\/post"}],"author":[{"embeddable":true,"href":"https:\/\/diarioregionaldigital.com.br\/index.php?rest_route=\/wp\/v2\/users\/96"}],"replies":[{"embeddable":true,"href":"https:\/\/diarioregionaldigital.com.br\/index.php?rest_route=%2Fwp%2Fv2%2Fcomments&post=158697"}],"version-history":[{"count":0,"href":"https:\/\/diarioregionaldigital.com.br\/index.php?rest_route=\/wp\/v2\/posts\/158697\/revisions"}],"wp:featuredmedia":[{"embeddable":true,"href":"https:\/\/diarioregionaldigital.com.br\/index.php?rest_route=\/wp\/v2\/media\/157776"}],"wp:attachment":[{"href":"https:\/\/diarioregionaldigital.com.br\/index.php?rest_route=%2Fwp%2Fv2%2Fmedia&parent=158697"}],"wp:term":[{"taxonomy":"category","embeddable":true,"href":"https:\/\/diarioregionaldigital.com.br\/index.php?rest_route=%2Fwp%2Fv2%2Fcategories&post=158697"},{"taxonomy":"post_tag","embeddable":true,"href":"https:\/\/diarioregionaldigital.com.br\/index.php?rest_route=%2Fwp%2Fv2%2Ftags&post=158697"}],"curies":[{"name":"wp","href":"https:\/\/api.w.org\/{rel}","templated":true}]}}