{"id":158693,"date":"2020-04-18T18:48:52","date_gmt":"2020-04-18T21:48:52","guid":{"rendered":"https:\/\/diarioregionaldigital.com.br\/?p=158693"},"modified":"2020-04-18T18:48:52","modified_gmt":"2020-04-18T21:48:52","slug":"prefeitura-determina-uso-obrigatorio-de-mascara","status":"publish","type":"post","link":"https:\/\/diarioregionaldigital.com.br\/?p=158693","title":{"rendered":"Prefeitura determina uso obrigat\u00f3rio de m\u00e1scara"},"content":{"rendered":"<p style=\"padding-left: 30px;\">A Prefeitura de Juiz de Fora (PJF), determinou atrav\u00e9s de decreto divulgado hoje (18), a obrigatoriedade do uso de m\u00e1scaras pela cidade. A nova medida faz parte dos planos para conter a propaga\u00e7\u00e3o do Coronav\u00edrus.<\/p>\n<p>O prefeito Ant\u00f4nio Almas fez o an\u00fancio atrav\u00e9s de um video e pede para que a popula\u00e7\u00e3o continue seguindo as normas:<\/p>\n<p>\u201dPe\u00e7o a todos voc\u00eas que al\u00e9m de ficar em casa, que \u00e9 fundamental nesse momento para garantir o achatamento da curva.\u201d<\/p>\n","protected":false},"excerpt":{"rendered":"<p>A Prefeitura de Juiz de Fora (PJF), determinou atrav\u00e9s de decreto divulgado hoje (18), a obrigatoriedade do uso de m\u00e1scaras pela cidade. A nova medida faz parte dos planos para conter a propaga\u00e7\u00e3o do Coronav\u00edrus. O prefeito Ant\u00f4nio Almas fez o an\u00fancio atrav\u00e9s de um video e pede para que a popula\u00e7\u00e3o continue seguindo as [&hellip;]<\/p>\n","protected":false},"author":96,"featured_media":158694,"comment_status":"closed","ping_status":"closed","sticky":false,"template":"","format":"standard","meta":{"footnotes":""},"categories":[253,436,440,439],"tags":[],"class_list":["post-158693","post","type-post","status-publish","format-standard","has-post-thumbnail","hentry","category-cidade","category-destaque-da-semana","category-destaques-do-dia","category-ultima-hora"],"_links":{"self":[{"href":"https:\/\/diarioregionaldigital.com.br\/index.php?rest_route=\/wp\/v2\/posts\/158693","targetHints":{"allow":["GET"]}}],"collection":[{"href":"https:\/\/diarioregionaldigital.com.br\/index.php?rest_route=\/wp\/v2\/posts"}],"about":[{"href":"https:\/\/diarioregionaldigital.com.br\/index.php?rest_route=\/wp\/v2\/types\/post"}],"author":[{"embeddable":true,"href":"https:\/\/diarioregionaldigital.com.br\/index.php?rest_route=\/wp\/v2\/users\/96"}],"replies":[{"embeddable":true,"href":"https:\/\/diarioregionaldigital.com.br\/index.php?rest_route=%2Fwp%2Fv2%2Fcomments&post=158693"}],"version-history":[{"count":0,"href":"https:\/\/diarioregionaldigital.com.br\/index.php?rest_route=\/wp\/v2\/posts\/158693\/revisions"}],"wp:featuredmedia":[{"embeddable":true,"href":"https:\/\/diarioregionaldigital.com.br\/index.php?rest_route=\/wp\/v2\/media\/158694"}],"wp:attachment":[{"href":"https:\/\/diarioregionaldigital.com.br\/index.php?rest_route=%2Fwp%2Fv2%2Fmedia&parent=158693"}],"wp:term":[{"taxonomy":"category","embeddable":true,"href":"https:\/\/diarioregionaldigital.com.br\/index.php?rest_route=%2Fwp%2Fv2%2Fcategories&post=158693"},{"taxonomy":"post_tag","embeddable":true,"href":"https:\/\/diarioregionaldigital.com.br\/index.php?rest_route=%2Fwp%2Fv2%2Ftags&post=158693"}],"curies":[{"name":"wp","href":"https:\/\/api.w.org\/{rel}","templated":true}]}}