{"id":158681,"date":"2020-04-18T14:29:26","date_gmt":"2020-04-18T17:29:26","guid":{"rendered":"https:\/\/diarioregionaldigital.com.br\/?p=158681"},"modified":"2020-04-18T14:29:26","modified_gmt":"2020-04-18T17:29:26","slug":"cinco-pessoas-sao-presas-durante-operacao-em-furtado-de-menezes","status":"publish","type":"post","link":"https:\/\/diarioregionaldigital.com.br\/?p=158681","title":{"rendered":"Cinco pessoas s\u00e3o presas durante opera\u00e7\u00e3o em Furtado de Menezes"},"content":{"rendered":"<p><span style=\"font-weight: 400;\">Durante uma grande opera\u00e7\u00e3o, realizada na manh\u00e3 deste s\u00e1bado (18), a Pol\u00edcia Militar obteve \u00eaxito em prender cinco pessoas por envolvimento ao tr\u00e1fico de drogas e posse ilegal de arma de fogo. Segundo informa\u00e7\u00f5es, foi feito o cumprimento de tr\u00eas mandados de busca e apreens\u00e3o.<\/span><\/p>\n<p><span style=\"font-weight: 400;\">Ao todo foram encontrados uma pistola, um carregador e cinco muni\u00e7\u00f5es 9mm, um simulacro de pistola, 50 tabletes, uma barra e cinco buchas de maconha, 16 bolas de haxixe, 38 pedras de crack, duas pedras brutas de crack, uma bicicleta recuperada, R$ 1.323,45 em dinheiro, cinco celulares, duas balan\u00e7as de precis\u00e3o, 218 pinos vazios de coca\u00edna, uma m\u00e1quina de cart\u00e3o de cr\u00e9dito, um notebook, um caderno contendo as movimenta\u00e7\u00f5es e transa\u00e7\u00f5es do tr\u00e1fico e material para embalar as drogas.<\/span><\/p>\n<p><span style=\"font-weight: 400;\">Os suspeitos foram presos em flagrante, sendo quatro homens e uma mulher. A ocorr\u00eancia foi encerrada na Delegacia.<\/span><\/p>\n","protected":false},"excerpt":{"rendered":"<p>Durante uma grande opera\u00e7\u00e3o, realizada na manh\u00e3 deste s\u00e1bado (18), a Pol\u00edcia Militar obteve \u00eaxito em prender cinco pessoas por envolvimento ao tr\u00e1fico de drogas e posse ilegal de arma de fogo. Segundo informa\u00e7\u00f5es, foi feito o cumprimento de tr\u00eas mandados de busca e apreens\u00e3o. Ao todo foram encontrados uma pistola, um carregador e cinco [&hellip;]<\/p>\n","protected":false},"author":96,"featured_media":158682,"comment_status":"closed","ping_status":"closed","sticky":false,"template":"","format":"standard","meta":{"footnotes":""},"categories":[301,436,440,439],"tags":[],"class_list":["post-158681","post","type-post","status-publish","format-standard","has-post-thumbnail","hentry","category-artigos-policiais","category-destaque-da-semana","category-destaques-do-dia","category-ultima-hora"],"_links":{"self":[{"href":"https:\/\/diarioregionaldigital.com.br\/index.php?rest_route=\/wp\/v2\/posts\/158681","targetHints":{"allow":["GET"]}}],"collection":[{"href":"https:\/\/diarioregionaldigital.com.br\/index.php?rest_route=\/wp\/v2\/posts"}],"about":[{"href":"https:\/\/diarioregionaldigital.com.br\/index.php?rest_route=\/wp\/v2\/types\/post"}],"author":[{"embeddable":true,"href":"https:\/\/diarioregionaldigital.com.br\/index.php?rest_route=\/wp\/v2\/users\/96"}],"replies":[{"embeddable":true,"href":"https:\/\/diarioregionaldigital.com.br\/index.php?rest_route=%2Fwp%2Fv2%2Fcomments&post=158681"}],"version-history":[{"count":0,"href":"https:\/\/diarioregionaldigital.com.br\/index.php?rest_route=\/wp\/v2\/posts\/158681\/revisions"}],"wp:featuredmedia":[{"embeddable":true,"href":"https:\/\/diarioregionaldigital.com.br\/index.php?rest_route=\/wp\/v2\/media\/158682"}],"wp:attachment":[{"href":"https:\/\/diarioregionaldigital.com.br\/index.php?rest_route=%2Fwp%2Fv2%2Fmedia&parent=158681"}],"wp:term":[{"taxonomy":"category","embeddable":true,"href":"https:\/\/diarioregionaldigital.com.br\/index.php?rest_route=%2Fwp%2Fv2%2Fcategories&post=158681"},{"taxonomy":"post_tag","embeddable":true,"href":"https:\/\/diarioregionaldigital.com.br\/index.php?rest_route=%2Fwp%2Fv2%2Ftags&post=158681"}],"curies":[{"name":"wp","href":"https:\/\/api.w.org\/{rel}","templated":true}]}}