{"id":158673,"date":"2020-04-19T06:00:45","date_gmt":"2020-04-19T09:00:45","guid":{"rendered":"https:\/\/diarioregionaldigital.com.br\/?p=158673"},"modified":"2020-04-18T00:32:04","modified_gmt":"2020-04-18T03:32:04","slug":"sensatez","status":"publish","type":"post","link":"https:\/\/diarioregionaldigital.com.br\/?p=158673","title":{"rendered":"Sensatez"},"content":{"rendered":"<p style=\"text-align: center;\"><strong>Sensatez<\/strong><\/p>\n<p style=\"text-align: center;\">Em boa hora a Assembleia Legislativa aprovou, um projeto do deputado Dr. Jean Freire (PT) estabelecendo a utiliza\u00e7\u00e3o de agentes comunit\u00e1rios de sa\u00fade na preven\u00e7\u00e3o da viol\u00eancia dom\u00e9stica. O projeto ganhou relev\u00e2ncia com a amplia\u00e7\u00e3o do problema ap\u00f3s as medidas de isolamento social adotadas em Minas Gerais, em decorr\u00eancia do Coronav\u00edrus. O texto foi aprovado em vota\u00e7\u00e3o \u00fanica por ser considerado de car\u00e1ter emergencial.<\/p>\n<p style=\"text-align: center;\"><strong>Nas M\u00e3os<\/strong><\/p>\n<p style=\"text-align: center;\">Para usar em tempo real, o esmalte cor da pele \u00e9 certeiro para as mulheres que gosta de estar com as m\u00e3os em dia, mas n\u00e3o quer ousar. O resultado \u00e9 sempre elegante.<\/p>\n<p style=\"text-align: center;\"><strong>Formatura<\/strong><\/p>\n<p style=\"text-align: center;\">Com a realidade do Coronav\u00edrus em pauta, uma portaria do MEC autorizou abrevia\u00e7\u00e3o dos cursos do sistema federal de ensino, desde que os alunos atuem no combate \u00e1 doen\u00e7a. Porem, a Faculdade de Medicina da UFJF, n\u00e3o recomenda aos alunos do 12\u00ba per\u00edodo anteciparem suas formaturas.<\/p>\n<p style=\"text-align: center;\"><strong>Moda<\/strong><\/p>\n<p style=\"text-align: center;\">Para depois que a quarentena passar, as mulheres ir\u00e3o atacar com tanta beleza. Para tanto as festas chiques ir\u00e3o exigir vestidos brilhosos com capa. O efeito nos ombros \u00e9 arrebatador e garante sofistica\u00e7\u00e3o ao visual. Para n\u00e3o exagerar, aposte em acess\u00f3rios monocrom\u00e1ticos da by Candy.<\/p>\n<p style=\"text-align: center;\"><span style=\"font-size: 12pt;\"><strong>Para Refletir<\/strong> <\/span><\/p>\n<p style=\"text-align: center;\">Ir a uma mostra de arte me impacta menos que passar por uma rua a noite e observar moradores em situa\u00e7\u00e3o de rua, sujeitos a doen\u00e7as transmiss\u00edveis. O problema social existe e n\u00e3o podemos ficar calados.<\/p>\n<p style=\"text-align: center;\"><span style=\"font-size: 14pt;\"><strong>Lembrete<\/strong><\/span><\/p>\n<p style=\"text-align: center;\">As fotos em destaque nas colunas na atualidade, foram clicadas antes do isolamento social<\/p>\n<div id=\"attachment_158660\" style=\"width: 690px\" class=\"wp-caption aligncenter\"><img loading=\"lazy\" decoding=\"async\" aria-describedby=\"caption-attachment-158660\" class=\"wp-image-158660\" src=\"https:\/\/diarioregionaldigital.com.br\/wp-content\/uploads\/2020\/04\/fotoaa-e1587177949360.jpg\" alt=\"\" width=\"680\" height=\"521\" srcset=\"https:\/\/diarioregionaldigital.com.br\/wp-content\/uploads\/2020\/04\/fotoaa-e1587177949360.jpg 717w, https:\/\/diarioregionaldigital.com.br\/wp-content\/uploads\/2020\/04\/fotoaa-e1587177949360-300x230.jpg 300w, https:\/\/diarioregionaldigital.com.br\/wp-content\/uploads\/2020\/04\/fotoaa-e1587177949360-360x276.jpg 360w\" sizes=\"auto, (max-width: 680px) 100vw, 680px\" \/><p id=\"caption-attachment-158660\" class=\"wp-caption-text\">Um foco de luz na bel\u00edssima Renata Hirschberg<\/p><\/div>\n<div id=\"attachment_158659\" style=\"width: 690px\" class=\"wp-caption aligncenter\"><img loading=\"lazy\" decoding=\"async\" aria-describedby=\"caption-attachment-158659\" class=\"wp-image-158659\" src=\"https:\/\/diarioregionaldigital.com.br\/wp-content\/uploads\/2020\/04\/fotoa-11-e1587177919404.jpg\" alt=\"\" width=\"680\" height=\"538\" srcset=\"https:\/\/diarioregionaldigital.com.br\/wp-content\/uploads\/2020\/04\/fotoa-11-e1587177919404.jpg 1682w, https:\/\/diarioregionaldigital.com.br\/wp-content\/uploads\/2020\/04\/fotoa-11-e1587177919404-300x237.jpg 300w, https:\/\/diarioregionaldigital.com.br\/wp-content\/uploads\/2020\/04\/fotoa-11-e1587177919404-768x608.jpg 768w, https:\/\/diarioregionaldigital.com.br\/wp-content\/uploads\/2020\/04\/fotoa-11-e1587177919404-1024x810.jpg 1024w, https:\/\/diarioregionaldigital.com.br\/wp-content\/uploads\/2020\/04\/fotoa-11-e1587177919404-360x285.jpg 360w\" sizes=\"auto, (max-width: 680px) 100vw, 680px\" \/><p id=\"caption-attachment-158659\" class=\"wp-caption-text\">O domingo \u00e9 absolutamente da bela Lara Spada<\/p><\/div>\n<div id=\"attachment_158661\" style=\"width: 690px\" class=\"wp-caption aligncenter\"><img loading=\"lazy\" decoding=\"async\" aria-describedby=\"caption-attachment-158661\" class=\"wp-image-158661\" src=\"https:\/\/diarioregionaldigital.com.br\/wp-content\/uploads\/2020\/04\/fotob-11-e1587179348579.jpg\" alt=\"\" width=\"680\" height=\"546\" srcset=\"https:\/\/diarioregionaldigital.com.br\/wp-content\/uploads\/2020\/04\/fotob-11-e1587179348579.jpg 1873w, https:\/\/diarioregionaldigital.com.br\/wp-content\/uploads\/2020\/04\/fotob-11-e1587179348579-300x241.jpg 300w, https:\/\/diarioregionaldigital.com.br\/wp-content\/uploads\/2020\/04\/fotob-11-e1587179348579-768x617.jpg 768w, https:\/\/diarioregionaldigital.com.br\/wp-content\/uploads\/2020\/04\/fotob-11-e1587179348579-1024x823.jpg 1024w, https:\/\/diarioregionaldigital.com.br\/wp-content\/uploads\/2020\/04\/fotob-11-e1587179348579-360x289.jpg 360w\" sizes=\"auto, (max-width: 680px) 100vw, 680px\" \/><p id=\"caption-attachment-158661\" class=\"wp-caption-text\">O Dj de astros e estrelas, Rodryggo Fhernand esperando em casa para sacudir o som e dar a volta por cima<\/p><\/div>\n<div id=\"attachment_158662\" style=\"width: 690px\" class=\"wp-caption aligncenter\"><img loading=\"lazy\" decoding=\"async\" aria-describedby=\"caption-attachment-158662\" class=\"wp-image-158662\" src=\"https:\/\/diarioregionaldigital.com.br\/wp-content\/uploads\/2020\/04\/fotoc-11.jpg\" alt=\"\" width=\"680\" height=\"658\" srcset=\"https:\/\/diarioregionaldigital.com.br\/wp-content\/uploads\/2020\/04\/fotoc-11.jpg 1960w, https:\/\/diarioregionaldigital.com.br\/wp-content\/uploads\/2020\/04\/fotoc-11-300x290.jpg 300w, https:\/\/diarioregionaldigital.com.br\/wp-content\/uploads\/2020\/04\/fotoc-11-768x743.jpg 768w, https:\/\/diarioregionaldigital.com.br\/wp-content\/uploads\/2020\/04\/fotoc-11-1024x991.jpg 1024w, https:\/\/diarioregionaldigital.com.br\/wp-content\/uploads\/2020\/04\/fotoc-11-360x348.jpg 360w\" sizes=\"auto, (max-width: 680px) 100vw, 680px\" \/><p id=\"caption-attachment-158662\" class=\"wp-caption-text\">A bela morena Larissa Cancino exibe penteado ultra moderno em produ\u00e7\u00e3o do hair David Telles<\/p><\/div>\n<div id=\"attachment_158663\" style=\"width: 690px\" class=\"wp-caption aligncenter\"><img loading=\"lazy\" decoding=\"async\" aria-describedby=\"caption-attachment-158663\" class=\"wp-image-158663\" src=\"https:\/\/diarioregionaldigital.com.br\/wp-content\/uploads\/2020\/04\/fotod-11-e1587179408301.jpg\" alt=\"\" width=\"680\" height=\"570\" srcset=\"https:\/\/diarioregionaldigital.com.br\/wp-content\/uploads\/2020\/04\/fotod-11-e1587179408301.jpg 1680w, https:\/\/diarioregionaldigital.com.br\/wp-content\/uploads\/2020\/04\/fotod-11-e1587179408301-300x251.jpg 300w, https:\/\/diarioregionaldigital.com.br\/wp-content\/uploads\/2020\/04\/fotod-11-e1587179408301-768x643.jpg 768w, https:\/\/diarioregionaldigital.com.br\/wp-content\/uploads\/2020\/04\/fotod-11-e1587179408301-1024x858.jpg 1024w, https:\/\/diarioregionaldigital.com.br\/wp-content\/uploads\/2020\/04\/fotod-11-e1587179408301-360x302.jpg 360w\" sizes=\"auto, (max-width: 680px) 100vw, 680px\" \/><p id=\"caption-attachment-158663\" class=\"wp-caption-text\">Na luta por dias melhores, o casal da Conservadora Memorial, Marcio Alves e K\u00e1tia Borges<\/p><\/div>\n<div id=\"attachment_158664\" style=\"width: 690px\" class=\"wp-caption aligncenter\"><img loading=\"lazy\" decoding=\"async\" aria-describedby=\"caption-attachment-158664\" class=\"wp-image-158664\" src=\"https:\/\/diarioregionaldigital.com.br\/wp-content\/uploads\/2020\/04\/fotoe-11-e1587179467554.jpg\" alt=\"\" width=\"680\" height=\"542\" srcset=\"https:\/\/diarioregionaldigital.com.br\/wp-content\/uploads\/2020\/04\/fotoe-11-e1587179467554.jpg 1806w, https:\/\/diarioregionaldigital.com.br\/wp-content\/uploads\/2020\/04\/fotoe-11-e1587179467554-300x239.jpg 300w, https:\/\/diarioregionaldigital.com.br\/wp-content\/uploads\/2020\/04\/fotoe-11-e1587179467554-768x612.jpg 768w, https:\/\/diarioregionaldigital.com.br\/wp-content\/uploads\/2020\/04\/fotoe-11-e1587179467554-1024x816.jpg 1024w, https:\/\/diarioregionaldigital.com.br\/wp-content\/uploads\/2020\/04\/fotoe-11-e1587179467554-360x287.jpg 360w\" sizes=\"auto, (max-width: 680px) 100vw, 680px\" \/><p id=\"caption-attachment-158664\" class=\"wp-caption-text\">Beth Ank e Rosenberg Frizeiro fazendo a linha amigos para sempre<\/p><\/div>\n<div id=\"attachment_158665\" style=\"width: 690px\" class=\"wp-caption aligncenter\"><img loading=\"lazy\" decoding=\"async\" aria-describedby=\"caption-attachment-158665\" class=\"wp-image-158665\" src=\"https:\/\/diarioregionaldigital.com.br\/wp-content\/uploads\/2020\/04\/fotof-10-e1587179542779.jpg\" alt=\"\" width=\"680\" height=\"542\" srcset=\"https:\/\/diarioregionaldigital.com.br\/wp-content\/uploads\/2020\/04\/fotof-10-e1587179542779.jpg 1645w, https:\/\/diarioregionaldigital.com.br\/wp-content\/uploads\/2020\/04\/fotof-10-e1587179542779-300x239.jpg 300w, https:\/\/diarioregionaldigital.com.br\/wp-content\/uploads\/2020\/04\/fotof-10-e1587179542779-768x613.jpg 768w, https:\/\/diarioregionaldigital.com.br\/wp-content\/uploads\/2020\/04\/fotof-10-e1587179542779-1024x817.jpg 1024w, https:\/\/diarioregionaldigital.com.br\/wp-content\/uploads\/2020\/04\/fotof-10-e1587179542779-360x287.jpg 360w\" sizes=\"auto, (max-width: 680px) 100vw, 680px\" \/><p id=\"caption-attachment-158665\" class=\"wp-caption-text\">Direto de Dores do Turvo (MG) o al\u00f4 do casal Helena de Oliveira Barros e Vandir Val\u00e9rio<\/p><\/div>\n<div id=\"attachment_158666\" style=\"width: 690px\" class=\"wp-caption aligncenter\"><img loading=\"lazy\" decoding=\"async\" aria-describedby=\"caption-attachment-158666\" class=\"wp-image-158666\" src=\"https:\/\/diarioregionaldigital.com.br\/wp-content\/uploads\/2020\/04\/fotog-11-e1587179611626.jpg\" alt=\"\" width=\"680\" height=\"545\" srcset=\"https:\/\/diarioregionaldigital.com.br\/wp-content\/uploads\/2020\/04\/fotog-11-e1587179611626.jpg 1691w, https:\/\/diarioregionaldigital.com.br\/wp-content\/uploads\/2020\/04\/fotog-11-e1587179611626-300x241.jpg 300w, https:\/\/diarioregionaldigital.com.br\/wp-content\/uploads\/2020\/04\/fotog-11-e1587179611626-768x616.jpg 768w, https:\/\/diarioregionaldigital.com.br\/wp-content\/uploads\/2020\/04\/fotog-11-e1587179611626-1024x821.jpg 1024w, https:\/\/diarioregionaldigital.com.br\/wp-content\/uploads\/2020\/04\/fotog-11-e1587179611626-360x289.jpg 360w\" sizes=\"auto, (max-width: 680px) 100vw, 680px\" \/><p id=\"caption-attachment-158666\" class=\"wp-caption-text\">Esperando o isolamento passar para treinar o bonito administrador Guilherme Nascimento<\/p><\/div>\n<div id=\"attachment_158667\" style=\"width: 690px\" class=\"wp-caption aligncenter\"><img loading=\"lazy\" decoding=\"async\" aria-describedby=\"caption-attachment-158667\" class=\"wp-image-158667\" src=\"https:\/\/diarioregionaldigital.com.br\/wp-content\/uploads\/2020\/04\/fotoh-11-e1587179662379.jpg\" alt=\"\" width=\"680\" height=\"517\" srcset=\"https:\/\/diarioregionaldigital.com.br\/wp-content\/uploads\/2020\/04\/fotoh-11-e1587179662379.jpg 1870w, https:\/\/diarioregionaldigital.com.br\/wp-content\/uploads\/2020\/04\/fotoh-11-e1587179662379-300x228.jpg 300w, https:\/\/diarioregionaldigital.com.br\/wp-content\/uploads\/2020\/04\/fotoh-11-e1587179662379-768x584.jpg 768w, https:\/\/diarioregionaldigital.com.br\/wp-content\/uploads\/2020\/04\/fotoh-11-e1587179662379-1024x778.jpg 1024w, https:\/\/diarioregionaldigital.com.br\/wp-content\/uploads\/2020\/04\/fotoh-11-e1587179662379-360x274.jpg 360w\" sizes=\"auto, (max-width: 680px) 100vw, 680px\" \/><p id=\"caption-attachment-158667\" class=\"wp-caption-text\">Amigos do samba Cenira Pereira e Eduardo Gomes<\/p><\/div>\n<div id=\"attachment_158668\" style=\"width: 690px\" class=\"wp-caption aligncenter\"><img loading=\"lazy\" decoding=\"async\" aria-describedby=\"caption-attachment-158668\" class=\"wp-image-158668\" src=\"https:\/\/diarioregionaldigital.com.br\/wp-content\/uploads\/2020\/04\/fotoi-9-e1587179721181.jpg\" alt=\"\" width=\"680\" height=\"525\" srcset=\"https:\/\/diarioregionaldigital.com.br\/wp-content\/uploads\/2020\/04\/fotoi-9-e1587179721181.jpg 1822w, https:\/\/diarioregionaldigital.com.br\/wp-content\/uploads\/2020\/04\/fotoi-9-e1587179721181-300x232.jpg 300w, https:\/\/diarioregionaldigital.com.br\/wp-content\/uploads\/2020\/04\/fotoi-9-e1587179721181-768x593.jpg 768w, https:\/\/diarioregionaldigital.com.br\/wp-content\/uploads\/2020\/04\/fotoi-9-e1587179721181-1024x791.jpg 1024w, https:\/\/diarioregionaldigital.com.br\/wp-content\/uploads\/2020\/04\/fotoi-9-e1587179721181-360x278.jpg 360w\" sizes=\"auto, (max-width: 680px) 100vw, 680px\" \/><p id=\"caption-attachment-158668\" class=\"wp-caption-text\">Fazendo sucesso em tempo real os cabeleireiros, Thales Afonso e Rhuan Fontes<\/p><\/div>\n<p style=\"text-align: center;\"><strong>FOTOSS\u00cdNTESE<\/strong><\/p>\n<p>Depois de tantas reclama\u00e7\u00f5es, a Pol\u00edcia Civil e o Procon est\u00e3o fazendo a\u00e7\u00e3o contra pre\u00e7os abusivos em Juiz de Fora e regi\u00e3o.<\/p>\n<p>Com a Prefeitura de Juiz de Fora decretando estado de calamidade p\u00fablica, a medida permite que o Munic\u00edpio efetue compras emergenciais sem a realiza\u00e7\u00e3o de licita\u00e7\u00f5es e ultrapasse metas fiscais para custear a\u00e7\u00f5es de combate ao Coronav\u00edrus.<\/p>\n<p>A secret\u00e1ria de Estado de Desenvolvimento Social Elizabeth Juc\u00e1, anunciou que o Governo de Minas liberou a bolsa-merenda para fam\u00edlias abaixo da linha de pobreza.<\/p>\n<p>Gente sem no\u00e7\u00e3o est\u00e3o passando trote para o Corpo de Bombeiros. A alta chega a 50% e est\u00e1 virando caso de pol\u00edcia.<\/p>\n<p>Os empres\u00e1rios Carolina e Ricardo Resende da loja de del\u00edcias Pipita criou para sua lanchonete e bomboni\u00e9re pela primeira vez, um cat\u00e1logo digital dos produtos facilitar a atendimento pelas redes sociais e Whatsapp.<\/p>\n<p>A P\u00e1scoa de 2020 foi pobre, pobre de marr\u00e9-de-s\u00ed. O d\u00f3lar alto freou as compras de chocolates e bacalhau.<\/p>\n<p>A legenda do MDB sumiu do mapa. Nenhuma not\u00edcia politica de seus 3 governadores, 13 senadores e 1.030 prefeitos.<\/p>\n<p>Aten\u00e7\u00e3o: Juiz de Fora permanece sem servi\u00e7o de manuten\u00e7\u00e3o da ilumina\u00e7\u00e3o p\u00fablica. O atendimento pelo 0800 n\u00e3o est\u00e1 funcionando no momento, devido \u00e1s adapta\u00e7\u00f5es impostas pelo combate ao novo Coronav\u00edrus. A prefeitura promete resolver at\u00e9 o final domes.<\/p>\n<p>Al\u00f4, Al\u00f4, internautas: Se a pessoa se arrependeu do que enviou por mensagem na internet, ela apaga discretamente e fim. Qual a vantagem de o interlocutor ser avisado de que algu\u00e9m desistiu do que escreveu para voc\u00ea? Isso chama sadismo! Bom dia.<\/p>\n<p><img loading=\"lazy\" decoding=\"async\" class=\"aligncenter size-full wp-image-158674\" src=\"https:\/\/diarioregionaldigital.com.br\/wp-content\/uploads\/2020\/04\/anuncio56.jpg\" alt=\"\" width=\"3516\" height=\"1404\" srcset=\"https:\/\/diarioregionaldigital.com.br\/wp-content\/uploads\/2020\/04\/anuncio56.jpg 3516w, https:\/\/diarioregionaldigital.com.br\/wp-content\/uploads\/2020\/04\/anuncio56-300x120.jpg 300w, https:\/\/diarioregionaldigital.com.br\/wp-content\/uploads\/2020\/04\/anuncio56-768x307.jpg 768w, https:\/\/diarioregionaldigital.com.br\/wp-content\/uploads\/2020\/04\/anuncio56-1024x409.jpg 1024w, https:\/\/diarioregionaldigital.com.br\/wp-content\/uploads\/2020\/04\/anuncio56-360x144.jpg 360w\" sizes=\"auto, (max-width: 3516px) 100vw, 3516px\" \/><\/p>\n<p>&nbsp;<\/p>\n","protected":false},"excerpt":{"rendered":"<p>Sensatez Em boa hora a Assembleia Legislativa aprovou, um projeto do deputado Dr. Jean Freire (PT) estabelecendo a utiliza\u00e7\u00e3o de agentes comunit\u00e1rios de sa\u00fade na preven\u00e7\u00e3o da viol\u00eancia dom\u00e9stica. O projeto ganhou relev\u00e2ncia com a amplia\u00e7\u00e3o do problema ap\u00f3s as medidas de isolamento social adotadas em Minas Gerais, em decorr\u00eancia do Coronav\u00edrus. O texto foi [&hellip;]<\/p>\n","protected":false},"author":96,"featured_media":158660,"comment_status":"closed","ping_status":"closed","sticky":false,"template":"","format":"standard","meta":{"footnotes":""},"categories":[264],"tags":[],"class_list":["post-158673","post","type-post","status-publish","format-standard","has-post-thumbnail","hentry","category-eduardo-gomes"],"_links":{"self":[{"href":"https:\/\/diarioregionaldigital.com.br\/index.php?rest_route=\/wp\/v2\/posts\/158673","targetHints":{"allow":["GET"]}}],"collection":[{"href":"https:\/\/diarioregionaldigital.com.br\/index.php?rest_route=\/wp\/v2\/posts"}],"about":[{"href":"https:\/\/diarioregionaldigital.com.br\/index.php?rest_route=\/wp\/v2\/types\/post"}],"author":[{"embeddable":true,"href":"https:\/\/diarioregionaldigital.com.br\/index.php?rest_route=\/wp\/v2\/users\/96"}],"replies":[{"embeddable":true,"href":"https:\/\/diarioregionaldigital.com.br\/index.php?rest_route=%2Fwp%2Fv2%2Fcomments&post=158673"}],"version-history":[{"count":0,"href":"https:\/\/diarioregionaldigital.com.br\/index.php?rest_route=\/wp\/v2\/posts\/158673\/revisions"}],"wp:featuredmedia":[{"embeddable":true,"href":"https:\/\/diarioregionaldigital.com.br\/index.php?rest_route=\/wp\/v2\/media\/158660"}],"wp:attachment":[{"href":"https:\/\/diarioregionaldigital.com.br\/index.php?rest_route=%2Fwp%2Fv2%2Fmedia&parent=158673"}],"wp:term":[{"taxonomy":"category","embeddable":true,"href":"https:\/\/diarioregionaldigital.com.br\/index.php?rest_route=%2Fwp%2Fv2%2Fcategories&post=158673"},{"taxonomy":"post_tag","embeddable":true,"href":"https:\/\/diarioregionaldigital.com.br\/index.php?rest_route=%2Fwp%2Fv2%2Ftags&post=158673"}],"curies":[{"name":"wp","href":"https:\/\/api.w.org\/{rel}","templated":true}]}}