{"id":158671,"date":"2020-04-17T20:57:47","date_gmt":"2020-04-17T23:57:47","guid":{"rendered":"https:\/\/diarioregionaldigital.com.br\/?p=158671"},"modified":"2020-04-17T20:57:47","modified_gmt":"2020-04-17T23:57:47","slug":"secretaria-de-saude-confirma-104-casos-de-coronavirus-em-juiz-de-fora","status":"publish","type":"post","link":"https:\/\/diarioregionaldigital.com.br\/?p=158671","title":{"rendered":"Secretaria de Sa\u00fade confirma 104 casos de Coronav\u00edrus em Juiz de Fora"},"content":{"rendered":"<p>O novo boletim epidemiol\u00f3gico divulgado pela Secretaria de Sa\u00fade (SS) da Prefeitura de Juiz de Fora (PJF), confirma 104 casos de Covid-19 em Juiz de Fora. Segundo o levantamento, s\u00e3o 1.434 suspeitos de contra\u00edrem a doen\u00e7a e at\u00e9 o momento duas mortes foram confirmadas.<\/p>\n","protected":false},"excerpt":{"rendered":"<p>O novo boletim epidemiol\u00f3gico divulgado pela Secretaria de Sa\u00fade (SS) da Prefeitura de Juiz de Fora (PJF), confirma 104 casos de Covid-19 em Juiz de Fora. Segundo o levantamento, s\u00e3o 1.434 suspeitos de contra\u00edrem a doen\u00e7a e at\u00e9 o momento duas mortes foram confirmadas.<\/p>\n","protected":false},"author":96,"featured_media":157658,"comment_status":"closed","ping_status":"closed","sticky":false,"template":"","format":"standard","meta":{"footnotes":""},"categories":[253,436,440,439],"tags":[],"class_list":["post-158671","post","type-post","status-publish","format-standard","has-post-thumbnail","hentry","category-cidade","category-destaque-da-semana","category-destaques-do-dia","category-ultima-hora"],"_links":{"self":[{"href":"https:\/\/diarioregionaldigital.com.br\/index.php?rest_route=\/wp\/v2\/posts\/158671","targetHints":{"allow":["GET"]}}],"collection":[{"href":"https:\/\/diarioregionaldigital.com.br\/index.php?rest_route=\/wp\/v2\/posts"}],"about":[{"href":"https:\/\/diarioregionaldigital.com.br\/index.php?rest_route=\/wp\/v2\/types\/post"}],"author":[{"embeddable":true,"href":"https:\/\/diarioregionaldigital.com.br\/index.php?rest_route=\/wp\/v2\/users\/96"}],"replies":[{"embeddable":true,"href":"https:\/\/diarioregionaldigital.com.br\/index.php?rest_route=%2Fwp%2Fv2%2Fcomments&post=158671"}],"version-history":[{"count":0,"href":"https:\/\/diarioregionaldigital.com.br\/index.php?rest_route=\/wp\/v2\/posts\/158671\/revisions"}],"wp:featuredmedia":[{"embeddable":true,"href":"https:\/\/diarioregionaldigital.com.br\/index.php?rest_route=\/wp\/v2\/media\/157658"}],"wp:attachment":[{"href":"https:\/\/diarioregionaldigital.com.br\/index.php?rest_route=%2Fwp%2Fv2%2Fmedia&parent=158671"}],"wp:term":[{"taxonomy":"category","embeddable":true,"href":"https:\/\/diarioregionaldigital.com.br\/index.php?rest_route=%2Fwp%2Fv2%2Fcategories&post=158671"},{"taxonomy":"post_tag","embeddable":true,"href":"https:\/\/diarioregionaldigital.com.br\/index.php?rest_route=%2Fwp%2Fv2%2Ftags&post=158671"}],"curies":[{"name":"wp","href":"https:\/\/api.w.org\/{rel}","templated":true}]}}