{"id":158669,"date":"2020-04-17T20:51:17","date_gmt":"2020-04-17T23:51:17","guid":{"rendered":"https:\/\/diarioregionaldigital.com.br\/?p=158669"},"modified":"2020-04-17T20:51:17","modified_gmt":"2020-04-17T23:51:17","slug":"covid-19-brasil-bate-novo-recorde-de-mortes-e-casos-em-um-dia","status":"publish","type":"post","link":"https:\/\/diarioregionaldigital.com.br\/?p=158669","title":{"rendered":"Covid-19: Brasil bate novo recorde de mortes e casos em um dia"},"content":{"rendered":"<p>O Brasil bateu novo recorde de mortes em um dia, com 217, e chegou a 2.141 \u00f3bitos em raz\u00e3o de infec\u00e7\u00e3o pelo novo coronav\u00edrus (covid-19). J\u00e1 os casos confirmados nas \u00faltimas 24 horas tamb\u00e9m foram recorde, com 3.257, contabilizando o total de 33.682.<\/p>\n<p>A atualiza\u00e7\u00e3o foi divulgada h\u00e1 pouco pelo Minist\u00e9rio da Sa\u00fade na\u00a0plataforma oficial do governo\u00a0brasileiro que totaliza as estat\u00edsticas sobre o tema.<\/p>\n<p>O n\u00famero de mortes\u00a0marcou um aumento de 11% em rela\u00e7\u00e3o a ontem, quando foram registradas 1.924 v\u00edtimas da covid-19. J\u00e1 os casos confirmados representaram um crescimento de 10% sobre os dados de ontem, quando foram contabilizadas 30.425 pessoas infectadas.<\/p>\n<p>S\u00e3o Paulo concentra o maior n\u00famero de mortes (928), quase tr\u00eas vezes o n\u00famero do segundo lugar, o Rio de Janeiro (341). Os estados s\u00e3o seguidos por Pernambuco (186), Cear\u00e1 (149) e Amazonas (145).<\/p>\n<p>Al\u00e9m disso, foram registradas mortes no Paran\u00e1 (42), Maranh\u00e3o (40), Minas Gerais (35), Bahia (36), Santa Catarina (29), Par\u00e1 (26), Para\u00edba (26), Rio Grande do Norte (23), Rio Grande do Sul (22), Esp\u00edrito Santo (25), Distrito Federal (20), Goi\u00e1s (16), Amap\u00e1 (10), Piau\u00ed (oito), Alagoas (sete), Sergipe (quatro), Mato Grosso do Sul (cinco), Mato Grosso (cinco), Acre (cinco), Roraima (tr\u00eas), Rond\u00f4nia (tr\u00eas) e Tocantins (uma).<\/p>\n<p>A taxa de letalidade do pa\u00eds ficou em 6,4%, um d\u00e9cimo acima do \u00edndice registrado ontem, de 6.3%.<\/p>\n<p>&nbsp;<\/p>\n<p><strong>Fonte:\u00a0<\/strong>Ag\u00eancia Brasil<\/p>\n","protected":false},"excerpt":{"rendered":"<p>O Brasil bateu novo recorde de mortes em um dia, com 217, e chegou a 2.141 \u00f3bitos em raz\u00e3o de infec\u00e7\u00e3o pelo novo coronav\u00edrus (covid-19). J\u00e1 os casos confirmados nas \u00faltimas 24 horas tamb\u00e9m foram recorde, com 3.257, contabilizando o total de 33.682. A atualiza\u00e7\u00e3o foi divulgada h\u00e1 pouco pelo Minist\u00e9rio da Sa\u00fade na\u00a0plataforma oficial [&hellip;]<\/p>\n","protected":false},"author":96,"featured_media":157069,"comment_status":"closed","ping_status":"closed","sticky":false,"template":"","format":"standard","meta":{"footnotes":""},"categories":[302,436,440,439],"tags":[],"class_list":["post-158669","post","type-post","status-publish","format-standard","has-post-thumbnail","hentry","category-brasil-mundo","category-destaque-da-semana","category-destaques-do-dia","category-ultima-hora"],"_links":{"self":[{"href":"https:\/\/diarioregionaldigital.com.br\/index.php?rest_route=\/wp\/v2\/posts\/158669","targetHints":{"allow":["GET"]}}],"collection":[{"href":"https:\/\/diarioregionaldigital.com.br\/index.php?rest_route=\/wp\/v2\/posts"}],"about":[{"href":"https:\/\/diarioregionaldigital.com.br\/index.php?rest_route=\/wp\/v2\/types\/post"}],"author":[{"embeddable":true,"href":"https:\/\/diarioregionaldigital.com.br\/index.php?rest_route=\/wp\/v2\/users\/96"}],"replies":[{"embeddable":true,"href":"https:\/\/diarioregionaldigital.com.br\/index.php?rest_route=%2Fwp%2Fv2%2Fcomments&post=158669"}],"version-history":[{"count":0,"href":"https:\/\/diarioregionaldigital.com.br\/index.php?rest_route=\/wp\/v2\/posts\/158669\/revisions"}],"wp:featuredmedia":[{"embeddable":true,"href":"https:\/\/diarioregionaldigital.com.br\/index.php?rest_route=\/wp\/v2\/media\/157069"}],"wp:attachment":[{"href":"https:\/\/diarioregionaldigital.com.br\/index.php?rest_route=%2Fwp%2Fv2%2Fmedia&parent=158669"}],"wp:term":[{"taxonomy":"category","embeddable":true,"href":"https:\/\/diarioregionaldigital.com.br\/index.php?rest_route=%2Fwp%2Fv2%2Fcategories&post=158669"},{"taxonomy":"post_tag","embeddable":true,"href":"https:\/\/diarioregionaldigital.com.br\/index.php?rest_route=%2Fwp%2Fv2%2Ftags&post=158669"}],"curies":[{"name":"wp","href":"https:\/\/api.w.org\/{rel}","templated":true}]}}