{"id":158526,"date":"2020-04-16T13:35:07","date_gmt":"2020-04-16T16:35:07","guid":{"rendered":"https:\/\/diarioregionaldigital.com.br\/?p=158526"},"modified":"2020-04-16T13:35:07","modified_gmt":"2020-04-16T16:35:07","slug":"ritmo-de-infeccao-em-jf-revela-saldo-positivo-do-isolamento-domiciliar","status":"publish","type":"post","link":"https:\/\/diarioregionaldigital.com.br\/?p=158526","title":{"rendered":"Ritmo de infec\u00e7\u00e3o em JF revela saldo positivo do isolamento domiciliar"},"content":{"rendered":"<p><span style=\"font-weight: 400;\">Se Juiz de Fora n\u00e3o tivesse optado pelo isolamento social a partir de 19 de mar\u00e7o &#8211; quando o prefeito Ant\u00f4nio Almas publicou o primeiro decreto, adotando normas de combate \u00e0 pandemia &#8211; a cidade teria, hoje, cerca de 2.600 casos prov\u00e1veis de coronav\u00edrus. Com a ado\u00e7\u00e3o do isolamento, 76 leitos de enfermaria e 11 de unidades de terapia intensiva (UTI) deixaram de ser ocupados, at\u00e9 o momento, por pacientes infectados pela covid-19.<\/span><\/p>\n<p><span style=\"font-weight: 400;\">Os dados foram revelados por meio da \u201cModelagem Epidemiol\u00f3gica da Covid-19 em Juiz de Fora\u201d, desenvolvida pelo coordenador do programa de p\u00f3s-gradua\u00e7\u00e3o em Sa\u00fade da Universidade Federal de Juiz de Fora (UFJF), Fernando Ant\u00f4nio Basile Colugnati. O especialista vem utilizando, semanalmente, modelo matem\u00e1tico que permite tra\u00e7ar diferentes cen\u00e1rios da pandemia, conhecido como \u201cSeir\u201d \u2013 que modela \u201csuscet\u00edveis, expostos, infectados e recuperados\u201d. Esta modelagem tem como objetivo principal gerar cen\u00e1rios que auxiliem o poder p\u00fablico e unidades de sa\u00fade a se prepararem para o combate ao avan\u00e7o da epidemia da covid-19.<\/span><\/p>\n<p><span style=\"font-weight: 400;\">\u201cSimulamos diferentes cen\u00e1rios de interven\u00e7\u00e3o a partir de 19 de mar\u00e7o, data do primeiro decreto. Fizemos cen\u00e1rios baseados no relat\u00f3rio do Imperial College de Londres, assinado por 50 cientistas, incluindo grupo relacionado \u00e0 Organiza\u00e7\u00e3o Mundial da Sa\u00fade (OMS). Usamos quatro cen\u00e1rios, onde havia redu\u00e7\u00f5es em torno de 40%, 70% e 80%. A curva de Juiz de Fora, agora, est\u00e1 batendo, como se nossa interven\u00e7\u00e3o tivesse reduzido a taxa de 80% de transmiss\u00e3o\u201d, explicou o professor.<\/span><\/p>\n<p><span style=\"font-weight: 400;\">Apesar dos n\u00fameros positivos, Colugnati alertou: \u201cDepois destas primeiras duas semanas, as pessoas come\u00e7aram a relaxar e a sa\u00edrem mais. A cidade hoje est\u00e1 menos isolada do que antes, e talvez esta curva volte a subir. Ter\u00edamos, hoje, um quadro muito pior, se n\u00e3o houvesse tido isolamento. \u00c9 necess\u00e1rio que se reforce isso para a popula\u00e7\u00e3o. \u00c9 essencial permanecermos um pouco mais em isolamento, para que esta curva n\u00e3o atinja pico muito grande e n\u00e3o afogue nosso sistema de sa\u00fade. Tem surtido efeito e temos que manter um pouco mais. Por quanto tempo? N\u00e3o temos como prever. As coisas s\u00e3o observadas de acordo com que a epidemia vai mostrando os n\u00fameros. Mas, certamente, precisamos de mais isolamento\u201d.<\/span><\/p>\n<p>&nbsp;<\/p>\n<p><b>Epidemia din\u00e2mica exige revis\u00e3o di\u00e1ria dos dados<\/b><\/p>\n<p><span style=\"font-weight: 400;\">Segundo o pesquisador da UFJF, o modelo utilizado por ele gera cen\u00e1rios prov\u00e1veis: \u201cOs resultados aqui apresentados devem ser revistos periodicamente, ao menos uma vez por semana, ou sempre que ocorra algum fato relevante em termos de informa\u00e7\u00f5es sobre interven\u00e7\u00f5es populacionais, gargalos nos servi\u00e7os ou eventos correlatos. Epidemias com este tipo de v\u00edrus possui propriedades exponenciais. Em termos pr\u00e1ticos, isso significa que pequenas mudan\u00e7as em contagens de casos e datas de ocorr\u00eancias, ou qualquer outra perturba\u00e7\u00e3o, podem gerar cen\u00e1rios completamente diferentes, mesmo para m\u00e9dio prazo, algo como 15 dias\u201d.<\/span><\/p>\n<p>&nbsp;<\/p>\n<p><strong>Fonte:\u00a0<\/strong>Assessoria<\/p>\n","protected":false},"excerpt":{"rendered":"<p>Se Juiz de Fora n\u00e3o tivesse optado pelo isolamento social a partir de 19 de mar\u00e7o &#8211; quando o prefeito Ant\u00f4nio Almas publicou o primeiro decreto, adotando normas de combate \u00e0 pandemia &#8211; a cidade teria, hoje, cerca de 2.600 casos prov\u00e1veis de coronav\u00edrus. Com a ado\u00e7\u00e3o do isolamento, 76 leitos de enfermaria e 11 [&hellip;]<\/p>\n","protected":false},"author":96,"featured_media":158528,"comment_status":"closed","ping_status":"closed","sticky":false,"template":"","format":"standard","meta":{"footnotes":""},"categories":[253,436,440,439],"tags":[],"class_list":["post-158526","post","type-post","status-publish","format-standard","has-post-thumbnail","hentry","category-cidade","category-destaque-da-semana","category-destaques-do-dia","category-ultima-hora"],"_links":{"self":[{"href":"https:\/\/diarioregionaldigital.com.br\/index.php?rest_route=\/wp\/v2\/posts\/158526","targetHints":{"allow":["GET"]}}],"collection":[{"href":"https:\/\/diarioregionaldigital.com.br\/index.php?rest_route=\/wp\/v2\/posts"}],"about":[{"href":"https:\/\/diarioregionaldigital.com.br\/index.php?rest_route=\/wp\/v2\/types\/post"}],"author":[{"embeddable":true,"href":"https:\/\/diarioregionaldigital.com.br\/index.php?rest_route=\/wp\/v2\/users\/96"}],"replies":[{"embeddable":true,"href":"https:\/\/diarioregionaldigital.com.br\/index.php?rest_route=%2Fwp%2Fv2%2Fcomments&post=158526"}],"version-history":[{"count":0,"href":"https:\/\/diarioregionaldigital.com.br\/index.php?rest_route=\/wp\/v2\/posts\/158526\/revisions"}],"wp:featuredmedia":[{"embeddable":true,"href":"https:\/\/diarioregionaldigital.com.br\/index.php?rest_route=\/wp\/v2\/media\/158528"}],"wp:attachment":[{"href":"https:\/\/diarioregionaldigital.com.br\/index.php?rest_route=%2Fwp%2Fv2%2Fmedia&parent=158526"}],"wp:term":[{"taxonomy":"category","embeddable":true,"href":"https:\/\/diarioregionaldigital.com.br\/index.php?rest_route=%2Fwp%2Fv2%2Fcategories&post=158526"},{"taxonomy":"post_tag","embeddable":true,"href":"https:\/\/diarioregionaldigital.com.br\/index.php?rest_route=%2Fwp%2Fv2%2Ftags&post=158526"}],"curies":[{"name":"wp","href":"https:\/\/api.w.org\/{rel}","templated":true}]}}