{"id":158522,"date":"2020-04-16T13:07:33","date_gmt":"2020-04-16T16:07:33","guid":{"rendered":"https:\/\/diarioregionaldigital.com.br\/?p=158522"},"modified":"2020-04-16T13:07:33","modified_gmt":"2020-04-16T16:07:33","slug":"coronavirus-bonfim-e-belmiro-braga-tem-mortes-confirmadas","status":"publish","type":"post","link":"https:\/\/diarioregionaldigital.com.br\/?p=158522","title":{"rendered":"Coronav\u00edrus: Bonfim e Belmiro Braga tem mortes confirmadas"},"content":{"rendered":"<p>A Sa\u00fade divulgou na manh\u00e3 desta quinta-feira (16), novos \u00f3bitos confirmados em Minas Gerais. Segundo o boletim, as mortes foram notificadas em Bonfim e Belmiro Braga, sendo estes os primeiros \u00f3bitos nas duas cidades.<\/p>\n<p>Ainda conforme os dados, Minas Gerais teve aumento de mortes pelo estado, agora s\u00e3o 33 confirmados, al\u00e9m de 958 casos, 77 \u00f3bitos em investiga\u00e7\u00e3o e 226 descartados.\u00a0Os dados atualizados referentes a \u00f3bitos confirmados em Minas Gerais s\u00e3o: Belmiro Braga (1), Belo Horizonte (6), Bonfim (1), Divin\u00f3polis (1), Governador Valadares (2), Itabira (1), Juiz de Fora (2), Mariana (1), Montes Claros (1), Ouro Fino (1), Parais\u00f3polis (2), Patos de Minas (1), Patroc\u00ednio (1), Piumhi (1), Pouso Alegre (2), S\u00e3o Tom\u00e1s de Aquino (1), Uberaba (2), Uberl\u00e2ndia 4) e Varginha (1).<\/p>\n","protected":false},"excerpt":{"rendered":"<p>A Sa\u00fade divulgou na manh\u00e3 desta quinta-feira (16), novos \u00f3bitos confirmados em Minas Gerais. Segundo o boletim, as mortes foram notificadas em Bonfim e Belmiro Braga, sendo estes os primeiros \u00f3bitos nas duas cidades. Ainda conforme os dados, Minas Gerais teve aumento de mortes pelo estado, agora s\u00e3o 33 confirmados, al\u00e9m de 958 casos, 77 [&hellip;]<\/p>\n","protected":false},"author":96,"featured_media":157655,"comment_status":"closed","ping_status":"closed","sticky":false,"template":"","format":"standard","meta":{"footnotes":""},"categories":[436,440,252,439],"tags":[],"class_list":["post-158522","post","type-post","status-publish","format-standard","has-post-thumbnail","hentry","category-destaque-da-semana","category-destaques-do-dia","category-regiao","category-ultima-hora"],"_links":{"self":[{"href":"https:\/\/diarioregionaldigital.com.br\/index.php?rest_route=\/wp\/v2\/posts\/158522","targetHints":{"allow":["GET"]}}],"collection":[{"href":"https:\/\/diarioregionaldigital.com.br\/index.php?rest_route=\/wp\/v2\/posts"}],"about":[{"href":"https:\/\/diarioregionaldigital.com.br\/index.php?rest_route=\/wp\/v2\/types\/post"}],"author":[{"embeddable":true,"href":"https:\/\/diarioregionaldigital.com.br\/index.php?rest_route=\/wp\/v2\/users\/96"}],"replies":[{"embeddable":true,"href":"https:\/\/diarioregionaldigital.com.br\/index.php?rest_route=%2Fwp%2Fv2%2Fcomments&post=158522"}],"version-history":[{"count":0,"href":"https:\/\/diarioregionaldigital.com.br\/index.php?rest_route=\/wp\/v2\/posts\/158522\/revisions"}],"wp:featuredmedia":[{"embeddable":true,"href":"https:\/\/diarioregionaldigital.com.br\/index.php?rest_route=\/wp\/v2\/media\/157655"}],"wp:attachment":[{"href":"https:\/\/diarioregionaldigital.com.br\/index.php?rest_route=%2Fwp%2Fv2%2Fmedia&parent=158522"}],"wp:term":[{"taxonomy":"category","embeddable":true,"href":"https:\/\/diarioregionaldigital.com.br\/index.php?rest_route=%2Fwp%2Fv2%2Fcategories&post=158522"},{"taxonomy":"post_tag","embeddable":true,"href":"https:\/\/diarioregionaldigital.com.br\/index.php?rest_route=%2Fwp%2Fv2%2Ftags&post=158522"}],"curies":[{"name":"wp","href":"https:\/\/api.w.org\/{rel}","templated":true}]}}