{"id":158519,"date":"2020-04-16T11:22:21","date_gmt":"2020-04-16T14:22:21","guid":{"rendered":"https:\/\/diarioregionaldigital.com.br\/?p=158519"},"modified":"2020-04-16T11:22:21","modified_gmt":"2020-04-16T14:22:21","slug":"oms-proximas-semanas-na-europa-serao-criticas","status":"publish","type":"post","link":"https:\/\/diarioregionaldigital.com.br\/?p=158519","title":{"rendered":"OMS: pr\u00f3ximas semanas na Europa ser\u00e3o cr\u00edticas"},"content":{"rendered":"<p>A Europa est\u00e1 atualmente no olho do furac\u00e3o da pandemia de covid-19, e o n\u00famero de casos da doen\u00e7a se aproxima da casa do milh\u00e3o, disse o diretor regional europeu da Organiza\u00e7\u00e3o Mundial da Sa\u00fade (OMS) nesta quinta-feira (16).<\/p>\n<p>&#8220;O n\u00famero de casos na regi\u00e3o continua a subir. Nos \u00faltimos 10 dias, o n\u00famero de casos relatados na Europa praticamente dobrou para se aproximar de 1 milh\u00e3o&#8221;, disse Hans Kluge a jornalistas em briefing\u00a0<em>online<\/em>.<\/p>\n<p>Isso significa que cerca de 50% do fardo global da\u00a0covid-19 est\u00e1 na Europa, acrescentou\u00a0Kluge. Mais de 84 mil pessoas morreram da doen\u00e7a no continente, lembrou.<\/p>\n<p>&#8220;As nuvens de tempestade desta pandemia ainda est\u00e3o pesadamente sobre a regi\u00e3o europeia&#8221;, observou\u00a0Kluge. Segundo ele, embora alguns pa\u00edses estejam entrando em um per\u00edodo onde podem amenizar algumas restri\u00e7\u00f5es gradualmente, &#8220;n\u00e3o h\u00e1 um caminho r\u00e1pido para a volta \u00e0 normalidade.<\/p>\n<p>&nbsp;<\/p>\n<p><strong>Fonte:\u00a0<\/strong>Ag\u00eancia Brasil<\/p>\n","protected":false},"excerpt":{"rendered":"<p>A Europa est\u00e1 atualmente no olho do furac\u00e3o da pandemia de covid-19, e o n\u00famero de casos da doen\u00e7a se aproxima da casa do milh\u00e3o, disse o diretor regional europeu da Organiza\u00e7\u00e3o Mundial da Sa\u00fade (OMS) nesta quinta-feira (16). &#8220;O n\u00famero de casos na regi\u00e3o continua a subir. Nos \u00faltimos 10 dias, o n\u00famero de [&hellip;]<\/p>\n","protected":false},"author":96,"featured_media":158520,"comment_status":"closed","ping_status":"closed","sticky":false,"template":"","format":"standard","meta":{"footnotes":""},"categories":[302,436,439],"tags":[],"class_list":["post-158519","post","type-post","status-publish","format-standard","has-post-thumbnail","hentry","category-brasil-mundo","category-destaque-da-semana","category-ultima-hora"],"_links":{"self":[{"href":"https:\/\/diarioregionaldigital.com.br\/index.php?rest_route=\/wp\/v2\/posts\/158519","targetHints":{"allow":["GET"]}}],"collection":[{"href":"https:\/\/diarioregionaldigital.com.br\/index.php?rest_route=\/wp\/v2\/posts"}],"about":[{"href":"https:\/\/diarioregionaldigital.com.br\/index.php?rest_route=\/wp\/v2\/types\/post"}],"author":[{"embeddable":true,"href":"https:\/\/diarioregionaldigital.com.br\/index.php?rest_route=\/wp\/v2\/users\/96"}],"replies":[{"embeddable":true,"href":"https:\/\/diarioregionaldigital.com.br\/index.php?rest_route=%2Fwp%2Fv2%2Fcomments&post=158519"}],"version-history":[{"count":0,"href":"https:\/\/diarioregionaldigital.com.br\/index.php?rest_route=\/wp\/v2\/posts\/158519\/revisions"}],"wp:featuredmedia":[{"embeddable":true,"href":"https:\/\/diarioregionaldigital.com.br\/index.php?rest_route=\/wp\/v2\/media\/158520"}],"wp:attachment":[{"href":"https:\/\/diarioregionaldigital.com.br\/index.php?rest_route=%2Fwp%2Fv2%2Fmedia&parent=158519"}],"wp:term":[{"taxonomy":"category","embeddable":true,"href":"https:\/\/diarioregionaldigital.com.br\/index.php?rest_route=%2Fwp%2Fv2%2Fcategories&post=158519"},{"taxonomy":"post_tag","embeddable":true,"href":"https:\/\/diarioregionaldigital.com.br\/index.php?rest_route=%2Fwp%2Fv2%2Ftags&post=158519"}],"curies":[{"name":"wp","href":"https:\/\/api.w.org\/{rel}","templated":true}]}}