{"id":158516,"date":"2020-04-16T11:20:12","date_gmt":"2020-04-16T14:20:12","guid":{"rendered":"https:\/\/diarioregionaldigital.com.br\/?p=158516"},"modified":"2020-04-16T11:20:12","modified_gmt":"2020-04-16T14:20:12","slug":"e-cedo-para-cancelar-isolamento-britanico-diz-ministro","status":"publish","type":"post","link":"https:\/\/diarioregionaldigital.com.br\/?p=158516","title":{"rendered":"\u00c9 cedo para cancelar isolamento brit\u00e2nico, diz ministro"},"content":{"rendered":"<p>O surto do novo coronav\u00edrus est\u00e1 chegando ao pico no Reino Unido, mas \u00e9 cedo demais para suspender o isolamento porque o v\u00edrus &#8220;se alastraria&#8221; se o governo amenizasse as medidas de distanciamento social, disse o ministro da Sa\u00fade, Matt Hancock, nesta\u00a0quinta-feira (16).<\/p>\n<p>O pa\u00eds tem o quinto maior n\u00famero de mortes por\u00a0covid-19 do mundo, atr\u00e1s dos\u00a0Estados Unidos, da It\u00e1lia, Espanha e Fran\u00e7a, mas os dados s\u00f3 registram\u00a0fatalidades em hospitais e o n\u00famero real provavelmente \u00e9 muito maior.<\/p>\n<p>&#8220;Achamos que \u00e9 cedo demais para fazer uma mudan\u00e7a&#8221;, disse Hancock. &#8220;Embora tenhamos visto um achatamento no n\u00famero de casos\u00a0e, felizmente, um achatamento no n\u00famero de mortes, isso ainda n\u00e3o come\u00e7ou a baixar.&#8221;<\/p>\n<p>&#8220;Se simplesmente descart\u00e1ssemos todas as medidas agora, o v\u00edrus voltaria a se alastrar, e n\u00e3o podemos deixar isso acontecer&#8221;, afirmou.<\/p>\n<p>O primeiro-ministro, Boris Johnson, se recupera de complica\u00e7\u00f5es da covid-19, que quase lhe custaram a vida, em uma resid\u00eancia de campo, e o governo brit\u00e2nico deve discutir hoje\u00a0uma revis\u00e3o do isolamento.<\/p>\n<p>O secret\u00e1rio das Rela\u00e7\u00f5es Exteriores, Dominic Raab, que assumiu o lugar de Johnson, j\u00e1 deixou claro que n\u00e3o haver\u00e1 nenhuma suspens\u00e3o imediata das medidas de distanciamento social, anunciadas em\u00a023 de mar\u00e7o.<\/p>\n<p>Raab presidir\u00e1 uma reuni\u00e3o do gabinete\u00a0\u00e0s 10h locais, na qual o principal cientista do governo atualizar\u00e1 os ministros. No fim\u00a0da tarde, Raab presidir\u00e1 uma reuni\u00e3o de emerg\u00eancia para debater o isolamento.<\/p>\n<p>Em meio a toda a desola\u00e7\u00e3o, no entanto, houve\u00a0alguma esperan\u00e7a. Tom Moore, um veterano de guerra brit\u00e2nico de 99 anos, completou 100 voltas em seu jardim nesta\u00a0quinta-feira e arrecadou mais de 12 milh\u00f5es de libras esterlinas para o servi\u00e7o de sa\u00fade.<\/p>\n<p>&#8220;Para todos aqueles que est\u00e3o tendo dificuldade no momento,\u00a0o sol voltar\u00e1 a brilhar e as nuvens ir\u00e3o embora&#8221;, disse Moore.<\/p>\n<p>As restri\u00e7\u00f5es mais severas do pa\u00eds em tempos de paz praticamente desativaram grande parte da economia mundial, e o Reino Unido caminha\u00a0para sua depress\u00e3o mais profunda em tr\u00eas s\u00e9culos.<\/p>\n<p>Enquanto l\u00edderes de todo o mundo cogitam maneiras de sair do isolamento, epidemiologistas alertam que uma\u00a0segunda\u00a0onda do surto poderia amea\u00e7ar os mais fr\u00e1geis e os idosos.<\/p>\n<p>&nbsp;<\/p>\n<p><strong>Fonte:\u00a0<\/strong>Ag\u00eancia Minas<\/p>\n","protected":false},"excerpt":{"rendered":"<p>O surto do novo coronav\u00edrus est\u00e1 chegando ao pico no Reino Unido, mas \u00e9 cedo demais para suspender o isolamento porque o v\u00edrus &#8220;se alastraria&#8221; se o governo amenizasse as medidas de distanciamento social, disse o ministro da Sa\u00fade, Matt Hancock, nesta\u00a0quinta-feira (16). O pa\u00eds tem o quinto maior n\u00famero de mortes por\u00a0covid-19 do mundo, [&hellip;]<\/p>\n","protected":false},"author":96,"featured_media":158517,"comment_status":"closed","ping_status":"closed","sticky":false,"template":"","format":"standard","meta":{"footnotes":""},"categories":[302,436,439],"tags":[],"class_list":["post-158516","post","type-post","status-publish","format-standard","has-post-thumbnail","hentry","category-brasil-mundo","category-destaque-da-semana","category-ultima-hora"],"_links":{"self":[{"href":"https:\/\/diarioregionaldigital.com.br\/index.php?rest_route=\/wp\/v2\/posts\/158516","targetHints":{"allow":["GET"]}}],"collection":[{"href":"https:\/\/diarioregionaldigital.com.br\/index.php?rest_route=\/wp\/v2\/posts"}],"about":[{"href":"https:\/\/diarioregionaldigital.com.br\/index.php?rest_route=\/wp\/v2\/types\/post"}],"author":[{"embeddable":true,"href":"https:\/\/diarioregionaldigital.com.br\/index.php?rest_route=\/wp\/v2\/users\/96"}],"replies":[{"embeddable":true,"href":"https:\/\/diarioregionaldigital.com.br\/index.php?rest_route=%2Fwp%2Fv2%2Fcomments&post=158516"}],"version-history":[{"count":0,"href":"https:\/\/diarioregionaldigital.com.br\/index.php?rest_route=\/wp\/v2\/posts\/158516\/revisions"}],"wp:featuredmedia":[{"embeddable":true,"href":"https:\/\/diarioregionaldigital.com.br\/index.php?rest_route=\/wp\/v2\/media\/158517"}],"wp:attachment":[{"href":"https:\/\/diarioregionaldigital.com.br\/index.php?rest_route=%2Fwp%2Fv2%2Fmedia&parent=158516"}],"wp:term":[{"taxonomy":"category","embeddable":true,"href":"https:\/\/diarioregionaldigital.com.br\/index.php?rest_route=%2Fwp%2Fv2%2Fcategories&post=158516"},{"taxonomy":"post_tag","embeddable":true,"href":"https:\/\/diarioregionaldigital.com.br\/index.php?rest_route=%2Fwp%2Fv2%2Ftags&post=158516"}],"curies":[{"name":"wp","href":"https:\/\/api.w.org\/{rel}","templated":true}]}}