{"id":158497,"date":"2020-04-16T06:00:46","date_gmt":"2020-04-16T09:00:46","guid":{"rendered":"https:\/\/diarioregionaldigital.com.br\/?p=158497"},"modified":"2020-04-15T21:38:31","modified_gmt":"2020-04-16T00:38:31","slug":"conexao","status":"publish","type":"post","link":"https:\/\/diarioregionaldigital.com.br\/?p=158497","title":{"rendered":"Conex\u00e3o"},"content":{"rendered":"<p style=\"text-align: center;\"><strong>Decora\u00e7\u00e3o<\/strong><\/p>\n<p style=\"text-align: center;\">Estantes que misturam serralheria com madeira caem no gosto de arquitetos, esbanjando versatilidade. O m\u00f3vel tem uma pegada mais urbana e vers\u00e1til, que pode se encaixar em qualquer ambiente.<\/p>\n<p style=\"text-align: center;\"><strong>Na Cozinha <\/strong><\/p>\n<p style=\"text-align: center;\">Queridinha dos chefs de cozinha, a publicit\u00e1ria Vanessa Huguinin junta branding como projetos sociais revelando um novo viver. Com um trabalho focado em gente, sua ag\u00eancia Food-se virou refer\u00eancia em reposicionamento e a\u00e7\u00f5es sociais para a gastronomia.<\/p>\n<p style=\"text-align: center;\"><strong>Conex\u00e3o<\/strong><\/p>\n<p style=\"text-align: center;\">Em tempo de Coronav\u00edrus, o momento resignificou o papel restaurantes, e trouxe diversas mudan\u00e7as para o neg\u00f3cio. A principal delas foi passar a atender exclusivamente em esquema de delivery, tanto com entregas pr\u00f3prias quanto com aplicativos. Os sacrif\u00edcios t\u00eam valido \u00e0 pena pela sensa\u00e7\u00e3o do propriet\u00e1rio e equipe de contribuir com o bem estar dos clientes durante esse per\u00edodo de isolamento.<\/p>\n<p style=\"text-align: center;\"><strong>Economia<\/strong><\/p>\n<p style=\"text-align: center;\">Segundo especialistas, mesmo da hip\u00f3tese de a economia brasileira come\u00e7ar a ver luz no final do t\u00fanel em agosto, nenhum dos IPQs (abertura de capital em bolsa) programados para este ano sair\u00e1.<\/p>\n<p style=\"text-align: center;\"><span style=\"font-size: 14pt;\"><strong>Para Refletir<\/strong><\/span><\/p>\n<p style=\"text-align: center;\">\u00c0s vezes, \u00e9 preciso dar um passo \u00e0 frente, respirar novos ares. Trocar as cores da casa, pintar a sobrancelha de laranja, ou simplesmente ficar em sil\u00eancio para ver como as pessoas reagem.<\/p>\n<div id=\"attachment_158486\" style=\"width: 690px\" class=\"wp-caption aligncenter\"><img loading=\"lazy\" decoding=\"async\" aria-describedby=\"caption-attachment-158486\" class=\"wp-image-158486\" src=\"https:\/\/diarioregionaldigital.com.br\/wp-content\/uploads\/2020\/04\/fotoa-9-e1586996652139.jpg\" alt=\"\" width=\"680\" height=\"681\" srcset=\"https:\/\/diarioregionaldigital.com.br\/wp-content\/uploads\/2020\/04\/fotoa-9-e1586996652139.jpg 1708w, https:\/\/diarioregionaldigital.com.br\/wp-content\/uploads\/2020\/04\/fotoa-9-e1586996652139-150x150.jpg 150w, https:\/\/diarioregionaldigital.com.br\/wp-content\/uploads\/2020\/04\/fotoa-9-e1586996652139-300x300.jpg 300w, https:\/\/diarioregionaldigital.com.br\/wp-content\/uploads\/2020\/04\/fotoa-9-e1586996652139-768x769.jpg 768w, https:\/\/diarioregionaldigital.com.br\/wp-content\/uploads\/2020\/04\/fotoa-9-e1586996652139-1024x1024.jpg 1024w, https:\/\/diarioregionaldigital.com.br\/wp-content\/uploads\/2020\/04\/fotoa-9-e1586996652139-180x180.jpg 180w, https:\/\/diarioregionaldigital.com.br\/wp-content\/uploads\/2020\/04\/fotoa-9-e1586996652139-600x600.jpg 600w, https:\/\/diarioregionaldigital.com.br\/wp-content\/uploads\/2020\/04\/fotoa-9-e1586996652139-120x120.jpg 120w, https:\/\/diarioregionaldigital.com.br\/wp-content\/uploads\/2020\/04\/fotoa-9-e1586996652139-360x360.jpg 360w, https:\/\/diarioregionaldigital.com.br\/wp-content\/uploads\/2020\/04\/fotoa-9-e1586996652139-80x80.jpg 80w\" sizes=\"auto, (max-width: 680px) 100vw, 680px\" \/><p id=\"caption-attachment-158486\" class=\"wp-caption-text\">Mulheres elegantes pontificando charme no Hotel Fazenda Santa Helena, Gisele Mautoni, Gracinha Faria Barreto, Liliane Faria Barreto e Suely Mautoni<\/p><\/div>\n<div id=\"attachment_158487\" style=\"width: 690px\" class=\"wp-caption aligncenter\"><img loading=\"lazy\" decoding=\"async\" aria-describedby=\"caption-attachment-158487\" class=\"wp-image-158487\" src=\"https:\/\/diarioregionaldigital.com.br\/wp-content\/uploads\/2020\/04\/fotob-9-e1586996701825.jpg\" alt=\"\" width=\"680\" height=\"481\" srcset=\"https:\/\/diarioregionaldigital.com.br\/wp-content\/uploads\/2020\/04\/fotob-9-e1586996701825.jpg 1900w, https:\/\/diarioregionaldigital.com.br\/wp-content\/uploads\/2020\/04\/fotob-9-e1586996701825-300x212.jpg 300w, https:\/\/diarioregionaldigital.com.br\/wp-content\/uploads\/2020\/04\/fotob-9-e1586996701825-768x543.jpg 768w, https:\/\/diarioregionaldigital.com.br\/wp-content\/uploads\/2020\/04\/fotob-9-e1586996701825-1024x724.jpg 1024w, https:\/\/diarioregionaldigital.com.br\/wp-content\/uploads\/2020\/04\/fotob-9-e1586996701825-750x530.jpg 750w, https:\/\/diarioregionaldigital.com.br\/wp-content\/uploads\/2020\/04\/fotob-9-e1586996701825-360x255.jpg 360w, https:\/\/diarioregionaldigital.com.br\/wp-content\/uploads\/2020\/04\/fotob-9-e1586996701825-100x70.jpg 100w\" sizes=\"auto, (max-width: 680px) 100vw, 680px\" \/><p id=\"caption-attachment-158487\" class=\"wp-caption-text\">A eleg\u00e2ncia de Ed\u00fa Brand\u00e3o nos dom\u00ednios do Hotel Copacabana Palace (RJ)<\/p><\/div>\n<div id=\"attachment_158488\" style=\"width: 690px\" class=\"wp-caption aligncenter\"><img loading=\"lazy\" decoding=\"async\" aria-describedby=\"caption-attachment-158488\" class=\"wp-image-158488\" src=\"https:\/\/diarioregionaldigital.com.br\/wp-content\/uploads\/2020\/04\/fotoc-9-e1586996733623.jpg\" alt=\"\" width=\"680\" height=\"505\" srcset=\"https:\/\/diarioregionaldigital.com.br\/wp-content\/uploads\/2020\/04\/fotoc-9-e1586996733623.jpg 1747w, https:\/\/diarioregionaldigital.com.br\/wp-content\/uploads\/2020\/04\/fotoc-9-e1586996733623-300x223.jpg 300w, https:\/\/diarioregionaldigital.com.br\/wp-content\/uploads\/2020\/04\/fotoc-9-e1586996733623-768x571.jpg 768w, https:\/\/diarioregionaldigital.com.br\/wp-content\/uploads\/2020\/04\/fotoc-9-e1586996733623-1024x761.jpg 1024w, https:\/\/diarioregionaldigital.com.br\/wp-content\/uploads\/2020\/04\/fotoc-9-e1586996733623-360x267.jpg 360w\" sizes=\"auto, (max-width: 680px) 100vw, 680px\" \/><p id=\"caption-attachment-158488\" class=\"wp-caption-text\">O modelo e profissional da sa\u00fade Waschington Reis, em momento social<\/p><\/div>\n<div id=\"attachment_158489\" style=\"width: 690px\" class=\"wp-caption aligncenter\"><img loading=\"lazy\" decoding=\"async\" aria-describedby=\"caption-attachment-158489\" class=\"wp-image-158489\" src=\"https:\/\/diarioregionaldigital.com.br\/wp-content\/uploads\/2020\/04\/fotod-9-e1586996770371.jpg\" alt=\"\" width=\"680\" height=\"466\" srcset=\"https:\/\/diarioregionaldigital.com.br\/wp-content\/uploads\/2020\/04\/fotod-9-e1586996770371.jpg 1959w, https:\/\/diarioregionaldigital.com.br\/wp-content\/uploads\/2020\/04\/fotod-9-e1586996770371-300x206.jpg 300w, https:\/\/diarioregionaldigital.com.br\/wp-content\/uploads\/2020\/04\/fotod-9-e1586996770371-768x526.jpg 768w, https:\/\/diarioregionaldigital.com.br\/wp-content\/uploads\/2020\/04\/fotod-9-e1586996770371-1024x701.jpg 1024w, https:\/\/diarioregionaldigital.com.br\/wp-content\/uploads\/2020\/04\/fotod-9-e1586996770371-360x247.jpg 360w, https:\/\/diarioregionaldigital.com.br\/wp-content\/uploads\/2020\/04\/fotod-9-e1586996770371-100x70.jpg 100w\" sizes=\"auto, (max-width: 680px) 100vw, 680px\" \/><p id=\"caption-attachment-158489\" class=\"wp-caption-text\">Solid\u00e1rios em tempos de pandemia, Leonora Cristina e Jo\u00e3o Mansur<\/p><\/div>\n<div id=\"attachment_158490\" style=\"width: 690px\" class=\"wp-caption aligncenter\"><img loading=\"lazy\" decoding=\"async\" aria-describedby=\"caption-attachment-158490\" class=\"wp-image-158490\" src=\"https:\/\/diarioregionaldigital.com.br\/wp-content\/uploads\/2020\/04\/fotoe-9-e1586996806316.jpg\" alt=\"\" width=\"680\" height=\"481\" srcset=\"https:\/\/diarioregionaldigital.com.br\/wp-content\/uploads\/2020\/04\/fotoe-9-e1586996806316.jpg 1840w, https:\/\/diarioregionaldigital.com.br\/wp-content\/uploads\/2020\/04\/fotoe-9-e1586996806316-300x212.jpg 300w, https:\/\/diarioregionaldigital.com.br\/wp-content\/uploads\/2020\/04\/fotoe-9-e1586996806316-768x543.jpg 768w, https:\/\/diarioregionaldigital.com.br\/wp-content\/uploads\/2020\/04\/fotoe-9-e1586996806316-1024x724.jpg 1024w, https:\/\/diarioregionaldigital.com.br\/wp-content\/uploads\/2020\/04\/fotoe-9-e1586996806316-750x530.jpg 750w, https:\/\/diarioregionaldigital.com.br\/wp-content\/uploads\/2020\/04\/fotoe-9-e1586996806316-360x255.jpg 360w, https:\/\/diarioregionaldigital.com.br\/wp-content\/uploads\/2020\/04\/fotoe-9-e1586996806316-100x70.jpg 100w\" sizes=\"auto, (max-width: 680px) 100vw, 680px\" \/><p id=\"caption-attachment-158490\" class=\"wp-caption-text\">Gente elegante fazendo o bem, Eduardo Brigolini, Simone Zaka Tostes, Elimar Jacob Salzer Rodrigues e Antenor Salzer Rodrigues<\/p><\/div>\n<div id=\"attachment_158492\" style=\"width: 690px\" class=\"wp-caption aligncenter\"><img loading=\"lazy\" decoding=\"async\" aria-describedby=\"caption-attachment-158492\" class=\"wp-image-158492\" src=\"https:\/\/diarioregionaldigital.com.br\/wp-content\/uploads\/2020\/04\/fotof-9-e1586996857263.jpg\" alt=\"\" width=\"680\" height=\"515\" srcset=\"https:\/\/diarioregionaldigital.com.br\/wp-content\/uploads\/2020\/04\/fotof-9-e1586996857263.jpg 1848w, https:\/\/diarioregionaldigital.com.br\/wp-content\/uploads\/2020\/04\/fotof-9-e1586996857263-300x227.jpg 300w, https:\/\/diarioregionaldigital.com.br\/wp-content\/uploads\/2020\/04\/fotof-9-e1586996857263-768x581.jpg 768w, https:\/\/diarioregionaldigital.com.br\/wp-content\/uploads\/2020\/04\/fotof-9-e1586996857263-1024x775.jpg 1024w, https:\/\/diarioregionaldigital.com.br\/wp-content\/uploads\/2020\/04\/fotof-9-e1586996857263-360x273.jpg 360w\" sizes=\"auto, (max-width: 680px) 100vw, 680px\" \/><p id=\"caption-attachment-158492\" class=\"wp-caption-text\">Em isolamento social, o bonito Lucas Schimidt, antes foi ao Terrazzo<\/p><\/div>\n<div id=\"attachment_158493\" style=\"width: 690px\" class=\"wp-caption aligncenter\"><img loading=\"lazy\" decoding=\"async\" aria-describedby=\"caption-attachment-158493\" class=\"wp-image-158493\" src=\"https:\/\/diarioregionaldigital.com.br\/wp-content\/uploads\/2020\/04\/fotog-9-e1586996909526.jpg\" alt=\"\" width=\"680\" height=\"517\" srcset=\"https:\/\/diarioregionaldigital.com.br\/wp-content\/uploads\/2020\/04\/fotog-9-e1586996909526.jpg 1752w, https:\/\/diarioregionaldigital.com.br\/wp-content\/uploads\/2020\/04\/fotog-9-e1586996909526-300x228.jpg 300w, https:\/\/diarioregionaldigital.com.br\/wp-content\/uploads\/2020\/04\/fotog-9-e1586996909526-768x583.jpg 768w, https:\/\/diarioregionaldigital.com.br\/wp-content\/uploads\/2020\/04\/fotog-9-e1586996909526-1024x778.jpg 1024w, https:\/\/diarioregionaldigital.com.br\/wp-content\/uploads\/2020\/04\/fotog-9-e1586996909526-360x273.jpg 360w\" sizes=\"auto, (max-width: 680px) 100vw, 680px\" \/><p id=\"caption-attachment-158493\" class=\"wp-caption-text\">Aderindo ao delivery em seu Mr. Pina Gourmet, o jovem empres\u00e1rio Rodrigo Pina<\/p><\/div>\n<div id=\"attachment_158494\" style=\"width: 690px\" class=\"wp-caption aligncenter\"><img loading=\"lazy\" decoding=\"async\" aria-describedby=\"caption-attachment-158494\" class=\"wp-image-158494\" src=\"https:\/\/diarioregionaldigital.com.br\/wp-content\/uploads\/2020\/04\/fotoh-9-e1586996956793.jpg\" alt=\"\" width=\"680\" height=\"474\" srcset=\"https:\/\/diarioregionaldigital.com.br\/wp-content\/uploads\/2020\/04\/fotoh-9-e1586996956793.jpg 2378w, https:\/\/diarioregionaldigital.com.br\/wp-content\/uploads\/2020\/04\/fotoh-9-e1586996956793-300x210.jpg 300w, https:\/\/diarioregionaldigital.com.br\/wp-content\/uploads\/2020\/04\/fotoh-9-e1586996956793-768x536.jpg 768w, https:\/\/diarioregionaldigital.com.br\/wp-content\/uploads\/2020\/04\/fotoh-9-e1586996956793-1024x714.jpg 1024w, https:\/\/diarioregionaldigital.com.br\/wp-content\/uploads\/2020\/04\/fotoh-9-e1586996956793-360x251.jpg 360w, https:\/\/diarioregionaldigital.com.br\/wp-content\/uploads\/2020\/04\/fotoh-9-e1586996956793-100x70.jpg 100w\" sizes=\"auto, (max-width: 680px) 100vw, 680px\" \/><p id=\"caption-attachment-158494\" class=\"wp-caption-text\">No Mhall antes da quarentena, os queridos Augusto de Oliveira, Nilza Venuto e Eduardo Gomes<\/p><\/div>\n<p style=\"text-align: center;\"><strong>FOTOSS\u00cdNTESE<\/strong><\/p>\n<p>Repercutindo em JF, a live com Gilberto Roque estrelado pela professora e atleta Neuza Marsicano com o tema Tecnologia a Frente da Pandemia.<\/p>\n<p>Dia da Voz e o cantor Thales T\u00e1cito e a fonoaudi\u00f3loga Renata Jacob estar\u00e3o online com lindo evento do Conservat\u00f3rio Haidee Fran\u00e7a Americano.<\/p>\n<p>Para o isolamento social ficar leve assista aos shows de Arnaldo Antunes, Gal Costa, Autoramas e o Programa Eduardo Gomes da RCWTV, pelo You Tube.<\/p>\n<p>Merecidamente, Marcus David foi reconduzido a Reitoria da UFJF por mais quatro anos.<\/p>\n<p>Em encontro com este colunista antes da pandemia do Coronav\u00edrus, o presidente da Santa Casa de Miseric\u00f3rdia de Juiz de Fora, Dr. Renato Loures manifestou favor\u00e1vel de ser candidato a prefeito de Juiz de Fora pelo partido Progressista.<\/p>\n<p>O prefeito de JF, Ant\u00f4nio Almas encaminhou \u00e0 C\u00e2mara Municipal um projeto de lei que suspende a aplica\u00e7\u00e3o de multas e juros por atraso nos pagamentos dos tributos municipais vencidos entre 1\u00ba de abril a 30 de junho.<\/p>\n<p>Em ritmo de solidariedade, as iniciativas de apoio a caminhoneiros que ocorrem em Minas Gerais conta com o apoio da Policia Rodovi\u00e1ria Federal de Minas Gerais (PRF).<\/p>\n<p>O comerciante Guilherme Salim \u00e9 digno de elogios. Ap\u00f3s entregar 200 marmitas na BR-040 na altura do posto da PRF viu a repercuss\u00e3o da a\u00e7\u00e3o solid\u00e1ria aumentar e fez nova distribui\u00e7\u00e3o com ajuda de diversas pessoas.<\/p>\n<p>Os vereadores (de m\u00e1scaras) retomaram o calend\u00e1rio das reuni\u00f5es ordin\u00e1rias na C\u00e2mara Municipal de Juiz de Fora e derruba tr\u00eas vetos do Executivo. As atividades estavam suspensas desde 23 de mar\u00e7o.<\/p>\n<p>Equipamento desenvolvidos por professores funcion\u00e1rios e alunos da UFJF em forma de 5 mil viseiras de prote\u00e7\u00e3o, foram encaminhados a hospitais da cidade.<\/p>\n<p>O querido casal de artista pl\u00e1stico Fani e Carlos Bracher, que moram em Ouro Preto comemoram 50 anos de feliz uni\u00e3o. Parab\u00e9ns.<\/p>\n<p>Para ficar sabendo: \u201cNingu\u00e9m disse que para sermos livres ter\u00edamos que voltar para a selva\u201d. (Martha Medeiros). Bom dia.<\/p>\n<p><img loading=\"lazy\" decoding=\"async\" class=\"aligncenter size-full wp-image-158498\" src=\"https:\/\/diarioregionaldigital.com.br\/wp-content\/uploads\/2020\/04\/anuncio44.jpg\" alt=\"\" width=\"3540\" height=\"1380\" srcset=\"https:\/\/diarioregionaldigital.com.br\/wp-content\/uploads\/2020\/04\/anuncio44.jpg 3540w, https:\/\/diarioregionaldigital.com.br\/wp-content\/uploads\/2020\/04\/anuncio44-300x117.jpg 300w, https:\/\/diarioregionaldigital.com.br\/wp-content\/uploads\/2020\/04\/anuncio44-768x299.jpg 768w, https:\/\/diarioregionaldigital.com.br\/wp-content\/uploads\/2020\/04\/anuncio44-1024x399.jpg 1024w, https:\/\/diarioregionaldigital.com.br\/wp-content\/uploads\/2020\/04\/anuncio44-360x140.jpg 360w\" sizes=\"auto, (max-width: 3540px) 100vw, 3540px\" \/><\/p>\n<p style=\"text-align: center;\">\n","protected":false},"excerpt":{"rendered":"<p>Decora\u00e7\u00e3o Estantes que misturam serralheria com madeira caem no gosto de arquitetos, esbanjando versatilidade. O m\u00f3vel tem uma pegada mais urbana e vers\u00e1til, que pode se encaixar em qualquer ambiente. Na Cozinha Queridinha dos chefs de cozinha, a publicit\u00e1ria Vanessa Huguinin junta branding como projetos sociais revelando um novo viver. Com um trabalho focado em [&hellip;]<\/p>\n","protected":false},"author":96,"featured_media":158489,"comment_status":"closed","ping_status":"closed","sticky":false,"template":"","format":"standard","meta":{"footnotes":""},"categories":[264],"tags":[],"class_list":["post-158497","post","type-post","status-publish","format-standard","has-post-thumbnail","hentry","category-eduardo-gomes"],"_links":{"self":[{"href":"https:\/\/diarioregionaldigital.com.br\/index.php?rest_route=\/wp\/v2\/posts\/158497","targetHints":{"allow":["GET"]}}],"collection":[{"href":"https:\/\/diarioregionaldigital.com.br\/index.php?rest_route=\/wp\/v2\/posts"}],"about":[{"href":"https:\/\/diarioregionaldigital.com.br\/index.php?rest_route=\/wp\/v2\/types\/post"}],"author":[{"embeddable":true,"href":"https:\/\/diarioregionaldigital.com.br\/index.php?rest_route=\/wp\/v2\/users\/96"}],"replies":[{"embeddable":true,"href":"https:\/\/diarioregionaldigital.com.br\/index.php?rest_route=%2Fwp%2Fv2%2Fcomments&post=158497"}],"version-history":[{"count":0,"href":"https:\/\/diarioregionaldigital.com.br\/index.php?rest_route=\/wp\/v2\/posts\/158497\/revisions"}],"wp:featuredmedia":[{"embeddable":true,"href":"https:\/\/diarioregionaldigital.com.br\/index.php?rest_route=\/wp\/v2\/media\/158489"}],"wp:attachment":[{"href":"https:\/\/diarioregionaldigital.com.br\/index.php?rest_route=%2Fwp%2Fv2%2Fmedia&parent=158497"}],"wp:term":[{"taxonomy":"category","embeddable":true,"href":"https:\/\/diarioregionaldigital.com.br\/index.php?rest_route=%2Fwp%2Fv2%2Fcategories&post=158497"},{"taxonomy":"post_tag","embeddable":true,"href":"https:\/\/diarioregionaldigital.com.br\/index.php?rest_route=%2Fwp%2Fv2%2Ftags&post=158497"}],"curies":[{"name":"wp","href":"https:\/\/api.w.org\/{rel}","templated":true}]}}