{"id":158480,"date":"2020-04-15T18:34:24","date_gmt":"2020-04-15T21:34:24","guid":{"rendered":"https:\/\/diarioregionaldigital.com.br\/?p=158480"},"modified":"2020-04-15T18:34:24","modified_gmt":"2020-04-15T21:34:24","slug":"jovem-e-preso-por-realizar-comercio-de-drogas-no-joquei-clube-ii","status":"publish","type":"post","link":"https:\/\/diarioregionaldigital.com.br\/?p=158480","title":{"rendered":"Jovem \u00e9 preso por realizar com\u00e9rcio de drogas no J\u00f3quei Clube II"},"content":{"rendered":"<p>Um jovem de 22 anos foi preso nessa ter\u00e7a-feira (14), por realizar tr\u00e1fico de drogas no Bairro J\u00f3quei Clube II (Regi\u00e3o Noroeste) de Juiz de Fora. Segundo informa\u00e7\u00f5es da Pol\u00edcia Militar (PM), moradores do bairro fizeram den\u00fancia pelo telefone sobre o caso e relataram que o suspeito escondia as drogas debaixo das latas de lixo e tamb\u00e9m no seu apartamento.<\/p>\n<p>Ao realizar rastreamento, os policiais tiveram \u00eaxito em localizar e abordar o infrator. Logo em seguida, a guarni\u00e7\u00e3o entrou em contato com o av\u00f4 do infrator e imediatamente os policiais dirigiram-se at\u00e9 a resid\u00eancia. Ao chegar no local, o av\u00f4 liberou a entrada e ap\u00f3s buscas pelo im\u00f3vel, a PM encontrou 22 papelotes de coca\u00edna, escondidos no quarto do suspeito, que foi preso em flagrante e conduzido para a Delegacia, junto com os materiais apreendidos.<\/p>\n","protected":false},"excerpt":{"rendered":"<p>Um jovem de 22 anos foi preso nessa ter\u00e7a-feira (14), por realizar tr\u00e1fico de drogas no Bairro J\u00f3quei Clube II (Regi\u00e3o Noroeste) de Juiz de Fora. Segundo informa\u00e7\u00f5es da Pol\u00edcia Militar (PM), moradores do bairro fizeram den\u00fancia pelo telefone sobre o caso e relataram que o suspeito escondia as drogas debaixo das latas de lixo [&hellip;]<\/p>\n","protected":false},"author":96,"featured_media":158481,"comment_status":"closed","ping_status":"closed","sticky":false,"template":"","format":"standard","meta":{"footnotes":""},"categories":[301,436,439],"tags":[],"class_list":["post-158480","post","type-post","status-publish","format-standard","has-post-thumbnail","hentry","category-artigos-policiais","category-destaque-da-semana","category-ultima-hora"],"_links":{"self":[{"href":"https:\/\/diarioregionaldigital.com.br\/index.php?rest_route=\/wp\/v2\/posts\/158480","targetHints":{"allow":["GET"]}}],"collection":[{"href":"https:\/\/diarioregionaldigital.com.br\/index.php?rest_route=\/wp\/v2\/posts"}],"about":[{"href":"https:\/\/diarioregionaldigital.com.br\/index.php?rest_route=\/wp\/v2\/types\/post"}],"author":[{"embeddable":true,"href":"https:\/\/diarioregionaldigital.com.br\/index.php?rest_route=\/wp\/v2\/users\/96"}],"replies":[{"embeddable":true,"href":"https:\/\/diarioregionaldigital.com.br\/index.php?rest_route=%2Fwp%2Fv2%2Fcomments&post=158480"}],"version-history":[{"count":0,"href":"https:\/\/diarioregionaldigital.com.br\/index.php?rest_route=\/wp\/v2\/posts\/158480\/revisions"}],"wp:featuredmedia":[{"embeddable":true,"href":"https:\/\/diarioregionaldigital.com.br\/index.php?rest_route=\/wp\/v2\/media\/158481"}],"wp:attachment":[{"href":"https:\/\/diarioregionaldigital.com.br\/index.php?rest_route=%2Fwp%2Fv2%2Fmedia&parent=158480"}],"wp:term":[{"taxonomy":"category","embeddable":true,"href":"https:\/\/diarioregionaldigital.com.br\/index.php?rest_route=%2Fwp%2Fv2%2Fcategories&post=158480"},{"taxonomy":"post_tag","embeddable":true,"href":"https:\/\/diarioregionaldigital.com.br\/index.php?rest_route=%2Fwp%2Fv2%2Ftags&post=158480"}],"curies":[{"name":"wp","href":"https:\/\/api.w.org\/{rel}","templated":true}]}}