{"id":158422,"date":"2020-04-15T10:58:55","date_gmt":"2020-04-15T13:58:55","guid":{"rendered":"https:\/\/diarioregionaldigital.com.br\/?p=158422"},"modified":"2020-04-15T10:58:55","modified_gmt":"2020-04-15T13:58:55","slug":"minas-gerais-chega-a-30-mortes-causadas-por-coronavirus","status":"publish","type":"post","link":"https:\/\/diarioregionaldigital.com.br\/?p=158422","title":{"rendered":"Minas Gerais chega a 30 mortes causadas por Coronav\u00edrus"},"content":{"rendered":"<p>A Secretaria de Estado da Sa\u00fade de Minas Gerais (SES-MG), confirmou 30 mortes pelo estado, em novo boletim divulgado na manh\u00e3 desta quarta-feira (15). Os novos casos foram confirmados em S\u00e3o Tom\u00e1s de Aquino, Piumhi e Uberaba. Ainda conforme o boletim, os casos de \u00f3bitos confirmados em Minas Gerais s\u00e3o:\u00a0Belo Horizonte (6), Divin\u00f3polis (1), Governador Valadares (2), Itabira (1), Juiz de Fora (2), Mariana (1), Montes Claros (1), Ouro Fino (1), Parais\u00f3polis (2), Patos de Minas (1), Patroc\u00ednio (1), Piumhi (1), Pouso Alegre (2), S\u00e3o Tom\u00e1s de Aquino (1), Uberaba (2), Uberl\u00e2ndia 4) e Varginha (1).<\/p>\n","protected":false},"excerpt":{"rendered":"<p>A Secretaria de Estado da Sa\u00fade de Minas Gerais (SES-MG), confirmou 30 mortes pelo estado, em novo boletim divulgado na manh\u00e3 desta quarta-feira (15). Os novos casos foram confirmados em S\u00e3o Tom\u00e1s de Aquino, Piumhi e Uberaba. Ainda conforme o boletim, os casos de \u00f3bitos confirmados em Minas Gerais s\u00e3o:\u00a0Belo Horizonte (6), Divin\u00f3polis (1), Governador [&hellip;]<\/p>\n","protected":false},"author":96,"featured_media":157926,"comment_status":"closed","ping_status":"closed","sticky":false,"template":"","format":"standard","meta":{"footnotes":""},"categories":[436,440,252,439],"tags":[],"class_list":["post-158422","post","type-post","status-publish","format-standard","has-post-thumbnail","hentry","category-destaque-da-semana","category-destaques-do-dia","category-regiao","category-ultima-hora"],"_links":{"self":[{"href":"https:\/\/diarioregionaldigital.com.br\/index.php?rest_route=\/wp\/v2\/posts\/158422","targetHints":{"allow":["GET"]}}],"collection":[{"href":"https:\/\/diarioregionaldigital.com.br\/index.php?rest_route=\/wp\/v2\/posts"}],"about":[{"href":"https:\/\/diarioregionaldigital.com.br\/index.php?rest_route=\/wp\/v2\/types\/post"}],"author":[{"embeddable":true,"href":"https:\/\/diarioregionaldigital.com.br\/index.php?rest_route=\/wp\/v2\/users\/96"}],"replies":[{"embeddable":true,"href":"https:\/\/diarioregionaldigital.com.br\/index.php?rest_route=%2Fwp%2Fv2%2Fcomments&post=158422"}],"version-history":[{"count":0,"href":"https:\/\/diarioregionaldigital.com.br\/index.php?rest_route=\/wp\/v2\/posts\/158422\/revisions"}],"wp:featuredmedia":[{"embeddable":true,"href":"https:\/\/diarioregionaldigital.com.br\/index.php?rest_route=\/wp\/v2\/media\/157926"}],"wp:attachment":[{"href":"https:\/\/diarioregionaldigital.com.br\/index.php?rest_route=%2Fwp%2Fv2%2Fmedia&parent=158422"}],"wp:term":[{"taxonomy":"category","embeddable":true,"href":"https:\/\/diarioregionaldigital.com.br\/index.php?rest_route=%2Fwp%2Fv2%2Fcategories&post=158422"},{"taxonomy":"post_tag","embeddable":true,"href":"https:\/\/diarioregionaldigital.com.br\/index.php?rest_route=%2Fwp%2Fv2%2Ftags&post=158422"}],"curies":[{"name":"wp","href":"https:\/\/api.w.org\/{rel}","templated":true}]}}