{"id":158419,"date":"2020-04-15T10:52:49","date_gmt":"2020-04-15T13:52:49","guid":{"rendered":"https:\/\/diarioregionaldigital.com.br\/?p=158419"},"modified":"2020-04-15T10:52:49","modified_gmt":"2020-04-15T13:52:49","slug":"flexibilizacao-de-distanciamento-social-exige-momento-oportuno-avalia-secretario","status":"publish","type":"post","link":"https:\/\/diarioregionaldigital.com.br\/?p=158419","title":{"rendered":"Flexibiliza\u00e7\u00e3o de distanciamento social exige momento oportuno, avalia secret\u00e1rio"},"content":{"rendered":"<p>O secret\u00e1rio de Estado de\u00a0Sa\u00fade, Carlos Eduardo Amaral, avaliou\u00a0nesta ter\u00e7a-feira (14), em mais uma coletiva virtual, o cen\u00e1rio epidemiol\u00f3gico do estado em rela\u00e7\u00e3o aos casos de Covid-19. Na oportunidade,\u00a0o secret\u00e1rio tamb\u00e9m enfatizou a import\u00e2ncia das medidas de distanciamento social para controle\u00a0da transmiss\u00e3o do v\u00edrus e tamb\u00e9m para reduzir a press\u00e3o\u00a0sobre a rede de sa\u00fade. Amaral ressaltou, ainda, a\u00a0necessidade de cautela para retorno de atividades n\u00e3o essenciais.<\/p>\n<p>\u201cNossas avalia\u00e7\u00f5es s\u00e3o baseadas em modelos matem\u00e1ticos, que servem para orienta\u00e7\u00e3o e prepara\u00e7\u00e3o da rede de sa\u00fade. As medidas que tomamos apontam no sentido da conten\u00e7\u00e3o da velocidade de transmiss\u00e3o dos casos. O isolamento tem consenso internacional quanto \u00e0 sua efic\u00e1cia. Quanto \u00e0 eventual retorno ou flexibiliza\u00e7\u00e3o do distanciamento, somente em momento oportuno poder\u00e1 ser aplicado e por isso temos feito estudos com frequ\u00eancia\u201d.<\/p>\n<p>O secret\u00e1rio mencionou que nos pr\u00f3ximos dias deve haver uma nova proje\u00e7\u00e3o sobre o per\u00edodo prov\u00e1vel para que se atinja o pico da curva de casos para Minas Gerais, atualmente esperado entre os dias 03 a 05 de maio. \u201cPor ora, nossa proje\u00e7\u00e3o por demanda de leitos ainda est\u00e1 na casa de 5.900 pessoas necessitando de leitos cl\u00ednicos e 1.500 a 2.000 podendo demandar terapia intensiva. Atualmente, estimamos em at\u00e9 3% o quantitativo de leitos de UTI ocupados por pessoas com casos suspeitos da Covid-19\u201d, apontou Amaral.<\/p>\n<p>O secret\u00e1rio adjunto de Sa\u00fade, Marcelo Cabral, destacou que, em rela\u00e7\u00e3o \u00e0s medidas administrativas, a Secretaria de Estado de Sa\u00fade (SES-MG) tem realizado, nos \u00faltimos dias, aquisi\u00e7\u00f5es de insumos e equipamentos por via de contrata\u00e7\u00e3o, cabendo dispensa de licita\u00e7\u00e3o apenas quando h\u00e1 hip\u00f3tese legal, e esclareceu a diferen\u00e7a sobre as requisi\u00e7\u00f5es administrativas e o confisco.<\/p>\n<p>\u201cNas requisi\u00e7\u00f5es administrativas fica resguardado o direito de indeniza\u00e7\u00e3o, diferente do confisco, quando n\u00e3o h\u00e1 pagamento de qualquer compensa\u00e7\u00e3o, medida que n\u00e3o foi tomada pelo Estado. Tivemos, no in\u00edcio da pandemia, apenas algumas medidas de requisi\u00e7\u00e3o administrativa\u201d, pontuou.<\/p>\n<p>Marcelo Cabral tamb\u00e9m destacou que a legisla\u00e7\u00e3o produzida em Minas Gerais n\u00e3o tem penalidades espec\u00edficas sobre o descumprimento de medidas de distanciamento, o que n\u00e3o afasta a hip\u00f3tese de configura\u00e7\u00e3o de crime nos termos das normas penais. \u201cTemos crimes previstos no C\u00f3digo Penal, e nada impede que essas pessoas possam vir a ser responsabilizadas. No entanto, esperamos que o cidad\u00e3o possa aderir \u00e0s medidas de forma volunt\u00e1ria, consciente de que s\u00e3o a\u00e7\u00f5es que podem evitar adoecimento e as mortes\u201d.<\/p>\n<p><strong>Casos suspeitos<\/strong><\/p>\n<p>Tamb\u00e9m presente na coletiva, o subsecret\u00e1rio de Vigil\u00e2ncia em Sa\u00fade, Dario Brock Ramalho, explicou que a diferen\u00e7a entre o n\u00famero de casos suspeitos em rela\u00e7\u00e3o ao n\u00famero de casos confirmados n\u00e3o deve ser vista como indicativo de falta de testes, mas sim como demarcador da forma como a epidemia vem evoluindo.<\/p>\n<p>\u201cNem todos os casos suspeitos ser\u00e3o testados, afinal muitos deles t\u00eam quadros cl\u00ednicos muito brandos. A pol\u00edtica de testagem tem por par\u00e2metro, no momento, testar pacientes com quadros mais graves. O importante ao ver o n\u00famero dos casos notificados \u00e9 perceber esse quantitativo como marcador do tamanho da epidemia, em termos epidemiol\u00f3gicos\u201d.<\/p>\n<p>O secret\u00e1rio Carlos Eduardo Amaral adicionou, ainda, que n\u00e3o h\u00e1, no momento, inten\u00e7\u00e3o de que se fa\u00e7a testes de forma ampliada. \u201cS\u00e3o crit\u00e9rios que est\u00e3o estabelecidos e n\u00e3o pensamos em altera\u00e7\u00f5es para o momento\u201d, disse.<\/p>\n<p>Segundo Dario Brock, a SES-MG\u00a0tem trabalhado para acelerar o volume de testes realizados, de forma a diminuir eventuais atrasos em rela\u00e7\u00e3o \u00e0s amostras colhidas no interior. \u201cNo interior do estado n\u00f3s temos algumas quest\u00f5es de log\u00edstica, que podem levar a um pouco mais de tempo para termos os resultados, mas com a amplia\u00e7\u00e3o da rede de laborat\u00f3rios, conseguiremos dar boa resposta\u201d, afirmou.<\/p>\n<p>O subsecret\u00e1rio ainda finalizou lembrando o fato de que a fila de espera pela realiza\u00e7\u00e3o foi zerada pela\u00a0Funda\u00e7\u00e3o Ezequiel Dias (Funed), ressaltando as amostras que derem entrada na institui\u00e7\u00e3o ter\u00e3o os resultados liberados em at\u00e9 tr\u00eas dias.<\/p>\n<p>&nbsp;<\/p>\n<p><strong>Fonte:\u00a0<\/strong>Ag\u00eancia Minas<\/p>\n","protected":false},"excerpt":{"rendered":"<p>O secret\u00e1rio de Estado de\u00a0Sa\u00fade, Carlos Eduardo Amaral, avaliou\u00a0nesta ter\u00e7a-feira (14), em mais uma coletiva virtual, o cen\u00e1rio epidemiol\u00f3gico do estado em rela\u00e7\u00e3o aos casos de Covid-19. Na oportunidade,\u00a0o secret\u00e1rio tamb\u00e9m enfatizou a import\u00e2ncia das medidas de distanciamento social para controle\u00a0da transmiss\u00e3o do v\u00edrus e tamb\u00e9m para reduzir a press\u00e3o\u00a0sobre a rede de sa\u00fade. Amaral [&hellip;]<\/p>\n","protected":false},"author":96,"featured_media":158420,"comment_status":"closed","ping_status":"closed","sticky":false,"template":"","format":"standard","meta":{"footnotes":""},"categories":[436,252,439],"tags":[],"class_list":["post-158419","post","type-post","status-publish","format-standard","has-post-thumbnail","hentry","category-destaque-da-semana","category-regiao","category-ultima-hora"],"_links":{"self":[{"href":"https:\/\/diarioregionaldigital.com.br\/index.php?rest_route=\/wp\/v2\/posts\/158419","targetHints":{"allow":["GET"]}}],"collection":[{"href":"https:\/\/diarioregionaldigital.com.br\/index.php?rest_route=\/wp\/v2\/posts"}],"about":[{"href":"https:\/\/diarioregionaldigital.com.br\/index.php?rest_route=\/wp\/v2\/types\/post"}],"author":[{"embeddable":true,"href":"https:\/\/diarioregionaldigital.com.br\/index.php?rest_route=\/wp\/v2\/users\/96"}],"replies":[{"embeddable":true,"href":"https:\/\/diarioregionaldigital.com.br\/index.php?rest_route=%2Fwp%2Fv2%2Fcomments&post=158419"}],"version-history":[{"count":0,"href":"https:\/\/diarioregionaldigital.com.br\/index.php?rest_route=\/wp\/v2\/posts\/158419\/revisions"}],"wp:featuredmedia":[{"embeddable":true,"href":"https:\/\/diarioregionaldigital.com.br\/index.php?rest_route=\/wp\/v2\/media\/158420"}],"wp:attachment":[{"href":"https:\/\/diarioregionaldigital.com.br\/index.php?rest_route=%2Fwp%2Fv2%2Fmedia&parent=158419"}],"wp:term":[{"taxonomy":"category","embeddable":true,"href":"https:\/\/diarioregionaldigital.com.br\/index.php?rest_route=%2Fwp%2Fv2%2Fcategories&post=158419"},{"taxonomy":"post_tag","embeddable":true,"href":"https:\/\/diarioregionaldigital.com.br\/index.php?rest_route=%2Fwp%2Fv2%2Ftags&post=158419"}],"curies":[{"name":"wp","href":"https:\/\/api.w.org\/{rel}","templated":true}]}}