{"id":158416,"date":"2020-04-15T10:50:03","date_gmt":"2020-04-15T13:50:03","guid":{"rendered":"https:\/\/diarioregionaldigital.com.br\/?p=158416"},"modified":"2020-04-15T10:50:03","modified_gmt":"2020-04-15T13:50:03","slug":"covid-19-censo-hospitalar-comeca-a-coletar-dados-de-internacoes","status":"publish","type":"post","link":"https:\/\/diarioregionaldigital.com.br\/?p=158416","title":{"rendered":"Covid-19: censo hospitalar come\u00e7a a coletar dados de interna\u00e7\u00f5es"},"content":{"rendered":"<p>As interna\u00e7\u00f5es de casos suspeitos e confirmados do novo coronav\u00edrus (covid-19), nas unidades hospitalares, p\u00fablicas e privadas, do Sistema \u00danico de Sa\u00fade (SUS), nos 26 estados e no Distrito Federal, est\u00e3o sendo registradas desde o in\u00edcio desta semana. A coleta de informa\u00e7\u00e3o das interna\u00e7\u00f5es ser\u00e1 realizada diariamente, at\u00e9 as 14h<\/p>\n<p>De acordo com o Minist\u00e9rio da Sa\u00fade, a medida \u00e9 para o Censo Hospitalar e tem por objetivo monitorar a taxa de ocupa\u00e7\u00e3o dos leitos SUS dispon\u00edveis para pacientes com covid-19, avaliar a ocupa\u00e7\u00e3o dos leitos da rede assistencial e a m\u00e9dia de perman\u00eancia dos pacientes, a fim de auxiliar nas medidas de apoio \u00e0s gest\u00f5es locais no enfrentamento da doen\u00e7a.<\/p>\n<p>Ser\u00e3o coletadas informa\u00e7\u00f5es sobre o n\u00famero de interna\u00e7\u00f5es de pacientes em cl\u00ednicos\/enfermaria e\/ou leitos intensivos (UTI) com suspeita ou confirma\u00e7\u00e3o da doen\u00e7a; o n\u00famero de altas hospitalares (sa\u00eddas) de pacientes suspeitos e confirmados; e quantidade de leitos cl\u00ednicos\/enfermaria e\/ou leitos intensivos (UTI) existentes no estabelecimento de sa\u00fade dispon\u00edveis para doentes por coronav\u00edrus.<\/p>\n<p>O registro no censo hospitalar fica sob a responsabilidade do gestor dos estabelecimentos de sa\u00fade e ser\u00e1 monitorado pelo gestor de sa\u00fade local. O minist\u00e9rio enviou aos estados e aos estabelecimentos um link para cadastramento no sistema. \u00c9 necess\u00e1rio fazer primeiro \u00a0o cadastro para que possam come\u00e7ar a fazer o registro obrigat\u00f3rio. O n\u00e3o cumprimento da medida ser\u00e1 considerado infra\u00e7\u00e3o sanit\u00e1ria grave ou grav\u00edssima, sujeito a penalidades previstas em lei.<\/p>\n<p>&nbsp;<\/p>\n<p><strong>Fonte:\u00a0<\/strong>Ag\u00eancia Brasil<\/p>\n","protected":false},"excerpt":{"rendered":"<p>As interna\u00e7\u00f5es de casos suspeitos e confirmados do novo coronav\u00edrus (covid-19), nas unidades hospitalares, p\u00fablicas e privadas, do Sistema \u00danico de Sa\u00fade (SUS), nos 26 estados e no Distrito Federal, est\u00e3o sendo registradas desde o in\u00edcio desta semana. A coleta de informa\u00e7\u00e3o das interna\u00e7\u00f5es ser\u00e1 realizada diariamente, at\u00e9 as 14h De acordo com o Minist\u00e9rio [&hellip;]<\/p>\n","protected":false},"author":96,"featured_media":158417,"comment_status":"closed","ping_status":"closed","sticky":false,"template":"","format":"standard","meta":{"footnotes":""},"categories":[302,436,439],"tags":[],"class_list":["post-158416","post","type-post","status-publish","format-standard","has-post-thumbnail","hentry","category-brasil-mundo","category-destaque-da-semana","category-ultima-hora"],"_links":{"self":[{"href":"https:\/\/diarioregionaldigital.com.br\/index.php?rest_route=\/wp\/v2\/posts\/158416","targetHints":{"allow":["GET"]}}],"collection":[{"href":"https:\/\/diarioregionaldigital.com.br\/index.php?rest_route=\/wp\/v2\/posts"}],"about":[{"href":"https:\/\/diarioregionaldigital.com.br\/index.php?rest_route=\/wp\/v2\/types\/post"}],"author":[{"embeddable":true,"href":"https:\/\/diarioregionaldigital.com.br\/index.php?rest_route=\/wp\/v2\/users\/96"}],"replies":[{"embeddable":true,"href":"https:\/\/diarioregionaldigital.com.br\/index.php?rest_route=%2Fwp%2Fv2%2Fcomments&post=158416"}],"version-history":[{"count":0,"href":"https:\/\/diarioregionaldigital.com.br\/index.php?rest_route=\/wp\/v2\/posts\/158416\/revisions"}],"wp:featuredmedia":[{"embeddable":true,"href":"https:\/\/diarioregionaldigital.com.br\/index.php?rest_route=\/wp\/v2\/media\/158417"}],"wp:attachment":[{"href":"https:\/\/diarioregionaldigital.com.br\/index.php?rest_route=%2Fwp%2Fv2%2Fmedia&parent=158416"}],"wp:term":[{"taxonomy":"category","embeddable":true,"href":"https:\/\/diarioregionaldigital.com.br\/index.php?rest_route=%2Fwp%2Fv2%2Fcategories&post=158416"},{"taxonomy":"post_tag","embeddable":true,"href":"https:\/\/diarioregionaldigital.com.br\/index.php?rest_route=%2Fwp%2Fv2%2Ftags&post=158416"}],"curies":[{"name":"wp","href":"https:\/\/api.w.org\/{rel}","templated":true}]}}