{"id":158413,"date":"2020-04-15T10:48:17","date_gmt":"2020-04-15T13:48:17","guid":{"rendered":"https:\/\/diarioregionaldigital.com.br\/?p=158413"},"modified":"2020-04-15T10:48:17","modified_gmt":"2020-04-15T13:48:17","slug":"homem-de-99-anos-e-o-mais-velho-a-receber-alta-apos-contrair-covid-19","status":"publish","type":"post","link":"https:\/\/diarioregionaldigital.com.br\/?p=158413","title":{"rendered":"Homem de 99 anos \u00e9 o mais velho a receber alta ap\u00f3s contrair covid-19"},"content":{"rendered":"<p>Aos 99 anos, o ex-integrante da For\u00e7a Expedicion\u00e1ria Brasileira (FEB) Ermando Piveta recebeu alta hoje (14) do Hospital das For\u00e7as Armadas (HFA), na capital federal, ap\u00f3s interna\u00e7\u00e3o por covid-19. Ele \u00e9 o brasileiro mais velho a receber alta ap\u00f3s tratamento do novo coronav\u00edrus.<\/p>\n<p>\u201cO paciente chegou ao hospital no dia 6 de abril, com um quadro de infec\u00e7\u00e3o pulmonar, j\u00e1 era sabidamente covid positivo e teve uma infec\u00e7\u00e3o bacteriana secund\u00e1ria. As primeiras 48 horas foram mais complicadas porque teve que ficar no CTI, em observa\u00e7\u00e3o ventilat\u00f3ria, o desconforto era grande, mas n\u00e3o chegou a evoluir para ventila\u00e7\u00e3o mec\u00e2nica\u201d, disse Nestor Francisco Miranda J\u00fanior, Diretor T\u00e9cnico de Sa\u00fade do Hospital das For\u00e7as Armadas.<\/p>\n<p>\u201cA partir disso, houve uma grande melhora, respondendo bem aos antibi\u00f3ticos empregados e hoje ele recebe alta j\u00e1 curado e pronto para seu conv\u00edvio familiar\u201d, acrescentou. O militar da reserva permaneceu por oito dias na Ala covid\u00a0do hospital, exclusiva para os casos positivos da doen\u00e7a.<\/p>\n<p>\u201cVencer esta batalha para mim foi maior do que vencer a guerra, porque essa \u00e9 uma peste, como em 1918 [Gripe Espanhola], \u00e9 mundial. Eu sa\u00ed dessa. Para mim, foi uma luta tremenda, mais do que na guerra. Na guerra voc\u00ea mata ou vive. Aqui voc\u00ea tem que lutar para viver e eu sa\u00ed dessa luta vencedor\u201d, disse Piveta ao deixar o hospital, conforme divulgou o Ex\u00e9rcito brasileiro.<\/p>\n<p>Ele agradeceu os cuidados da equipe de sa\u00fade. \u201cQuero dar os parab\u00e9ns \u00e0 equipe m\u00e9dica que tanto me ajudou e a for\u00e7a que o Ex\u00e9rcito me deu, acompanhando minha sa\u00fade. Estou com uma emo\u00e7\u00e3o tremenda.\u201d<\/p>\n<p>&nbsp;<\/p>\n<p><strong>Fonte:\u00a0<\/strong>Ag\u00eancia Brasil<\/p>\n","protected":false},"excerpt":{"rendered":"<p>Aos 99 anos, o ex-integrante da For\u00e7a Expedicion\u00e1ria Brasileira (FEB) Ermando Piveta recebeu alta hoje (14) do Hospital das For\u00e7as Armadas (HFA), na capital federal, ap\u00f3s interna\u00e7\u00e3o por covid-19. Ele \u00e9 o brasileiro mais velho a receber alta ap\u00f3s tratamento do novo coronav\u00edrus. \u201cO paciente chegou ao hospital no dia 6 de abril, com um [&hellip;]<\/p>\n","protected":false},"author":96,"featured_media":158414,"comment_status":"closed","ping_status":"closed","sticky":false,"template":"","format":"standard","meta":{"footnotes":""},"categories":[302,436,440,439],"tags":[],"class_list":["post-158413","post","type-post","status-publish","format-standard","has-post-thumbnail","hentry","category-brasil-mundo","category-destaque-da-semana","category-destaques-do-dia","category-ultima-hora"],"_links":{"self":[{"href":"https:\/\/diarioregionaldigital.com.br\/index.php?rest_route=\/wp\/v2\/posts\/158413","targetHints":{"allow":["GET"]}}],"collection":[{"href":"https:\/\/diarioregionaldigital.com.br\/index.php?rest_route=\/wp\/v2\/posts"}],"about":[{"href":"https:\/\/diarioregionaldigital.com.br\/index.php?rest_route=\/wp\/v2\/types\/post"}],"author":[{"embeddable":true,"href":"https:\/\/diarioregionaldigital.com.br\/index.php?rest_route=\/wp\/v2\/users\/96"}],"replies":[{"embeddable":true,"href":"https:\/\/diarioregionaldigital.com.br\/index.php?rest_route=%2Fwp%2Fv2%2Fcomments&post=158413"}],"version-history":[{"count":0,"href":"https:\/\/diarioregionaldigital.com.br\/index.php?rest_route=\/wp\/v2\/posts\/158413\/revisions"}],"wp:featuredmedia":[{"embeddable":true,"href":"https:\/\/diarioregionaldigital.com.br\/index.php?rest_route=\/wp\/v2\/media\/158414"}],"wp:attachment":[{"href":"https:\/\/diarioregionaldigital.com.br\/index.php?rest_route=%2Fwp%2Fv2%2Fmedia&parent=158413"}],"wp:term":[{"taxonomy":"category","embeddable":true,"href":"https:\/\/diarioregionaldigital.com.br\/index.php?rest_route=%2Fwp%2Fv2%2Fcategories&post=158413"},{"taxonomy":"post_tag","embeddable":true,"href":"https:\/\/diarioregionaldigital.com.br\/index.php?rest_route=%2Fwp%2Fv2%2Ftags&post=158413"}],"curies":[{"name":"wp","href":"https:\/\/api.w.org\/{rel}","templated":true}]}}