{"id":158410,"date":"2020-04-15T10:46:42","date_gmt":"2020-04-15T13:46:42","guid":{"rendered":"https:\/\/diarioregionaldigital.com.br\/?p=158410"},"modified":"2020-04-15T10:46:42","modified_gmt":"2020-04-15T13:46:42","slug":"governo-federal-transporta-equipamentos-da-china-para-prefeitura-do-rj","status":"publish","type":"post","link":"https:\/\/diarioregionaldigital.com.br\/?p=158410","title":{"rendered":"Governo federal transporta equipamentos da China para prefeitura do RJ"},"content":{"rendered":"<p>A pedido da prefeitura do Rio de Janeiro, o governo federal enviar\u00e1 \u00e0 China avi\u00f5es para buscar 190 toneladas de equipamentos comprados pelo munic\u00edpio antes da pandemia do novo coronav\u00edrus\u00a0 e que agora ser\u00e3o essenciais para\u00a0o combate \u00e0 doen\u00e7a. A informa\u00e7\u00e3o foi divulgada hoje (14) pelo prefeito Marcelo Crivella em entrevista coletiva \u00e0 imprensa.<\/p>\n<p>A mercadoria inclui 806 respiradores, aparelhos fundamentais para o socorro de pacientes mais graves de covid-19. \u201cEsse \u00e9 o equipamento mais procurado do mundo. Est\u00e3o vindo tom\u00f3grafos tamb\u00e9m, fundamentais para os exames mais importantes no caso do novo coronav\u00edrus. Vir\u00e3o tamb\u00e9m mais carrinhos de anestesia, que podem ser usados como respiradores, raios X digitais, aparelhos de ultrassonografia e de eletrocardiograma. Quero agradecer muito ao presidente Jair Bolsonaro e ao general Braga Netto\u201d,\u00a0 detalhou\u00a0Crivella.<\/p>\n<p>Segundo o prefeito, nesse momento crucial de rea\u00e7\u00e3o \u00e0 covid-19, os equipamentos \u2013 que a prefeitura j\u00e1 havia comprado no ano passado para atualizar hospitais e demais unidades de sa\u00fade do munic\u00edpio \u2013 tornaram-se cobi\u00e7ados por todos os pa\u00edses e, se viessem em voos de carga usuais, a popula\u00e7\u00e3o da cidade corria o risco de perder toda a mercadoria previamente adquirida.<\/p>\n<p>\u201cOs chineses, de quem fizemos a compra, nos disseram que, quando os avi\u00f5es chegam \u00e0 Europa e aos Estados Unidos, esse tipo de material fica por l\u00e1. Os governos dos pa\u00edses arrestam a carga por necessidade e a gente ia perder tudo. Mas agora todas as 190 toneladas de equipamentos comprados por n\u00f3s chegar\u00e3o ao Aeroporto de Guarulhos, em S\u00e3o Paulo, e, de l\u00e1, a prefeitura vai coloc\u00e1-los em caminh\u00f5es, que vir\u00e3o para o Rio de Janeiro com o governo federal fazendo a escolta \u201c, explicou.<\/p>\n<p><strong>Duas etapas<\/strong><\/p>\n<p>Em telefonema, o ministro-chefe da Casa Civil e coordenador do Gabinete de Crise que monitora a pandemia, general\u00a0\u00a0Braga Netto, acertou com o prefeito que o\u00a0primeiro lote, de 111 toneladas de equipamentos, chegar\u00e1 em 27 de abril, incluindo 3 milh\u00f5es de m\u00e1scaras e \u00f3culos, entre outros itens. A segunda remessa, com cerca de 80 toneladas, chegar\u00e1 em 27 de maio e trar\u00e1 tamb\u00e9m respiradores mec\u00e2nicos, entre uma grande quantidade de equipamentos destinados \u00e0 \u00e1rea da sa\u00fade municipal .<\/p>\n<p><strong>Compra<\/strong><\/p>\n<p>O prefeito Marcelo Crivella contou que, bem antes de qualquer sinal de uma pandemia, comprou 806 respiradores mec\u00e2nicos no in\u00edcio de sua gest\u00e3o, al\u00e9m de 450 carrinhos de anestesia, que tamb\u00e9m possuem respiradores. Como a aquisi\u00e7\u00e3o foi feita antes do in\u00edcio da pandemia, as condi\u00e7\u00f5es de compra foram mais vantajosas, em compara\u00e7\u00e3o \u00e0 realidade atual, em que esses equipamentos est\u00e3o em falta no mercado mundial. \u201c T\u00ednhamos planejado reaparelhar as nossas unidades de sa\u00fade no munic\u00edpio e fizemos a compra. Pagamos por respirador US$12 mil d\u00f3lares, cerca de R$ 40 mil. Na ocasi\u00e3o, o d\u00f3lar estava mais em conta. Hoje, um respirador \u00e9 vendido por R$ 200 mil, e h\u00e1 um detalhe: paguei em presta\u00e7\u00f5es, durante cinco anos, n\u00e3o paguei \u00e0 vista, como hoje est\u00e3o praticamente exigindo. N\u00e3o foi s\u00f3 comprar, mas faz\u00ea-lo em uma condi\u00e7\u00e3o muito boa\u201d,\u00a0 disse Crivella.<\/p>\n<p><strong>Isolamento<\/strong><\/p>\n<p>Crivella voltou a pedir \u00e0 popula\u00e7\u00e3o que siga a orienta\u00e7\u00e3o de ficar em casa e, caso seja necess\u00e1rio sair, que evite aglomera\u00e7\u00f5es.<\/p>\n<p>\u201cA gente faz o apelo que sempre faz: que as pessoas n\u00e3o fa\u00e7am\u00a0aglomera\u00e7\u00e3o. Classificamos de aglomera\u00e7\u00e3o a reuni\u00e3o de duas ou mais pessoas, em uma dist\u00e2ncia menor de dois metros. O cont\u00e1gio ocorre nesse momento. Na reuni\u00e3o feita ontem com cientistas do Rio de Janeiro, ficou decidido que as medidas de afastamento t\u00eam que ser mantidas de forma sagrada\u201d.<\/p>\n<p>&nbsp;<\/p>\n<p><strong>Fonte:<\/strong>\u00a0Ag\u00eancia Brasil<\/p>\n","protected":false},"excerpt":{"rendered":"<p>A pedido da prefeitura do Rio de Janeiro, o governo federal enviar\u00e1 \u00e0 China avi\u00f5es para buscar 190 toneladas de equipamentos comprados pelo munic\u00edpio antes da pandemia do novo coronav\u00edrus\u00a0 e que agora ser\u00e3o essenciais para\u00a0o combate \u00e0 doen\u00e7a. A informa\u00e7\u00e3o foi divulgada hoje (14) pelo prefeito Marcelo Crivella em entrevista coletiva \u00e0 imprensa. A [&hellip;]<\/p>\n","protected":false},"author":96,"featured_media":158411,"comment_status":"closed","ping_status":"closed","sticky":false,"template":"","format":"standard","meta":{"footnotes":""},"categories":[302,436,439],"tags":[],"class_list":["post-158410","post","type-post","status-publish","format-standard","has-post-thumbnail","hentry","category-brasil-mundo","category-destaque-da-semana","category-ultima-hora"],"_links":{"self":[{"href":"https:\/\/diarioregionaldigital.com.br\/index.php?rest_route=\/wp\/v2\/posts\/158410","targetHints":{"allow":["GET"]}}],"collection":[{"href":"https:\/\/diarioregionaldigital.com.br\/index.php?rest_route=\/wp\/v2\/posts"}],"about":[{"href":"https:\/\/diarioregionaldigital.com.br\/index.php?rest_route=\/wp\/v2\/types\/post"}],"author":[{"embeddable":true,"href":"https:\/\/diarioregionaldigital.com.br\/index.php?rest_route=\/wp\/v2\/users\/96"}],"replies":[{"embeddable":true,"href":"https:\/\/diarioregionaldigital.com.br\/index.php?rest_route=%2Fwp%2Fv2%2Fcomments&post=158410"}],"version-history":[{"count":0,"href":"https:\/\/diarioregionaldigital.com.br\/index.php?rest_route=\/wp\/v2\/posts\/158410\/revisions"}],"wp:featuredmedia":[{"embeddable":true,"href":"https:\/\/diarioregionaldigital.com.br\/index.php?rest_route=\/wp\/v2\/media\/158411"}],"wp:attachment":[{"href":"https:\/\/diarioregionaldigital.com.br\/index.php?rest_route=%2Fwp%2Fv2%2Fmedia&parent=158410"}],"wp:term":[{"taxonomy":"category","embeddable":true,"href":"https:\/\/diarioregionaldigital.com.br\/index.php?rest_route=%2Fwp%2Fv2%2Fcategories&post=158410"},{"taxonomy":"post_tag","embeddable":true,"href":"https:\/\/diarioregionaldigital.com.br\/index.php?rest_route=%2Fwp%2Fv2%2Ftags&post=158410"}],"curies":[{"name":"wp","href":"https:\/\/api.w.org\/{rel}","templated":true}]}}