{"id":158400,"date":"2020-04-15T06:00:01","date_gmt":"2020-04-15T09:00:01","guid":{"rendered":"https:\/\/diarioregionaldigital.com.br\/?p=158400"},"modified":"2020-04-15T00:59:00","modified_gmt":"2020-04-15T03:59:00","slug":"prefeitura-municipal-de-descoberto-extrato-15-04-2020","status":"publish","type":"post","link":"https:\/\/diarioregionaldigital.com.br\/?p=158400","title":{"rendered":"Prefeitura Municipal de Descoberto &#8211; Extrato &#8211; 15-04-2020"},"content":{"rendered":"<p style=\"text-align: center;\"><strong>EXTRATO TERCEIRO TERMO ADITIVO DE CONTRATO<\/strong><\/p>\n<p style=\"text-align: center;\">3\u00ba Termo Aditivo. Pref. Municipal de Descoberto x Integra solu\u00e7\u00f5es em TI LTDA &#8211; Objeto: Constitui objeto do presente termo aditivo a modifica\u00e7\u00e3o do prazo de vig\u00eancia do contrato, que passar\u00e1 a vigorar de 08\/04\/2020 \u00e0 08\/04\/2021 &#8211; Fundamento: Carta Convite n\u00ba 005\/2017 \u2013 Valor Global: 28.800,00 &#8211; Vig\u00eancia: 08\/04\/2020 a 08\/04\/2021 \u2013 Dot or\u00e7: 02.04001.12.122.0002.218-339039\/100 &#8211; Ass: 08\/04\/20- Foro: S\u00e3o Jo\u00e3o Nepomuceno\/MG.<\/p>\n<p style=\"text-align: center;\"><strong>Marcos de Ara\u00fajo Lima<\/strong><\/p>\n<p style=\"text-align: center;\"><strong>Prefeito Municipal<\/strong><\/p>\n","protected":false},"excerpt":{"rendered":"<p>EXTRATO TERCEIRO TERMO ADITIVO DE CONTRATO 3\u00ba Termo Aditivo. Pref. Municipal de Descoberto x Integra solu\u00e7\u00f5es em TI LTDA &#8211; Objeto: Constitui objeto do presente termo aditivo a modifica\u00e7\u00e3o do prazo de vig\u00eancia do contrato, que passar\u00e1 a vigorar de 08\/04\/2020 \u00e0 08\/04\/2021 &#8211; Fundamento: Carta Convite n\u00ba 005\/2017 \u2013 Valor Global: 28.800,00 &#8211; Vig\u00eancia: [&hellip;]<\/p>\n","protected":false},"author":96,"featured_media":0,"comment_status":"closed","ping_status":"closed","sticky":false,"template":"","format":"standard","meta":{"footnotes":""},"categories":[307],"tags":[],"class_list":["post-158400","post","type-post","status-publish","format-standard","hentry","category-editais"],"_links":{"self":[{"href":"https:\/\/diarioregionaldigital.com.br\/index.php?rest_route=\/wp\/v2\/posts\/158400","targetHints":{"allow":["GET"]}}],"collection":[{"href":"https:\/\/diarioregionaldigital.com.br\/index.php?rest_route=\/wp\/v2\/posts"}],"about":[{"href":"https:\/\/diarioregionaldigital.com.br\/index.php?rest_route=\/wp\/v2\/types\/post"}],"author":[{"embeddable":true,"href":"https:\/\/diarioregionaldigital.com.br\/index.php?rest_route=\/wp\/v2\/users\/96"}],"replies":[{"embeddable":true,"href":"https:\/\/diarioregionaldigital.com.br\/index.php?rest_route=%2Fwp%2Fv2%2Fcomments&post=158400"}],"version-history":[{"count":0,"href":"https:\/\/diarioregionaldigital.com.br\/index.php?rest_route=\/wp\/v2\/posts\/158400\/revisions"}],"wp:attachment":[{"href":"https:\/\/diarioregionaldigital.com.br\/index.php?rest_route=%2Fwp%2Fv2%2Fmedia&parent=158400"}],"wp:term":[{"taxonomy":"category","embeddable":true,"href":"https:\/\/diarioregionaldigital.com.br\/index.php?rest_route=%2Fwp%2Fv2%2Fcategories&post=158400"},{"taxonomy":"post_tag","embeddable":true,"href":"https:\/\/diarioregionaldigital.com.br\/index.php?rest_route=%2Fwp%2Fv2%2Ftags&post=158400"}],"curies":[{"name":"wp","href":"https:\/\/api.w.org\/{rel}","templated":true}]}}