{"id":158397,"date":"2020-04-15T06:00:37","date_gmt":"2020-04-15T09:00:37","guid":{"rendered":"https:\/\/diarioregionaldigital.com.br\/?p=158397"},"modified":"2020-04-15T00:56:08","modified_gmt":"2020-04-15T03:56:08","slug":"tudo-pela-saude","status":"publish","type":"post","link":"https:\/\/diarioregionaldigital.com.br\/?p=158397","title":{"rendered":"Tudo pela Sa\u00fade"},"content":{"rendered":"<p style=\"text-align: center;\"><strong>Leitura<\/strong><\/p>\n<p style=\"text-align: center;\">A Academia Brasileira de Letras (ABL), enquanto durar a quarentena, vai disponibilizar leituras dramatizadas e pequenas apresenta\u00e7\u00f5es musicais em suas redes sociais, a previs\u00e3o \u00e9 que a institui\u00e7\u00e3o volta a funcionar daqui h\u00e1 tr\u00eas meses. Na realidade a ABL est\u00e1 de portas fechadas, mas janelas abertas.<\/p>\n<p style=\"text-align: center;\"><strong>Cultura <\/strong><\/p>\n<p style=\"text-align: center;\">Radicada na Fran\u00e7a, a escritora juiz-forana Fernanda Bittar atendendo a pedidos disponibilizou o e-book \u201cContos do Avesso\u201d, gratuitamente por alguns dias, na plataforma da Amazon Kinde. Editado pela Paratexto, tem ilustra\u00e7\u00e3o do cartunista e artista de Juiz de Fora, Paulo Talarico.<\/p>\n<p style=\"text-align: center;\"><strong>Extra..Extra<\/strong><\/p>\n<p style=\"text-align: center;\">De propriedade de pr\u00edncipe Dom Francisco de Orleans e Bragan\u00e7a, o jornal impresso \u201dTribuna de Petr\u00f3polis\u201d encerrou suas atividades. Agora s\u00f3 a edi\u00e7\u00e3o on-line.<\/p>\n<p style=\"text-align: center;\"><strong>Tudo pela Sa\u00fade<\/strong><\/p>\n<p style=\"text-align: center;\">Ainda existe esperan\u00e7a. E sendo assim, o grupo de Rob\u00f3tica Inteligente da UFJF, em parceria com a Faculdade de Arquitetura e Urbanismo, desenvolveu uma viseira de prote\u00e7\u00e3o contra o novo Coronav\u00edrus que utiliza m\u00e1quinas de corte na sua produ\u00e7\u00e3o.<\/p>\n<p style=\"text-align: center;\"><span style=\"font-size: 14pt;\"><strong>Para Refletir<\/strong><\/span><\/p>\n<p>\u201cA vida \u00e9 uma passagem, cheia de esta\u00e7\u00f5es, e a cada esta\u00e7\u00e3o voc\u00ea tem que conhecer gente, evoluir, ler bastante, estudar mais e atualizando e aumentando a sua forma\u00e7\u00e3o. Um preparo como qualquer outro profissional para lidar com essa nova realidade\u201d. (Gerson Guedes-professor e artista pl\u00e1stico).<\/p>\n<div id=\"attachment_158384\" style=\"width: 690px\" class=\"wp-caption aligncenter\"><img loading=\"lazy\" decoding=\"async\" aria-describedby=\"caption-attachment-158384\" class=\"wp-image-158384\" src=\"https:\/\/diarioregionaldigital.com.br\/wp-content\/uploads\/2020\/04\/fotoa-8-e1586922157917.jpg\" alt=\"\" width=\"680\" height=\"513\" srcset=\"https:\/\/diarioregionaldigital.com.br\/wp-content\/uploads\/2020\/04\/fotoa-8-e1586922157917.jpg 1759w, https:\/\/diarioregionaldigital.com.br\/wp-content\/uploads\/2020\/04\/fotoa-8-e1586922157917-300x226.jpg 300w, https:\/\/diarioregionaldigital.com.br\/wp-content\/uploads\/2020\/04\/fotoa-8-e1586922157917-768x579.jpg 768w, https:\/\/diarioregionaldigital.com.br\/wp-content\/uploads\/2020\/04\/fotoa-8-e1586922157917-1024x772.jpg 1024w, https:\/\/diarioregionaldigital.com.br\/wp-content\/uploads\/2020\/04\/fotoa-8-e1586922157917-360x271.jpg 360w\" sizes=\"auto, (max-width: 680px) 100vw, 680px\" \/><p id=\"caption-attachment-158384\" class=\"wp-caption-text\">A beleza e eleg\u00e2ncia da modelo Emilainy Werneck, ganha 5 estrelas<\/p><\/div>\n<div id=\"attachment_158385\" style=\"width: 690px\" class=\"wp-caption aligncenter\"><img loading=\"lazy\" decoding=\"async\" aria-describedby=\"caption-attachment-158385\" class=\"wp-image-158385\" src=\"https:\/\/diarioregionaldigital.com.br\/wp-content\/uploads\/2020\/04\/fotob-8-e1586922191350.jpg\" alt=\"\" width=\"680\" height=\"539\" srcset=\"https:\/\/diarioregionaldigital.com.br\/wp-content\/uploads\/2020\/04\/fotob-8-e1586922191350.jpg 1780w, https:\/\/diarioregionaldigital.com.br\/wp-content\/uploads\/2020\/04\/fotob-8-e1586922191350-300x238.jpg 300w, https:\/\/diarioregionaldigital.com.br\/wp-content\/uploads\/2020\/04\/fotob-8-e1586922191350-768x609.jpg 768w, https:\/\/diarioregionaldigital.com.br\/wp-content\/uploads\/2020\/04\/fotob-8-e1586922191350-1024x812.jpg 1024w, https:\/\/diarioregionaldigital.com.br\/wp-content\/uploads\/2020\/04\/fotob-8-e1586922191350-360x285.jpg 360w\" sizes=\"auto, (max-width: 680px) 100vw, 680px\" \/><p id=\"caption-attachment-158385\" class=\"wp-caption-text\">Em tarde de samba antes do isolamento social, na Cervejaria Golen, Miriam Rosa e Juber Pac\u00edfico<\/p><\/div>\n<div id=\"attachment_158386\" style=\"width: 690px\" class=\"wp-caption aligncenter\"><img loading=\"lazy\" decoding=\"async\" aria-describedby=\"caption-attachment-158386\" class=\"wp-image-158386\" src=\"https:\/\/diarioregionaldigital.com.br\/wp-content\/uploads\/2020\/04\/fotoc-8-e1586922238753.jpg\" alt=\"\" width=\"680\" height=\"660\" srcset=\"https:\/\/diarioregionaldigital.com.br\/wp-content\/uploads\/2020\/04\/fotoc-8-e1586922238753.jpg 1799w, https:\/\/diarioregionaldigital.com.br\/wp-content\/uploads\/2020\/04\/fotoc-8-e1586922238753-300x291.jpg 300w, https:\/\/diarioregionaldigital.com.br\/wp-content\/uploads\/2020\/04\/fotoc-8-e1586922238753-768x745.jpg 768w, https:\/\/diarioregionaldigital.com.br\/wp-content\/uploads\/2020\/04\/fotoc-8-e1586922238753-1024x994.jpg 1024w, https:\/\/diarioregionaldigital.com.br\/wp-content\/uploads\/2020\/04\/fotoc-8-e1586922238753-360x349.jpg 360w\" sizes=\"auto, (max-width: 680px) 100vw, 680px\" \/><p id=\"caption-attachment-158386\" class=\"wp-caption-text\">Em ritmo de lar doce lar curtindo outono, o elegante jovem Pedro Santiago Lima<\/p><\/div>\n<div id=\"attachment_158387\" style=\"width: 690px\" class=\"wp-caption aligncenter\"><img loading=\"lazy\" decoding=\"async\" aria-describedby=\"caption-attachment-158387\" class=\"wp-image-158387\" src=\"https:\/\/diarioregionaldigital.com.br\/wp-content\/uploads\/2020\/04\/fotod-8.jpg\" alt=\"\" width=\"680\" height=\"448\" srcset=\"https:\/\/diarioregionaldigital.com.br\/wp-content\/uploads\/2020\/04\/fotod-8.jpg 2880w, https:\/\/diarioregionaldigital.com.br\/wp-content\/uploads\/2020\/04\/fotod-8-300x198.jpg 300w, https:\/\/diarioregionaldigital.com.br\/wp-content\/uploads\/2020\/04\/fotod-8-768x506.jpg 768w, https:\/\/diarioregionaldigital.com.br\/wp-content\/uploads\/2020\/04\/fotod-8-1024x674.jpg 1024w, https:\/\/diarioregionaldigital.com.br\/wp-content\/uploads\/2020\/04\/fotod-8-1440x950.jpg 1440w, https:\/\/diarioregionaldigital.com.br\/wp-content\/uploads\/2020\/04\/fotod-8-360x237.jpg 360w\" sizes=\"auto, (max-width: 680px) 100vw, 680px\" \/><p id=\"caption-attachment-158387\" class=\"wp-caption-text\">Val\u00e9ria Bianco e M\u00e1rcio Gomes no Ritz Hotel<\/p><\/div>\n<div id=\"attachment_158388\" style=\"width: 690px\" class=\"wp-caption aligncenter\"><img loading=\"lazy\" decoding=\"async\" aria-describedby=\"caption-attachment-158388\" class=\"wp-image-158388\" src=\"https:\/\/diarioregionaldigital.com.br\/wp-content\/uploads\/2020\/04\/fotoe-8-e1586922299992.jpg\" alt=\"\" width=\"680\" height=\"524\" srcset=\"https:\/\/diarioregionaldigital.com.br\/wp-content\/uploads\/2020\/04\/fotoe-8-e1586922299992.jpg 1670w, https:\/\/diarioregionaldigital.com.br\/wp-content\/uploads\/2020\/04\/fotoe-8-e1586922299992-300x231.jpg 300w, https:\/\/diarioregionaldigital.com.br\/wp-content\/uploads\/2020\/04\/fotoe-8-e1586922299992-768x591.jpg 768w, https:\/\/diarioregionaldigital.com.br\/wp-content\/uploads\/2020\/04\/fotoe-8-e1586922299992-1024x789.jpg 1024w, https:\/\/diarioregionaldigital.com.br\/wp-content\/uploads\/2020\/04\/fotoe-8-e1586922299992-360x277.jpg 360w\" sizes=\"auto, (max-width: 680px) 100vw, 680px\" \/><p id=\"caption-attachment-158388\" class=\"wp-caption-text\">Rafael Oliveira com o sobrinho Pedro Paulo, no Paineiras<\/p><\/div>\n<div id=\"attachment_158389\" style=\"width: 690px\" class=\"wp-caption aligncenter\"><img loading=\"lazy\" decoding=\"async\" aria-describedby=\"caption-attachment-158389\" class=\"wp-image-158389\" src=\"https:\/\/diarioregionaldigital.com.br\/wp-content\/uploads\/2020\/04\/fotof-7.jpg\" alt=\"\" width=\"680\" height=\"444\" srcset=\"https:\/\/diarioregionaldigital.com.br\/wp-content\/uploads\/2020\/04\/fotof-7.jpg 2096w, https:\/\/diarioregionaldigital.com.br\/wp-content\/uploads\/2020\/04\/fotof-7-300x196.jpg 300w, https:\/\/diarioregionaldigital.com.br\/wp-content\/uploads\/2020\/04\/fotof-7-768x501.jpg 768w, https:\/\/diarioregionaldigital.com.br\/wp-content\/uploads\/2020\/04\/fotof-7-1024x668.jpg 1024w, https:\/\/diarioregionaldigital.com.br\/wp-content\/uploads\/2020\/04\/fotof-7-360x235.jpg 360w\" sizes=\"auto, (max-width: 680px) 100vw, 680px\" \/><p id=\"caption-attachment-158389\" class=\"wp-caption-text\">Com esperan\u00e7a de dias melhores na Floricultura Primavera, Alcino Ribeiro, Adriane Reis e Eduardo Gomes<\/p><\/div>\n<div id=\"attachment_158390\" style=\"width: 690px\" class=\"wp-caption aligncenter\"><img loading=\"lazy\" decoding=\"async\" aria-describedby=\"caption-attachment-158390\" class=\"wp-image-158390\" src=\"https:\/\/diarioregionaldigital.com.br\/wp-content\/uploads\/2020\/04\/fotog-8-e1586922340986.jpg\" alt=\"\" width=\"680\" height=\"514\" srcset=\"https:\/\/diarioregionaldigital.com.br\/wp-content\/uploads\/2020\/04\/fotog-8-e1586922340986.jpg 1871w, https:\/\/diarioregionaldigital.com.br\/wp-content\/uploads\/2020\/04\/fotog-8-e1586922340986-300x227.jpg 300w, https:\/\/diarioregionaldigital.com.br\/wp-content\/uploads\/2020\/04\/fotog-8-e1586922340986-768x580.jpg 768w, https:\/\/diarioregionaldigital.com.br\/wp-content\/uploads\/2020\/04\/fotog-8-e1586922340986-1024x773.jpg 1024w, https:\/\/diarioregionaldigital.com.br\/wp-content\/uploads\/2020\/04\/fotog-8-e1586922340986-360x272.jpg 360w\" sizes=\"auto, (max-width: 680px) 100vw, 680px\" \/><p id=\"caption-attachment-158390\" class=\"wp-caption-text\">Fazendo social, M\u00f4nica Gomide Guimar\u00e3es e Myrliane Le\u00e3o<\/p><\/div>\n<div id=\"attachment_158391\" style=\"width: 690px\" class=\"wp-caption aligncenter\"><img loading=\"lazy\" decoding=\"async\" aria-describedby=\"caption-attachment-158391\" class=\"wp-image-158391\" src=\"https:\/\/diarioregionaldigital.com.br\/wp-content\/uploads\/2020\/04\/fotoh-8-e1586922377956.jpg\" alt=\"\" width=\"680\" height=\"522\" srcset=\"https:\/\/diarioregionaldigital.com.br\/wp-content\/uploads\/2020\/04\/fotoh-8-e1586922377956.jpg 1698w, https:\/\/diarioregionaldigital.com.br\/wp-content\/uploads\/2020\/04\/fotoh-8-e1586922377956-300x230.jpg 300w, https:\/\/diarioregionaldigital.com.br\/wp-content\/uploads\/2020\/04\/fotoh-8-e1586922377956-768x589.jpg 768w, https:\/\/diarioregionaldigital.com.br\/wp-content\/uploads\/2020\/04\/fotoh-8-e1586922377956-1024x786.jpg 1024w, https:\/\/diarioregionaldigital.com.br\/wp-content\/uploads\/2020\/04\/fotoh-8-e1586922377956-360x276.jpg 360w\" sizes=\"auto, (max-width: 680px) 100vw, 680px\" \/><p id=\"caption-attachment-158391\" class=\"wp-caption-text\">Sintonizando com a eleg\u00e2ncia, Gra\u00e7a Loures e Silvana Paiva Pinto<\/p><\/div>\n<div id=\"attachment_158392\" style=\"width: 690px\" class=\"wp-caption aligncenter\"><img loading=\"lazy\" decoding=\"async\" aria-describedby=\"caption-attachment-158392\" class=\"wp-image-158392\" src=\"https:\/\/diarioregionaldigital.com.br\/wp-content\/uploads\/2020\/04\/fotoi-8-e1586922434815.jpg\" alt=\"\" width=\"680\" height=\"522\" srcset=\"https:\/\/diarioregionaldigital.com.br\/wp-content\/uploads\/2020\/04\/fotoi-8-e1586922434815.jpg 1640w, https:\/\/diarioregionaldigital.com.br\/wp-content\/uploads\/2020\/04\/fotoi-8-e1586922434815-300x230.jpg 300w, https:\/\/diarioregionaldigital.com.br\/wp-content\/uploads\/2020\/04\/fotoi-8-e1586922434815-768x589.jpg 768w, https:\/\/diarioregionaldigital.com.br\/wp-content\/uploads\/2020\/04\/fotoi-8-e1586922434815-1024x785.jpg 1024w, https:\/\/diarioregionaldigital.com.br\/wp-content\/uploads\/2020\/04\/fotoi-8-e1586922434815-360x276.jpg 360w\" sizes=\"auto, (max-width: 680px) 100vw, 680px\" \/><p id=\"caption-attachment-158392\" class=\"wp-caption-text\">Fazendo pit-stop no samba do Restaurante Pal\u00e1cio: Patr\u00edcia Caniato e Gilberto Peixoto (Telekete)<\/p><\/div>\n<p style=\"text-align: center;\"><strong>FOTOSS\u00cdNTESE<\/strong><\/p>\n<p>Fica em casa. Eu estou fazendo minha parte. Fa\u00e7a a sua!<\/p>\n<p>O empres\u00e1rio Vitor Veloso est\u00e1 em atividade em seu escrit\u00f3rio do Mary Milk, operando somente atrav\u00e9s do delivery.<\/p>\n<p>Com o outono em fase isolamento social, a op\u00e7\u00e3o de ficar em casa vem com vinhos. Dona do maior cat\u00e1logo de vinhos do Brasil, a importadora Mistral oferece frete gratuito para as compras acima de R$99 para todo o Brasil. Os vinhos est\u00e3o no www.mistral.com.br.<\/p>\n<p>Ca\u00e7ula dentre as imobili\u00e1rias da Setor1,a Polini Im\u00f3veis revela o talento do jovem empres\u00e1rio Guilherme Polini.<\/p>\n<p>A Guarda Mirim localizada em S\u00e3o Mateus est\u00e1 com sua quadra de futebol com atividades paradas enquanto durar a pandemia do Coronav\u00edrus.<br \/>\nFaz sucesso na internet as apresenta\u00e7\u00f5es musicais do cantor Thiago Miranda.<\/p>\n<p>Em ritmo de delivery est\u00e3o: Padaria Linda Cacau Show, Kibe de Mauad, Pipita, Mary Milk e Restaurante Pal\u00e1cio.<\/p>\n<p>Dona cegonha aprontou de novo. Colocou na chamin\u00e9 de Leila Miana, o robusto beb\u00ea Mateo. Em ritmo de comemora\u00e7\u00e3o os av\u00f3s Silvana Barbosa Lemos e Ricardo Miana.<\/p>\n<p>Cortando, picando, triturando e botando para assar ou ferver, amigos deste colunista est\u00e3o brilhando na cozinha fazendo del\u00edcias durante isolamento social. S\u00e3o eles: M\u00e1rcio Marques, Renato Saleme (Ligeirinho), Edmar J\u00fanior, Emilio Aleixo e Jey Cow Ferraz.<\/p>\n<p>Para entender: Para as flores, escreveu algu\u00e9m, o jardineiro \u00e9 eterno. Bom dia.<\/p>\n<p><img loading=\"lazy\" decoding=\"async\" class=\"aligncenter size-full wp-image-158398\" src=\"https:\/\/diarioregionaldigital.com.br\/wp-content\/uploads\/2020\/04\/anuncio55.jpg\" alt=\"\" width=\"3516\" height=\"1360\" srcset=\"https:\/\/diarioregionaldigital.com.br\/wp-content\/uploads\/2020\/04\/anuncio55.jpg 3516w, https:\/\/diarioregionaldigital.com.br\/wp-content\/uploads\/2020\/04\/anuncio55-300x116.jpg 300w, https:\/\/diarioregionaldigital.com.br\/wp-content\/uploads\/2020\/04\/anuncio55-768x297.jpg 768w, https:\/\/diarioregionaldigital.com.br\/wp-content\/uploads\/2020\/04\/anuncio55-1024x396.jpg 1024w, https:\/\/diarioregionaldigital.com.br\/wp-content\/uploads\/2020\/04\/anuncio55-360x139.jpg 360w\" sizes=\"auto, (max-width: 3516px) 100vw, 3516px\" \/><\/p>\n","protected":false},"excerpt":{"rendered":"<p>Leitura A Academia Brasileira de Letras (ABL), enquanto durar a quarentena, vai disponibilizar leituras dramatizadas e pequenas apresenta\u00e7\u00f5es musicais em suas redes sociais, a previs\u00e3o \u00e9 que a institui\u00e7\u00e3o volta a funcionar daqui h\u00e1 tr\u00eas meses. Na realidade a ABL est\u00e1 de portas fechadas, mas janelas abertas. Cultura Radicada na Fran\u00e7a, a escritora juiz-forana Fernanda [&hellip;]<\/p>\n","protected":false},"author":96,"featured_media":158384,"comment_status":"closed","ping_status":"closed","sticky":false,"template":"","format":"standard","meta":{"footnotes":""},"categories":[264],"tags":[],"class_list":["post-158397","post","type-post","status-publish","format-standard","has-post-thumbnail","hentry","category-eduardo-gomes"],"_links":{"self":[{"href":"https:\/\/diarioregionaldigital.com.br\/index.php?rest_route=\/wp\/v2\/posts\/158397","targetHints":{"allow":["GET"]}}],"collection":[{"href":"https:\/\/diarioregionaldigital.com.br\/index.php?rest_route=\/wp\/v2\/posts"}],"about":[{"href":"https:\/\/diarioregionaldigital.com.br\/index.php?rest_route=\/wp\/v2\/types\/post"}],"author":[{"embeddable":true,"href":"https:\/\/diarioregionaldigital.com.br\/index.php?rest_route=\/wp\/v2\/users\/96"}],"replies":[{"embeddable":true,"href":"https:\/\/diarioregionaldigital.com.br\/index.php?rest_route=%2Fwp%2Fv2%2Fcomments&post=158397"}],"version-history":[{"count":0,"href":"https:\/\/diarioregionaldigital.com.br\/index.php?rest_route=\/wp\/v2\/posts\/158397\/revisions"}],"wp:featuredmedia":[{"embeddable":true,"href":"https:\/\/diarioregionaldigital.com.br\/index.php?rest_route=\/wp\/v2\/media\/158384"}],"wp:attachment":[{"href":"https:\/\/diarioregionaldigital.com.br\/index.php?rest_route=%2Fwp%2Fv2%2Fmedia&parent=158397"}],"wp:term":[{"taxonomy":"category","embeddable":true,"href":"https:\/\/diarioregionaldigital.com.br\/index.php?rest_route=%2Fwp%2Fv2%2Fcategories&post=158397"},{"taxonomy":"post_tag","embeddable":true,"href":"https:\/\/diarioregionaldigital.com.br\/index.php?rest_route=%2Fwp%2Fv2%2Ftags&post=158397"}],"curies":[{"name":"wp","href":"https:\/\/api.w.org\/{rel}","templated":true}]}}