{"id":158381,"date":"2020-04-14T17:53:25","date_gmt":"2020-04-14T20:53:25","guid":{"rendered":"https:\/\/diarioregionaldigital.com.br\/?p=158381"},"modified":"2020-04-14T17:53:25","modified_gmt":"2020-04-14T20:53:25","slug":"covid-19-brasil-tem-15-mil-mortes-e-252-mil-casos-confirmados","status":"publish","type":"post","link":"https:\/\/diarioregionaldigital.com.br\/?p=158381","title":{"rendered":"Covid-19: Brasil tem 1,5 mil mortes e 25,2 mil casos confirmados"},"content":{"rendered":"<p>O n\u00famero de mortes decorrentes do novo coronav\u00edrus (covid-19) subiu para 1.532 no pa\u00eds. A nova totaliza\u00e7\u00e3o foi divulgada pelo Minist\u00e9rio da Sa\u00fade. O resultado marca um aumento de 15% em rela\u00e7\u00e3o a ontem (13), quando foram registrados 1.328 \u00f3bitos.<\/p>\n<p>S\u00e3o Paulo concentra o maior n\u00famero de mortes (695), com mais da metade do total contabilizado na atualiza\u00e7\u00e3o. O estado \u00e9 seguido por Rio de Janeiro (224), Pernambuco (115), Cear\u00e1 (107) e Amazonas (90).<\/p>\n<p>Tamb\u00e9m foram registradas mortes no Paran\u00e1 (36), Maranh\u00e3o (32), Minas Gerais (27), Santa Catarina (26), Bahia (22), Par\u00e1 (19), Rio Grande do Norte (18), Rio Grande do Sul (18), Distrito Federal (17), Esp\u00edrito Santo (17), Para\u00edba (16), Goi\u00e1s (15), Piau\u00ed (8), Amap\u00e1 (6), Sergipe (4), Mato Grosso do Sul (4), Alagoas (4), Mato Grosso (4), Acre (3), e Roraima (3) Rond\u00f4nia (2). Tocantins \u00e9 o \u00fanico estado onde ainda n\u00e3o houve morte.<\/p>\n<p>J\u00e1 o n\u00famero de casos somou 25.262, o que representa um crescimento de 8% em rela\u00e7\u00e3o a ontem (13), quando o balan\u00e7o do Minist\u00e9rio da Sa\u00fade registrou 23.430. No comparativo com segunda-feira (13), quando foram identificados 22.169 pessoas infectadas, o aumento significou 14%.<\/p>\n<p>A taxa de letalidade do pa\u00eds est\u00e1 em 6,1%, maior do que a registrada ontem (13), quando o \u00edndice foi de 5,7%.<\/p>\n<p>&nbsp;<\/p>\n<p><strong>Fonte:\u00a0<\/strong>Ag\u00eancia Brasil<\/p>\n","protected":false},"excerpt":{"rendered":"<p>O n\u00famero de mortes decorrentes do novo coronav\u00edrus (covid-19) subiu para 1.532 no pa\u00eds. A nova totaliza\u00e7\u00e3o foi divulgada pelo Minist\u00e9rio da Sa\u00fade. O resultado marca um aumento de 15% em rela\u00e7\u00e3o a ontem (13), quando foram registrados 1.328 \u00f3bitos. S\u00e3o Paulo concentra o maior n\u00famero de mortes (695), com mais da metade do total [&hellip;]<\/p>\n","protected":false},"author":96,"featured_media":157460,"comment_status":"closed","ping_status":"closed","sticky":false,"template":"","format":"standard","meta":{"footnotes":""},"categories":[302,436,440,439],"tags":[],"class_list":["post-158381","post","type-post","status-publish","format-standard","has-post-thumbnail","hentry","category-brasil-mundo","category-destaque-da-semana","category-destaques-do-dia","category-ultima-hora"],"_links":{"self":[{"href":"https:\/\/diarioregionaldigital.com.br\/index.php?rest_route=\/wp\/v2\/posts\/158381","targetHints":{"allow":["GET"]}}],"collection":[{"href":"https:\/\/diarioregionaldigital.com.br\/index.php?rest_route=\/wp\/v2\/posts"}],"about":[{"href":"https:\/\/diarioregionaldigital.com.br\/index.php?rest_route=\/wp\/v2\/types\/post"}],"author":[{"embeddable":true,"href":"https:\/\/diarioregionaldigital.com.br\/index.php?rest_route=\/wp\/v2\/users\/96"}],"replies":[{"embeddable":true,"href":"https:\/\/diarioregionaldigital.com.br\/index.php?rest_route=%2Fwp%2Fv2%2Fcomments&post=158381"}],"version-history":[{"count":0,"href":"https:\/\/diarioregionaldigital.com.br\/index.php?rest_route=\/wp\/v2\/posts\/158381\/revisions"}],"wp:featuredmedia":[{"embeddable":true,"href":"https:\/\/diarioregionaldigital.com.br\/index.php?rest_route=\/wp\/v2\/media\/157460"}],"wp:attachment":[{"href":"https:\/\/diarioregionaldigital.com.br\/index.php?rest_route=%2Fwp%2Fv2%2Fmedia&parent=158381"}],"wp:term":[{"taxonomy":"category","embeddable":true,"href":"https:\/\/diarioregionaldigital.com.br\/index.php?rest_route=%2Fwp%2Fv2%2Fcategories&post=158381"},{"taxonomy":"post_tag","embeddable":true,"href":"https:\/\/diarioregionaldigital.com.br\/index.php?rest_route=%2Fwp%2Fv2%2Ftags&post=158381"}],"curies":[{"name":"wp","href":"https:\/\/api.w.org\/{rel}","templated":true}]}}