{"id":158376,"date":"2020-04-14T17:46:53","date_gmt":"2020-04-14T20:46:53","guid":{"rendered":"https:\/\/diarioregionaldigital.com.br\/?p=158376"},"modified":"2020-04-14T17:46:53","modified_gmt":"2020-04-14T20:46:53","slug":"novo-formato-do-mundial-de-clubes-pode-ser-adiado-para-junho-de-2022","status":"publish","type":"post","link":"https:\/\/diarioregionaldigital.com.br\/?p=158376","title":{"rendered":"Novo formato do Mundial de Clubes pode ser adiado para junho de 2022"},"content":{"rendered":"<p>Em decorr\u00eancia da epidemia do Coronav\u00edrus, o novo formato do Mundial de Clubes da FIFA, pode ser adiado para o m\u00eas de junho de 2022, segundo informa\u00e7\u00f5es do di\u00e1rio \u201cAs\u201d da Espanha. O novo mundial seria realizado em junho de 2021 na China. A mudan\u00e7a no entanto n\u00e3o afetar\u00e1 a realiza\u00e7\u00e3o da Copa do Mundo no Catar, uma vez que a competi\u00e7\u00e3o ser\u00e1 realizada entre os meses de novembro e dezembro do mesmo ano.<\/p>\n<p>Segundo a Federa\u00e7\u00e3o Chinesa de Futebol, as sedes do novo Mundial de Clubes ser\u00e3o: Xangai, Tianjin, Guangzhou, Wuhan, Shenyang, Ji&#8217;nan, Hangzhou e Dalian.<\/p>\n<p>Ainda conforme o jornal espanhol, a decis\u00e3o deve ser tomada em breve, no entanto a FIFA ainda n\u00e3o confirma a informa\u00e7\u00e3o. Esta nova edi\u00e7\u00e3o contar\u00e1 com participa\u00e7\u00e3o de 24 times, at\u00e9 ent\u00e3o o Flamengo \u00e9 o \u00fanico clube confirmado. Caber\u00e1 a cada confedera\u00e7\u00e3o definir os crit\u00e9rios de escolha dos representantes, mas a princ\u00edpio s\u00e3o oito times da Europa, seis da Am\u00e9rica do Sul e as demais vagas para os outros continentes. Al\u00e9m disso, ser\u00e1 disputada a cada 4 anos e sempre um ano antes da Copa do Mundo.<\/p>\n<p>O novo Mundial de Clubes surgiu como ideia no mandato do novo presidente da entidade, Gianni Infatino, como forma de atrair um grande p\u00fablico, uma vez que o formato atual \u00e9 um dos torneios de futebol profissional, organizados pela entidade, que menos leva torcedores aos est\u00e1dios e tamb\u00e9m o novo formato ir\u00e1 substituir a extinta Copa das Confedera\u00e7\u00f5es, outro torneio da FIFA que n\u00e3o tinha muita aten\u00e7\u00e3o.<\/p>\n<p>&nbsp;<\/p>\n<p>&nbsp;<\/p>\n<p>&nbsp;<\/p>\n","protected":false},"excerpt":{"rendered":"<p>Em decorr\u00eancia da epidemia do Coronav\u00edrus, o novo formato do Mundial de Clubes da FIFA, pode ser adiado para o m\u00eas de junho de 2022, segundo informa\u00e7\u00f5es do di\u00e1rio \u201cAs\u201d da Espanha. O novo mundial seria realizado em junho de 2021 na China. A mudan\u00e7a no entanto n\u00e3o afetar\u00e1 a realiza\u00e7\u00e3o da Copa do Mundo [&hellip;]<\/p>\n","protected":false},"author":96,"featured_media":158377,"comment_status":"closed","ping_status":"closed","sticky":false,"template":"","format":"standard","meta":{"footnotes":""},"categories":[436,257,439],"tags":[],"class_list":["post-158376","post","type-post","status-publish","format-standard","has-post-thumbnail","hentry","category-destaque-da-semana","category-esporte","category-ultima-hora"],"_links":{"self":[{"href":"https:\/\/diarioregionaldigital.com.br\/index.php?rest_route=\/wp\/v2\/posts\/158376","targetHints":{"allow":["GET"]}}],"collection":[{"href":"https:\/\/diarioregionaldigital.com.br\/index.php?rest_route=\/wp\/v2\/posts"}],"about":[{"href":"https:\/\/diarioregionaldigital.com.br\/index.php?rest_route=\/wp\/v2\/types\/post"}],"author":[{"embeddable":true,"href":"https:\/\/diarioregionaldigital.com.br\/index.php?rest_route=\/wp\/v2\/users\/96"}],"replies":[{"embeddable":true,"href":"https:\/\/diarioregionaldigital.com.br\/index.php?rest_route=%2Fwp%2Fv2%2Fcomments&post=158376"}],"version-history":[{"count":0,"href":"https:\/\/diarioregionaldigital.com.br\/index.php?rest_route=\/wp\/v2\/posts\/158376\/revisions"}],"wp:featuredmedia":[{"embeddable":true,"href":"https:\/\/diarioregionaldigital.com.br\/index.php?rest_route=\/wp\/v2\/media\/158377"}],"wp:attachment":[{"href":"https:\/\/diarioregionaldigital.com.br\/index.php?rest_route=%2Fwp%2Fv2%2Fmedia&parent=158376"}],"wp:term":[{"taxonomy":"category","embeddable":true,"href":"https:\/\/diarioregionaldigital.com.br\/index.php?rest_route=%2Fwp%2Fv2%2Fcategories&post=158376"},{"taxonomy":"post_tag","embeddable":true,"href":"https:\/\/diarioregionaldigital.com.br\/index.php?rest_route=%2Fwp%2Fv2%2Ftags&post=158376"}],"curies":[{"name":"wp","href":"https:\/\/api.w.org\/{rel}","templated":true}]}}