{"id":158345,"date":"2020-04-14T11:23:22","date_gmt":"2020-04-14T14:23:22","guid":{"rendered":"https:\/\/diarioregionaldigital.com.br\/?p=158345"},"modified":"2020-04-14T11:23:22","modified_gmt":"2020-04-14T14:23:22","slug":"anvisa-orienta-abrigos-sobre-prevencao-e-controle-a-covid-19","status":"publish","type":"post","link":"https:\/\/diarioregionaldigital.com.br\/?p=158345","title":{"rendered":"Anvisa orienta abrigos sobre preven\u00e7\u00e3o e controle \u00e0 covid-19"},"content":{"rendered":"<p>As orienta\u00e7\u00f5es para a preven\u00e7\u00e3o e o controle do novo coronav\u00edrus (covid-19) em institui\u00e7\u00f5es de acolhimento, tais como abrigos coletivos, albergues e comunidades terap\u00eauticas, entre outras, foram publicadas\u00a0em\u00a0nota t\u00e9cnica\u00a0da Ag\u00eancia Nacional de Vigil\u00e2ncia Sanit\u00e1ria (Anvisa), divulgada nessa segunda-feira (13). O material informa, tamb\u00e9m, sobre sinais e sintomas da doen\u00e7a, formas de transmiss\u00e3o e medidas de prote\u00e7\u00e3o.<\/p>\n<p>Al\u00e9m disso, a nota destaca as a\u00e7\u00f5es que devem ser adotadas em rela\u00e7\u00e3o aos cuidados gerais com as pessoas que s\u00e3o acolhidas nas institui\u00e7\u00f5es, casos suspeitos e confirmados da doen\u00e7a e orienta\u00e7\u00f5es para os trabalhadores e visitantes.\u00a0 \u201c\u00c9 importante ressaltar que a popula\u00e7\u00e3o acolhida nessas institui\u00e7\u00f5es vive em situa\u00e7\u00e3o de vulnerabilidade devido a diversos fatores sociais, econ\u00f4micos e et\u00e1rios\u201d, diz o documento.<\/p>\n<p><strong>Recomenda\u00e7\u00f5es e cuidados<\/strong><\/p>\n<p>A Anvisa recomenda que os locais devem contar com profissionais que ajudem os acolhidos que n\u00e3o conseguem higienizar as m\u00e3os. \u201cOs abrigos para crian\u00e7as devem manter cuidados para evitar acidentes com rela\u00e7\u00e3o \u00e0s prepara\u00e7\u00f5es alco\u00f3licas, como ingest\u00e3o ou queimaduras. Conforme orienta\u00e7\u00f5es do Conselho Nacional dos Direitos da Crian\u00e7a e do Adolescente (Conanda), nesse caso deve-se dar prioridade \u00e0 estrat\u00e9gia da lavagem das m\u00e3os\u201d.<\/p>\n<p><strong>Monitoramento\u00a0\u00a0<\/strong><\/p>\n<p>A nota diz ainda que as institui\u00e7\u00f5es respons\u00e1veis pelos abrigos devem fazer o monitoramento di\u00e1rio dos acolhidos quanto a presen\u00e7a de febre, problemas respirat\u00f3rios e outros sinais e sintomas da covid-19, bem como avaliar as pessoas que passarem pelo processo de admiss\u00e3o.<\/p>\n<p>\u201cTodos devem ser orientados sobre os cuidados ao tossir e espirrar, como cobrir o nariz e a boca com o cotovelo flexionado ou com len\u00e7o de papel descart\u00e1vel. Ap\u00f3s o uso, os len\u00e7os devem ser adequadamente descartados em lixeiras com pedal e as m\u00e3os devem ser lavadas\u201d.<\/p>\n<p>De acordo com a ag\u00eancia, no interior dos abrigos, o tempo de circula\u00e7\u00e3o em \u00e1reas comuns deve ser reduzido e os abrigados t\u00eam que manter a dist\u00e2ncia m\u00ednima de 1 metro entre eles. Essa dist\u00e2ncia vale tamb\u00e9m para locais de refei\u00e7\u00e3o e espa\u00e7o entre as camas nos dormit\u00f3rios.<\/p>\n<p><strong>Suspeitos e confirmados<\/strong><\/p>\n<p>Nos casos de suspeita de infec\u00e7\u00e3o de algum acolhido, \u00e9 importante adotar o isolamento, se poss\u00edvel com utiliza\u00e7\u00e3o de quarto individual e banheiro diferenciado dos demais, utiliza\u00e7\u00e3o de m\u00e1scara cir\u00fargica e imediata comunica\u00e7\u00e3o \u00e0s autoridades de sa\u00fade. Tamb\u00e9m deve ser feita a desinfec\u00e7\u00e3o de todas as \u00e1reas por onde o acolhido circulou, para reduzir o risco de propaga\u00e7\u00e3o da doen\u00e7a na institui\u00e7\u00e3o.<\/p>\n<p>&nbsp;<\/p>\n<p><strong>Fonte:\u00a0<\/strong>Ag\u00eancia Brasil<\/p>\n","protected":false},"excerpt":{"rendered":"<p>As orienta\u00e7\u00f5es para a preven\u00e7\u00e3o e o controle do novo coronav\u00edrus (covid-19) em institui\u00e7\u00f5es de acolhimento, tais como abrigos coletivos, albergues e comunidades terap\u00eauticas, entre outras, foram publicadas\u00a0em\u00a0nota t\u00e9cnica\u00a0da Ag\u00eancia Nacional de Vigil\u00e2ncia Sanit\u00e1ria (Anvisa), divulgada nessa segunda-feira (13). O material informa, tamb\u00e9m, sobre sinais e sintomas da doen\u00e7a, formas de transmiss\u00e3o e medidas de [&hellip;]<\/p>\n","protected":false},"author":96,"featured_media":157770,"comment_status":"closed","ping_status":"closed","sticky":false,"template":"","format":"standard","meta":{"footnotes":""},"categories":[302,436,440,439],"tags":[],"class_list":["post-158345","post","type-post","status-publish","format-standard","has-post-thumbnail","hentry","category-brasil-mundo","category-destaque-da-semana","category-destaques-do-dia","category-ultima-hora"],"_links":{"self":[{"href":"https:\/\/diarioregionaldigital.com.br\/index.php?rest_route=\/wp\/v2\/posts\/158345","targetHints":{"allow":["GET"]}}],"collection":[{"href":"https:\/\/diarioregionaldigital.com.br\/index.php?rest_route=\/wp\/v2\/posts"}],"about":[{"href":"https:\/\/diarioregionaldigital.com.br\/index.php?rest_route=\/wp\/v2\/types\/post"}],"author":[{"embeddable":true,"href":"https:\/\/diarioregionaldigital.com.br\/index.php?rest_route=\/wp\/v2\/users\/96"}],"replies":[{"embeddable":true,"href":"https:\/\/diarioregionaldigital.com.br\/index.php?rest_route=%2Fwp%2Fv2%2Fcomments&post=158345"}],"version-history":[{"count":0,"href":"https:\/\/diarioregionaldigital.com.br\/index.php?rest_route=\/wp\/v2\/posts\/158345\/revisions"}],"wp:featuredmedia":[{"embeddable":true,"href":"https:\/\/diarioregionaldigital.com.br\/index.php?rest_route=\/wp\/v2\/media\/157770"}],"wp:attachment":[{"href":"https:\/\/diarioregionaldigital.com.br\/index.php?rest_route=%2Fwp%2Fv2%2Fmedia&parent=158345"}],"wp:term":[{"taxonomy":"category","embeddable":true,"href":"https:\/\/diarioregionaldigital.com.br\/index.php?rest_route=%2Fwp%2Fv2%2Fcategories&post=158345"},{"taxonomy":"post_tag","embeddable":true,"href":"https:\/\/diarioregionaldigital.com.br\/index.php?rest_route=%2Fwp%2Fv2%2Ftags&post=158345"}],"curies":[{"name":"wp","href":"https:\/\/api.w.org\/{rel}","templated":true}]}}