{"id":158340,"date":"2020-04-14T11:18:20","date_gmt":"2020-04-14T14:18:20","guid":{"rendered":"https:\/\/diarioregionaldigital.com.br\/?p=158340"},"modified":"2020-04-14T11:18:20","modified_gmt":"2020-04-14T14:18:20","slug":"analise-sobre-medidas-de-distanciamento-social-sera-feita-semanalmente-pela-ses-mg","status":"publish","type":"post","link":"https:\/\/diarioregionaldigital.com.br\/?p=158340","title":{"rendered":"An\u00e1lise sobre medidas de distanciamento social ser\u00e1 feita semanalmente pela SES-MG"},"content":{"rendered":"<p>Nessa segunda-feira (13), a\u00a0Secretaria de Estado de Sa\u00fade (SES-MG)\u00a0realizou mais uma coletiva de imprensa virtual para tratar\u00a0das a\u00e7\u00f5es de enfrentamento \u00e0 pandemia de coronav\u00edrus, e tamb\u00e9m analisar o cen\u00e1rio epidemiol\u00f3gico da doen\u00e7a no estado.<\/p>\n<p>Abrindo a coletiva, o secret\u00e1rio de Sa\u00fade de Minas Gerais, Carlos Eduardo Amaral, ressaltou\u00a0que a parceria, anunciada pelo governador, que o Estado acaba de firmar com a\u00a0empresa do aplicativo 99, para a entrega de medicamentos para pacientes que n\u00e3o podem comparecer \u00e0s farm\u00e1cias do Estado. Inicialmente, as entregas v\u00e3o ocorrer em Juiz de Fora (a partir de 14) e, na capital, a partir do dia 20.<\/p>\n<p>\u201cA estimativa \u00e9 que atendamos, em Juiz de Fora, cerca de 730 pacientes\u00a0e, em Belo Horizonte, 1.682 pessoas sejam atendidas. Os crit\u00e9rios s\u00e3o baseados em pessoas residentes nestas duas cidades, que tenham endere\u00e7os v\u00e1lidos ou celulares cadastrados nos sistemas governamentais e que utilizem medicamentos que n\u00e3o precisem de condi\u00e7\u00f5es especiais de transporte. Nosso objetivo \u00e9 diminuir as filas de comparecimento nos postos de sa\u00fade e evitar poss\u00edveis aglomera\u00e7\u00f5es. Estamos estudando a viabilidade do servi\u00e7o para as demais localidades do estado\u201d, explicou.<\/p>\n<p>O secret\u00e1rio destacou, ainda, a import\u00e2ncia de as pessoas n\u00e3o comparecerem \u00e0s farm\u00e1cias sem hor\u00e1rio agendado. \u201cA maior parte das filas na porta da Farm\u00e1cia est\u00e1 ocorrendo devido ao fato de as pessoas n\u00e3o estarem respeitando o hor\u00e1rio agendado\u201d, disse.<\/p>\n<p>Questionado sobre o recurso de R$ 500 milh\u00f5es pagos pela Vale para a\u00e7\u00f5es na \u00e1rea da sa\u00fade voltadas para o enfrentamento \u00e0 pandemia, conforme decis\u00e3o judicial do Tribunal de Justi\u00e7a de Minas Gerais (TJMG) em decorr\u00eancia do rompimento da barragem em Brumadinho, o secret\u00e1rio adjunto da SES-MG, Marcelo Cabral, explicou que \u201ctais quest\u00f5es est\u00e3o sendo tratadas em \u00e2mbito judicial e assim que as an\u00e1lises e estudos forem conclu\u00eddos, ser\u00e3o amplamente divulgados\u201d, afirmou.<\/p>\n<p><strong>Isolamento social<\/strong><\/p>\n<p>A recomenda\u00e7\u00e3o do isolamento social em Minas Gerais ser\u00e1 mantida durante esta semana. A an\u00e1lise sobre as medidas de distanciamento ser\u00e1 feita semanalmente, ap\u00f3s estudos sobre o impacto do afastamento no cen\u00e1rio epidemiol\u00f3gico da Covid-19.<\/p>\n<p>\u201cO objetivo do isolamento \u00e9 diminuir a velocidade de transmiss\u00e3o do coronav\u00edrus. Por isso, \u00e9 necess\u00e1rio que a gente mantenha este isolamento at\u00e9 que entendamos que a quantidade de pessoas na sociedade que j\u00e1 tiveram a doen\u00e7a passe, por si s\u00f3, a proteger a popula\u00e7\u00e3o. \u00c9 o que chamamos de mecanismo de imunidade de rebanho, ou seja, uma pessoa doente encontra outras tantas que j\u00e1 tenham imunidade e que n\u00e3o sejam suscept\u00edveis&#8221;, explicou o secret\u00e1rio Carlos Eduardo Amaral.<\/p>\n<p>Por conta disso, concluiu ele, &#8220;n\u00e3o h\u00e1 previs\u00e3o, neste primeiro momento, de encerrar o isolamento ao fim desta semana. \u00c9 necess\u00e1rio que o isolamento seja mantido, s\u00f3 que isso n\u00e3o quer dizer que o manteremos com a mesma intensidade de hoje. \u00c9 por isso que as an\u00e1lises s\u00e3o feitas semanalmente. Podemos sim reduzi-lo ou, ainda, aument\u00e1-lo, dependendo dos resultados dos marcadores dessas an\u00e1lises\u201d, afirmou Amaral.<\/p>\n<p><strong>Subnotifica\u00e7\u00f5es<\/strong><\/p>\n<p>Em rela\u00e7\u00e3o \u00e0 ocorr\u00eancia de poss\u00edveis subnotifica\u00e7\u00f5es de casos de Covid-19 no estado, o secret\u00e1rio explicou que n\u00e3o h\u00e1 meios de uma vigil\u00e2ncia epidemiol\u00f3gica ter conhecimento de 100% dos casos de uma epidemia.<\/p>\n<p>De acordo com o secret\u00e1rio, no contexto da sa\u00fade p\u00fablica, existem dois modos de abordar subnotifica\u00e7\u00e3o. &#8220;Ela pode ser interpretada como uma falta de a\u00e7\u00e3o por parte do Estado e, por outro, pode ser vista como algo natural por parte da epidemiologia&#8221;, esclareceu.<\/p>\n<p>&#8220;Tendo isso em vista, \u00e9 importante explicar que sempre utilizamos marcadores, entre eles a notifica\u00e7\u00e3o, para que tenhamos uma ideia amostral da sociedade, ou seja, onde essas notifica\u00e7\u00f5es estiverem ocorrendo \u00e9 onde precisamos acompanhar mais de perto, ter um olhar mais atento. Dessa forma, \u00e9 poss\u00edvel, sim,\u00a0que nem todos os casos sejam notificados&#8221;, afirmou.<\/p>\n<p>Segundo Carlos Eduardo Amaral, hoje, o maior esfor\u00e7o da secretaria \u00e9 para que os casos sejam\u00a0devidamente registrados, analisados, confirmados\u00a0ou descartados. &#8220;Se n\u00e3o todos, a maior parte&#8221;, refor\u00e7ou o secret\u00e1rio.\u00a0&#8220;Para isso, a\u00a0Funda\u00e7\u00e3o Ezequiel Dias (Funed), junto com os laborat\u00f3rios da rede, conseguiu grande aumento em sua escala de realiza\u00e7\u00e3o de exames e, com isso, buscamos dar resultados r\u00e1pidos e respostas \u00e0 sociedade\u201d, afirmou.<\/p>\n<p><strong>Respiradores e leitos<\/strong><\/p>\n<p>Minas Gerais possui cerca de 220 respiradores em manuten\u00e7\u00e3o. Al\u00e9m desses, 46 unidades foram entregues e est\u00e3o aptos a uso. \u201c\u00c9 importante lembrar que o n\u00edvel de manuten\u00e7\u00e3o em cada respirador \u00e9 diferente. Dessa forma, alguns podem precisar apenas de uma troca de bateria, por exemplo, e outros podem precisar de um tempo maior na assist\u00eancia\u201d, afirmou.<\/p>\n<p>A taxa de ocupa\u00e7\u00e3o de leitos tamb\u00e9m foi abordada. \u201cTemos cerca de 50% de ocupa\u00e7\u00e3o de leitos de UTI no estado. J\u00e1 em rela\u00e7\u00e3o aos leitos cl\u00ednicos, temos hoje a ocupa\u00e7\u00e3o de 56%\u201d, finalizou.<\/p>\n<p>&nbsp;<\/p>\n<p><strong>Fonte:\u00a0<\/strong>Ag\u00eancia Minas<\/p>\n","protected":false},"excerpt":{"rendered":"<p>Nessa segunda-feira (13), a\u00a0Secretaria de Estado de Sa\u00fade (SES-MG)\u00a0realizou mais uma coletiva de imprensa virtual para tratar\u00a0das a\u00e7\u00f5es de enfrentamento \u00e0 pandemia de coronav\u00edrus, e tamb\u00e9m analisar o cen\u00e1rio epidemiol\u00f3gico da doen\u00e7a no estado. Abrindo a coletiva, o secret\u00e1rio de Sa\u00fade de Minas Gerais, Carlos Eduardo Amaral, ressaltou\u00a0que a parceria, anunciada pelo governador, que o [&hellip;]<\/p>\n","protected":false},"author":96,"featured_media":157649,"comment_status":"closed","ping_status":"closed","sticky":false,"template":"","format":"standard","meta":{"footnotes":""},"categories":[436,440,254,439],"tags":[],"class_list":["post-158340","post","type-post","status-publish","format-standard","has-post-thumbnail","hentry","category-destaque-da-semana","category-destaques-do-dia","category-politica","category-ultima-hora"],"_links":{"self":[{"href":"https:\/\/diarioregionaldigital.com.br\/index.php?rest_route=\/wp\/v2\/posts\/158340","targetHints":{"allow":["GET"]}}],"collection":[{"href":"https:\/\/diarioregionaldigital.com.br\/index.php?rest_route=\/wp\/v2\/posts"}],"about":[{"href":"https:\/\/diarioregionaldigital.com.br\/index.php?rest_route=\/wp\/v2\/types\/post"}],"author":[{"embeddable":true,"href":"https:\/\/diarioregionaldigital.com.br\/index.php?rest_route=\/wp\/v2\/users\/96"}],"replies":[{"embeddable":true,"href":"https:\/\/diarioregionaldigital.com.br\/index.php?rest_route=%2Fwp%2Fv2%2Fcomments&post=158340"}],"version-history":[{"count":0,"href":"https:\/\/diarioregionaldigital.com.br\/index.php?rest_route=\/wp\/v2\/posts\/158340\/revisions"}],"wp:featuredmedia":[{"embeddable":true,"href":"https:\/\/diarioregionaldigital.com.br\/index.php?rest_route=\/wp\/v2\/media\/157649"}],"wp:attachment":[{"href":"https:\/\/diarioregionaldigital.com.br\/index.php?rest_route=%2Fwp%2Fv2%2Fmedia&parent=158340"}],"wp:term":[{"taxonomy":"category","embeddable":true,"href":"https:\/\/diarioregionaldigital.com.br\/index.php?rest_route=%2Fwp%2Fv2%2Fcategories&post=158340"},{"taxonomy":"post_tag","embeddable":true,"href":"https:\/\/diarioregionaldigital.com.br\/index.php?rest_route=%2Fwp%2Fv2%2Ftags&post=158340"}],"curies":[{"name":"wp","href":"https:\/\/api.w.org\/{rel}","templated":true}]}}