{"id":158337,"date":"2020-04-14T11:15:12","date_gmt":"2020-04-14T14:15:12","guid":{"rendered":"https:\/\/diarioregionaldigital.com.br\/?p=158337"},"modified":"2020-04-14T11:15:12","modified_gmt":"2020-04-14T14:15:12","slug":"justica-libera-dinheiro-de-desastre-de-mariana-para-combate-a-covid-19","status":"publish","type":"post","link":"https:\/\/diarioregionaldigital.com.br\/?p=158337","title":{"rendered":"Justi\u00e7a libera dinheiro de desastre de Mariana para combate \u00e0 covid-19"},"content":{"rendered":"<p>A Justi\u00e7a Federal de Minas Gerais liberou R$ 120 milh\u00f5es do acordo feito com as mineradoras envolvidas no desastre de Mariana (MG) \u2013 Samarco, Vale e BHP \u2013 para serem utilizados pelos estados do Esp\u00edrito Santo e de Minas Gerais no combate \u00e0 pandemia do novo coronav\u00edrus.<\/p>\n<p>A libera\u00e7\u00e3o do dinheiro foi pedida pelos estados e recebeu a anu\u00eancia judicial ap\u00f3s concord\u00e2ncia das empresas. \u201cEmbora excepcional\u00edssima, trata-se de pretens\u00e3o juridicamente id\u00f4nea, plenamente justificada pelas circunst\u00e2ncias atuais de situa\u00e7\u00e3o de pandemia do covid-19\u201d, escreveu o juiz M\u00e1rio de Paula Franco J\u00fanior, da 12\u00aa Vara Federal de Belo Horizonte, na decis\u00e3o assinada nessas segunda-feira (13).<\/p>\n<p>O magistrado determinou que o dinheiro seja usado exclusivamente no refor\u00e7o do Sistema \u00danica de Sa\u00fade (SUS) de ES e MG, mediante a compra de bens dur\u00e1veis, como respiradores e ambul\u00e2ncias. Ele n\u00e3o permitiu que o dinheiro seja usado para a compra de itens de consumo n\u00e3o-dur\u00e1veis, como m\u00e1scaras, medicamentos ou \u00e1lcool-gel.<\/p>\n<p>\u201cAo assim proceder, tenho que o &#8220;Caso Samarco&#8221; (Desastre de Mariana), ao mesmo tempo em que d\u00e1 concretamente a sua contribui\u00e7\u00e3o para as necessidades emergenciais decorrentes da pandemia do coronav\u00edrus, tamb\u00e9m proporciona um legado permanente para a sa\u00fade p\u00fablica dos mineiros e capixabas.\u201d<\/p>\n<p>Minas Gerais ter\u00e1 \u00e0 disposi\u00e7\u00e3o R$ 84 milh\u00f5es, enquanto o Esp\u00edrito Santo ter\u00e1 acesso a R$ 36 milh\u00f5es. O dinheiro sair\u00e1 dos R$ 2,2 bilh\u00f5es depositados em ju\u00edzo pelas mineradoras como garantia para a repara\u00e7\u00e3o e compensa\u00e7\u00e3o dos danos causados pelo rompimento da barragem de min\u00e9rio em Mariana.<\/p>\n<p>Ocorrido em 5 de novembro de 2015, o rompimento de uma barragem da Samarco, controlada pela Vale e BHP, no munic\u00edpio mineiro de Mariana, despejou mais de 39 milh\u00f5es de metros c\u00fabicos de rejeitos de min\u00e9rio no meio ambiente, deixando 19 mortos e causando danos ambientais que se estenderam por at\u00e9 700km na bacia do Rio Doce.<\/p>\n<p>&nbsp;<\/p>\n<p><strong>Fonte:\u00a0<\/strong>Ag\u00eancia Brasil<\/p>\n","protected":false},"excerpt":{"rendered":"<p>A Justi\u00e7a Federal de Minas Gerais liberou R$ 120 milh\u00f5es do acordo feito com as mineradoras envolvidas no desastre de Mariana (MG) \u2013 Samarco, Vale e BHP \u2013 para serem utilizados pelos estados do Esp\u00edrito Santo e de Minas Gerais no combate \u00e0 pandemia do novo coronav\u00edrus. A libera\u00e7\u00e3o do dinheiro foi pedida pelos estados [&hellip;]<\/p>\n","protected":false},"author":96,"featured_media":158338,"comment_status":"closed","ping_status":"closed","sticky":false,"template":"","format":"standard","meta":{"footnotes":""},"categories":[436,252,439],"tags":[],"class_list":["post-158337","post","type-post","status-publish","format-standard","has-post-thumbnail","hentry","category-destaque-da-semana","category-regiao","category-ultima-hora"],"_links":{"self":[{"href":"https:\/\/diarioregionaldigital.com.br\/index.php?rest_route=\/wp\/v2\/posts\/158337","targetHints":{"allow":["GET"]}}],"collection":[{"href":"https:\/\/diarioregionaldigital.com.br\/index.php?rest_route=\/wp\/v2\/posts"}],"about":[{"href":"https:\/\/diarioregionaldigital.com.br\/index.php?rest_route=\/wp\/v2\/types\/post"}],"author":[{"embeddable":true,"href":"https:\/\/diarioregionaldigital.com.br\/index.php?rest_route=\/wp\/v2\/users\/96"}],"replies":[{"embeddable":true,"href":"https:\/\/diarioregionaldigital.com.br\/index.php?rest_route=%2Fwp%2Fv2%2Fcomments&post=158337"}],"version-history":[{"count":0,"href":"https:\/\/diarioregionaldigital.com.br\/index.php?rest_route=\/wp\/v2\/posts\/158337\/revisions"}],"wp:featuredmedia":[{"embeddable":true,"href":"https:\/\/diarioregionaldigital.com.br\/index.php?rest_route=\/wp\/v2\/media\/158338"}],"wp:attachment":[{"href":"https:\/\/diarioregionaldigital.com.br\/index.php?rest_route=%2Fwp%2Fv2%2Fmedia&parent=158337"}],"wp:term":[{"taxonomy":"category","embeddable":true,"href":"https:\/\/diarioregionaldigital.com.br\/index.php?rest_route=%2Fwp%2Fv2%2Fcategories&post=158337"},{"taxonomy":"post_tag","embeddable":true,"href":"https:\/\/diarioregionaldigital.com.br\/index.php?rest_route=%2Fwp%2Fv2%2Ftags&post=158337"}],"curies":[{"name":"wp","href":"https:\/\/api.w.org\/{rel}","templated":true}]}}