{"id":158331,"date":"2020-04-14T11:11:01","date_gmt":"2020-04-14T14:11:01","guid":{"rendered":"https:\/\/diarioregionaldigital.com.br\/?p=158331"},"modified":"2020-04-14T11:11:01","modified_gmt":"2020-04-14T14:11:01","slug":"fmi-preve-queda-de-53-da-economia-brasileira-este-ano","status":"publish","type":"post","link":"https:\/\/diarioregionaldigital.com.br\/?p=158331","title":{"rendered":"FMI prev\u00ea queda de 5,3% da economia brasileira este ano"},"content":{"rendered":"<p>Devidos aos efeitos da pandemia de covid-19, o Fundo Monet\u00e1rio Internacional (FMI) projeta queda de 5,3% da economia brasileira este ano. A previs\u00e3o para a queda do Produto Interno Bruto (PIB), a soma de todos os bens e servi\u00e7os produzidos no pa\u00eds, foi publicada nessa ter\u00e7a-feira (14) pelo FMI no relat\u00f3rio Perspectiva Econ\u00f4mica Mundial (World Economic Outlook, no t\u00edtulo em ingl\u00eas).<\/p>\n<p>No relat\u00f3rio divulgado em janeiro, antes dos efeitos da pandemia de covid-19 na economia brasileira, a previs\u00e3o do FMI era que a economia brasileira cresceria 2,2% neste ano. Para 2021, a previs\u00e3o \u00e9 de recupera\u00e7\u00e3o, com crescimento do PIB em 2,9%. A estimativa anterior para o pr\u00f3ximo ano era 2,3%.<\/p>\n<p>A previs\u00e3o para Am\u00e9rica Latina e Caribe \u00e9 de queda de 5,2% da economia, neste ano, e crescimento de 3,4%, em 2021.<\/p>\n<p>\u201cEntre os mercados emergentes e as economias em desenvolvimento, todos os pa\u00edses enfrentam uma crise de sa\u00fade, um severo choque de demanda externa, um aperto dram\u00e1tico nas condi\u00e7\u00f5es financeiras globais e uma queda nos pre\u00e7os das commodities, que ter\u00e3o forte impacto na atividade econ\u00f4mica dos exportadores de commodities\u201d, diz o relat\u00f3rio.<\/p>\n<p>A economia mundial deve apresentar queda de 3%, em 2020, e crescer 5,8% no pr\u00f3ximo ano. Em janeiro, o FMI previa que a economia mundial cresceria 3,3% este ano. O FMI destaca que \u201cfoi uma revis\u00e3o extraordin\u00e1ria em um per\u00edodo t\u00e3o curto de tempo\u201d.<\/p>\n<p>As economias avan\u00e7adas, como os Estados Unidos, a Alemanha e o Jap\u00e3o, entre outros, devem ter queda de 6,1% no PIB, neste ano, e crescer 4,5% em 2021.<\/p>\n<p>O FMI destacou que pol\u00edticas eficazes s\u00e3o essenciais para prevenir resultados piores. \u201cAs medidas necess\u00e1rias para reduzir o cont\u00e1gio e proteger vidas afetar\u00e3o a curto prazo a atividade econ\u00f4mica, mas tamb\u00e9m devem ser vistas como um investimento importante na sa\u00fade humana e econ\u00f4mica a longo prazo. A prioridade imediata \u00e9 conter as consequ\u00eancias do surto de covid-19, especialmente aumentando as despesas com sa\u00fade para fortalecer a capacidade e os recursos do setor, adotando medidas que reduzam o cont\u00e1gio\u201d, diz o FMI.<\/p>\n<p>&nbsp;<\/p>\n<p><strong>Fonte:<\/strong>\u00a0Ag\u00eancia Brasil<\/p>\n","protected":false},"excerpt":{"rendered":"<p>Devidos aos efeitos da pandemia de covid-19, o Fundo Monet\u00e1rio Internacional (FMI) projeta queda de 5,3% da economia brasileira este ano. A previs\u00e3o para a queda do Produto Interno Bruto (PIB), a soma de todos os bens e servi\u00e7os produzidos no pa\u00eds, foi publicada nessa ter\u00e7a-feira (14) pelo FMI no relat\u00f3rio Perspectiva Econ\u00f4mica Mundial (World [&hellip;]<\/p>\n","protected":false},"author":96,"featured_media":158332,"comment_status":"closed","ping_status":"closed","sticky":false,"template":"","format":"standard","meta":{"footnotes":""},"categories":[436,261,439],"tags":[],"class_list":["post-158331","post","type-post","status-publish","format-standard","has-post-thumbnail","hentry","category-destaque-da-semana","category-economia","category-ultima-hora"],"_links":{"self":[{"href":"https:\/\/diarioregionaldigital.com.br\/index.php?rest_route=\/wp\/v2\/posts\/158331","targetHints":{"allow":["GET"]}}],"collection":[{"href":"https:\/\/diarioregionaldigital.com.br\/index.php?rest_route=\/wp\/v2\/posts"}],"about":[{"href":"https:\/\/diarioregionaldigital.com.br\/index.php?rest_route=\/wp\/v2\/types\/post"}],"author":[{"embeddable":true,"href":"https:\/\/diarioregionaldigital.com.br\/index.php?rest_route=\/wp\/v2\/users\/96"}],"replies":[{"embeddable":true,"href":"https:\/\/diarioregionaldigital.com.br\/index.php?rest_route=%2Fwp%2Fv2%2Fcomments&post=158331"}],"version-history":[{"count":0,"href":"https:\/\/diarioregionaldigital.com.br\/index.php?rest_route=\/wp\/v2\/posts\/158331\/revisions"}],"wp:featuredmedia":[{"embeddable":true,"href":"https:\/\/diarioregionaldigital.com.br\/index.php?rest_route=\/wp\/v2\/media\/158332"}],"wp:attachment":[{"href":"https:\/\/diarioregionaldigital.com.br\/index.php?rest_route=%2Fwp%2Fv2%2Fmedia&parent=158331"}],"wp:term":[{"taxonomy":"category","embeddable":true,"href":"https:\/\/diarioregionaldigital.com.br\/index.php?rest_route=%2Fwp%2Fv2%2Fcategories&post=158331"},{"taxonomy":"post_tag","embeddable":true,"href":"https:\/\/diarioregionaldigital.com.br\/index.php?rest_route=%2Fwp%2Fv2%2Ftags&post=158331"}],"curies":[{"name":"wp","href":"https:\/\/api.w.org\/{rel}","templated":true}]}}