{"id":158323,"date":"2020-04-14T06:00:33","date_gmt":"2020-04-14T09:00:33","guid":{"rendered":"https:\/\/diarioregionaldigital.com.br\/?p=158323"},"modified":"2020-04-14T00:36:45","modified_gmt":"2020-04-14T03:36:45","slug":"prefeitura-municipal-de-descoberto-extrato-de-contrato-14-04-2020","status":"publish","type":"post","link":"https:\/\/diarioregionaldigital.com.br\/?p=158323","title":{"rendered":"Prefeitura Municipal de Descoberto &#8211; Extrato de Contrato &#8211; 14\/04\/2020"},"content":{"rendered":"<p style=\"text-align: center;\"><strong>EXTRATO DE CONTRATO<\/strong><\/p>\n<p style=\"text-align: center;\">Pref. Municipal de Descoberto x Work Service Eireli -EPP &#8211; Objeto: Recapeamento asf\u00e1ltico em CBUQ, sobre pavimento poli\u00e9drico existente, na Rua do Ros\u00e1rio no munic\u00edpio de Descoberto- Conv\u00eanio n\u00ba 1301000135\/2019 &#8211; Fundamento: Tomada de Pre\u00e7os 001\/2020 \u2013 Valor Global: 122.065,66,00 \u2013 Vig\u00eancia: 6 meses \u2013 Dot or\u00e7: 02.06000.15.451.0019.104-449051\/124- Ass: 13\/04\/2020- Foro: S\u00e3o Jo\u00e3o Nepomuceno\/MG.<\/p>\n<p style=\"text-align: center;\"><strong>Marcos de Ara\u00fajo Lima<\/strong><\/p>\n<p style=\"text-align: center;\"><strong>\u00a0Prefeito Municipal<\/strong><\/p>\n","protected":false},"excerpt":{"rendered":"<p>EXTRATO DE CONTRATO Pref. Municipal de Descoberto x Work Service Eireli -EPP &#8211; Objeto: Recapeamento asf\u00e1ltico em CBUQ, sobre pavimento poli\u00e9drico existente, na Rua do Ros\u00e1rio no munic\u00edpio de Descoberto- Conv\u00eanio n\u00ba 1301000135\/2019 &#8211; Fundamento: Tomada de Pre\u00e7os 001\/2020 \u2013 Valor Global: 122.065,66,00 \u2013 Vig\u00eancia: 6 meses \u2013 Dot or\u00e7: 02.06000.15.451.0019.104-449051\/124- Ass: 13\/04\/2020- Foro: S\u00e3o [&hellip;]<\/p>\n","protected":false},"author":96,"featured_media":0,"comment_status":"closed","ping_status":"closed","sticky":false,"template":"","format":"standard","meta":{"footnotes":""},"categories":[307],"tags":[],"class_list":["post-158323","post","type-post","status-publish","format-standard","hentry","category-editais"],"_links":{"self":[{"href":"https:\/\/diarioregionaldigital.com.br\/index.php?rest_route=\/wp\/v2\/posts\/158323","targetHints":{"allow":["GET"]}}],"collection":[{"href":"https:\/\/diarioregionaldigital.com.br\/index.php?rest_route=\/wp\/v2\/posts"}],"about":[{"href":"https:\/\/diarioregionaldigital.com.br\/index.php?rest_route=\/wp\/v2\/types\/post"}],"author":[{"embeddable":true,"href":"https:\/\/diarioregionaldigital.com.br\/index.php?rest_route=\/wp\/v2\/users\/96"}],"replies":[{"embeddable":true,"href":"https:\/\/diarioregionaldigital.com.br\/index.php?rest_route=%2Fwp%2Fv2%2Fcomments&post=158323"}],"version-history":[{"count":0,"href":"https:\/\/diarioregionaldigital.com.br\/index.php?rest_route=\/wp\/v2\/posts\/158323\/revisions"}],"wp:attachment":[{"href":"https:\/\/diarioregionaldigital.com.br\/index.php?rest_route=%2Fwp%2Fv2%2Fmedia&parent=158323"}],"wp:term":[{"taxonomy":"category","embeddable":true,"href":"https:\/\/diarioregionaldigital.com.br\/index.php?rest_route=%2Fwp%2Fv2%2Fcategories&post=158323"},{"taxonomy":"post_tag","embeddable":true,"href":"https:\/\/diarioregionaldigital.com.br\/index.php?rest_route=%2Fwp%2Fv2%2Ftags&post=158323"}],"curies":[{"name":"wp","href":"https:\/\/api.w.org\/{rel}","templated":true}]}}