{"id":158320,"date":"2020-04-14T06:00:10","date_gmt":"2020-04-14T09:00:10","guid":{"rendered":"https:\/\/diarioregionaldigital.com.br\/?p=158320"},"modified":"2020-04-14T00:36:12","modified_gmt":"2020-04-14T03:36:12","slug":"olha-eleee-2","status":"publish","type":"post","link":"https:\/\/diarioregionaldigital.com.br\/?p=158320","title":{"rendered":"Olha Eleee&#8230;"},"content":{"rendered":"<p style=\"text-align: center;\"><strong>Quadro de Avisos<\/strong><\/p>\n<p style=\"text-align: center;\">Em boa hora, a Liga Acad\u00eamica de Odontologia Hospitalar da UFJF lan\u00e7ou a campanha \u201cM\u00e1scaras do bem\u201d. Coordenada pela professora Gisele Fabri, a proposta \u00e9 arrecadar mat\u00e9rias para a confec\u00e7\u00e3o de EPI que ser\u00e3o doados aos hospitais da cidade Contatos pelo Instragram @laohosp-UFJF.<\/p>\n<p style=\"text-align: center;\"><strong>Olha Eleee&#8230;<\/strong><\/p>\n<p style=\"text-align: center;\">Digno de elogios, o deputado federal J\u00falio Delgado (PSB) apresentou projeto na C\u00e2mara Federal pedindo a suspens\u00e3o da cobran\u00e7a do ped\u00e1gio nas rodovias federais e estaduais durante a pandemia. O benef\u00edcio ser\u00e1 somente para os ve\u00edculos de carga. No entender dele, classe social de extrema import\u00e2ncia para nossa economia.<\/p>\n<p style=\"text-align: center;\"><strong>Barrados no Feed<\/strong><\/p>\n<p style=\"text-align: center;\">Visualizando a modernidade suposta \u2018censura seletiva\u2019 a fotos de mulheres e demais minorias nas redes sociais, levantada por especialistas de filmes adultos est\u00e1 gerando debate sobre os crit\u00e9rios dos algoritmos. Para este colunista, \u00e9 um preconceito contra a liberta\u00e7\u00e3o sexual feminina.<\/p>\n<p style=\"text-align: center;\"><strong>Dona do Peda\u00e7o<\/strong><\/p>\n<p style=\"text-align: center;\">Din\u00e2mica e atuante a escritora Margareth Marinho \u00e9 exemplo total de cidadania. Em comemora\u00e7\u00e3o ao m\u00eas do livro infantil ela criou um tutorial ensinando crian\u00e7as a escreverem e ilustrarem, livros. As orienta\u00e7\u00f5es est\u00e3o dispon\u00edveis no Instagram da Biblioteca Murilo Mendes.<\/p>\n<p style=\"text-align: center;\"><span style=\"font-size: 14pt;\"><strong>Para Refletir<\/strong><\/span><\/p>\n<p style=\"text-align: center;\">Acredito que a depress\u00e3o seja uma doen\u00e7a da solid\u00e3o. Solid\u00e3o \u00e9 causa e tamb\u00e9m sintoma. O isolamento pode, sim, provocar novos casos de depress\u00e3o e exacerbar os j\u00e1 existentes. Portanto ocupe-se, cuide da sa\u00fade, apoie as pessoas. Mais na frente um mundo novo espera por voc\u00ea.<\/p>\n<div id=\"attachment_158309\" style=\"width: 690px\" class=\"wp-caption aligncenter\"><img loading=\"lazy\" decoding=\"async\" aria-describedby=\"caption-attachment-158309\" class=\"wp-image-158309\" src=\"https:\/\/diarioregionaldigital.com.br\/wp-content\/uploads\/2020\/04\/fotoa-7-e1586832764821.jpg\" alt=\"\" width=\"680\" height=\"545\" srcset=\"https:\/\/diarioregionaldigital.com.br\/wp-content\/uploads\/2020\/04\/fotoa-7-e1586832764821.jpg 1351w, https:\/\/diarioregionaldigital.com.br\/wp-content\/uploads\/2020\/04\/fotoa-7-e1586832764821-300x240.jpg 300w, https:\/\/diarioregionaldigital.com.br\/wp-content\/uploads\/2020\/04\/fotoa-7-e1586832764821-768x616.jpg 768w, https:\/\/diarioregionaldigital.com.br\/wp-content\/uploads\/2020\/04\/fotoa-7-e1586832764821-1024x821.jpg 1024w, https:\/\/diarioregionaldigital.com.br\/wp-content\/uploads\/2020\/04\/fotoa-7-e1586832764821-360x289.jpg 360w\" sizes=\"auto, (max-width: 680px) 100vw, 680px\" \/><p id=\"caption-attachment-158309\" class=\"wp-caption-text\">Forte candidato ao t\u00edtulo de Mr. Juiz de Fora 2020, o belo Lucas Gatte<\/p><\/div>\n<div id=\"attachment_158310\" style=\"width: 690px\" class=\"wp-caption aligncenter\"><img loading=\"lazy\" decoding=\"async\" aria-describedby=\"caption-attachment-158310\" class=\"wp-image-158310\" src=\"https:\/\/diarioregionaldigital.com.br\/wp-content\/uploads\/2020\/04\/fotob-7-e1586833104624.jpg\" alt=\"\" width=\"680\" height=\"523\" srcset=\"https:\/\/diarioregionaldigital.com.br\/wp-content\/uploads\/2020\/04\/fotob-7-e1586833104624.jpg 1521w, https:\/\/diarioregionaldigital.com.br\/wp-content\/uploads\/2020\/04\/fotob-7-e1586833104624-300x231.jpg 300w, https:\/\/diarioregionaldigital.com.br\/wp-content\/uploads\/2020\/04\/fotob-7-e1586833104624-768x591.jpg 768w, https:\/\/diarioregionaldigital.com.br\/wp-content\/uploads\/2020\/04\/fotob-7-e1586833104624-1024x788.jpg 1024w, https:\/\/diarioregionaldigital.com.br\/wp-content\/uploads\/2020\/04\/fotob-7-e1586833104624-360x277.jpg 360w\" sizes=\"auto, (max-width: 680px) 100vw, 680px\" \/><p id=\"caption-attachment-158310\" class=\"wp-caption-text\">Em sintonia na quarentena em Juiz de Fora, o casal Ursula Scavoline e Fabr\u00edcio Almeida<\/p><\/div>\n<div id=\"attachment_158311\" style=\"width: 690px\" class=\"wp-caption aligncenter\"><img loading=\"lazy\" decoding=\"async\" aria-describedby=\"caption-attachment-158311\" class=\"wp-image-158311\" src=\"https:\/\/diarioregionaldigital.com.br\/wp-content\/uploads\/2020\/04\/fotoc-7-e1586833171682.jpg\" alt=\"\" width=\"680\" height=\"522\" srcset=\"https:\/\/diarioregionaldigital.com.br\/wp-content\/uploads\/2020\/04\/fotoc-7-e1586833171682.jpg 1581w, https:\/\/diarioregionaldigital.com.br\/wp-content\/uploads\/2020\/04\/fotoc-7-e1586833171682-300x230.jpg 300w, https:\/\/diarioregionaldigital.com.br\/wp-content\/uploads\/2020\/04\/fotoc-7-e1586833171682-768x590.jpg 768w, https:\/\/diarioregionaldigital.com.br\/wp-content\/uploads\/2020\/04\/fotoc-7-e1586833171682-1024x786.jpg 1024w, https:\/\/diarioregionaldigital.com.br\/wp-content\/uploads\/2020\/04\/fotoc-7-e1586833171682-360x276.jpg 360w\" sizes=\"auto, (max-width: 680px) 100vw, 680px\" \/><p id=\"caption-attachment-158311\" class=\"wp-caption-text\">Formando casal 20 em festa chique no Mhall, Rog\u00e9rio Paschoalino e Joyce<\/p><\/div>\n<div id=\"attachment_158312\" style=\"width: 690px\" class=\"wp-caption aligncenter\"><img loading=\"lazy\" decoding=\"async\" aria-describedby=\"caption-attachment-158312\" class=\"wp-image-158312\" src=\"https:\/\/diarioregionaldigital.com.br\/wp-content\/uploads\/2020\/04\/fotod-7-e1586833228104.jpg\" alt=\"\" width=\"680\" height=\"532\" srcset=\"https:\/\/diarioregionaldigital.com.br\/wp-content\/uploads\/2020\/04\/fotod-7-e1586833228104.jpg 1671w, https:\/\/diarioregionaldigital.com.br\/wp-content\/uploads\/2020\/04\/fotod-7-e1586833228104-300x235.jpg 300w, https:\/\/diarioregionaldigital.com.br\/wp-content\/uploads\/2020\/04\/fotod-7-e1586833228104-768x601.jpg 768w, https:\/\/diarioregionaldigital.com.br\/wp-content\/uploads\/2020\/04\/fotod-7-e1586833228104-1024x802.jpg 1024w, https:\/\/diarioregionaldigital.com.br\/wp-content\/uploads\/2020\/04\/fotod-7-e1586833228104-360x282.jpg 360w\" sizes=\"auto, (max-width: 680px) 100vw, 680px\" \/><p id=\"caption-attachment-158312\" class=\"wp-caption-text\">Curtindo isolamento social, os queridos Fabiano Garcia e Carlos Barbosa<\/p><\/div>\n<div id=\"attachment_158313\" style=\"width: 690px\" class=\"wp-caption aligncenter\"><img loading=\"lazy\" decoding=\"async\" aria-describedby=\"caption-attachment-158313\" class=\"wp-image-158313\" src=\"https:\/\/diarioregionaldigital.com.br\/wp-content\/uploads\/2020\/04\/fotoe-7-e1586833273687.jpg\" alt=\"\" width=\"680\" height=\"520\" srcset=\"https:\/\/diarioregionaldigital.com.br\/wp-content\/uploads\/2020\/04\/fotoe-7-e1586833273687.jpg 1763w, https:\/\/diarioregionaldigital.com.br\/wp-content\/uploads\/2020\/04\/fotoe-7-e1586833273687-300x229.jpg 300w, https:\/\/diarioregionaldigital.com.br\/wp-content\/uploads\/2020\/04\/fotoe-7-e1586833273687-768x587.jpg 768w, https:\/\/diarioregionaldigital.com.br\/wp-content\/uploads\/2020\/04\/fotoe-7-e1586833273687-1024x783.jpg 1024w, https:\/\/diarioregionaldigital.com.br\/wp-content\/uploads\/2020\/04\/fotoe-7-e1586833273687-360x275.jpg 360w\" sizes=\"auto, (max-width: 680px) 100vw, 680px\" \/><p id=\"caption-attachment-158313\" class=\"wp-caption-text\">O elegante casal Ronaldo Brand\u00e3o e Cristina Scapim Brand\u00e3o<\/p><\/div>\n<div id=\"attachment_158314\" style=\"width: 690px\" class=\"wp-caption aligncenter\"><img loading=\"lazy\" decoding=\"async\" aria-describedby=\"caption-attachment-158314\" class=\"wp-image-158314\" src=\"https:\/\/diarioregionaldigital.com.br\/wp-content\/uploads\/2020\/04\/fotof-6-e1586833418555.jpg\" alt=\"\" width=\"680\" height=\"506\" srcset=\"https:\/\/diarioregionaldigital.com.br\/wp-content\/uploads\/2020\/04\/fotof-6-e1586833418555.jpg 1858w, https:\/\/diarioregionaldigital.com.br\/wp-content\/uploads\/2020\/04\/fotof-6-e1586833418555-300x223.jpg 300w, https:\/\/diarioregionaldigital.com.br\/wp-content\/uploads\/2020\/04\/fotof-6-e1586833418555-768x572.jpg 768w, https:\/\/diarioregionaldigital.com.br\/wp-content\/uploads\/2020\/04\/fotof-6-e1586833418555-1024x762.jpg 1024w, https:\/\/diarioregionaldigital.com.br\/wp-content\/uploads\/2020\/04\/fotof-6-e1586833418555-360x268.jpg 360w\" sizes=\"auto, (max-width: 680px) 100vw, 680px\" \/><p id=\"caption-attachment-158314\" class=\"wp-caption-text\">Esperando dias melhores, Ney Gerald Gouv\u00eaa e Wilson Resende<\/p><\/div>\n<div id=\"attachment_158315\" style=\"width: 690px\" class=\"wp-caption aligncenter\"><img loading=\"lazy\" decoding=\"async\" aria-describedby=\"caption-attachment-158315\" class=\"wp-image-158315\" src=\"https:\/\/diarioregionaldigital.com.br\/wp-content\/uploads\/2020\/04\/fotog-7-e1586833464235.jpg\" alt=\"\" width=\"680\" height=\"491\" srcset=\"https:\/\/diarioregionaldigital.com.br\/wp-content\/uploads\/2020\/04\/fotog-7-e1586833464235.jpg 1793w, https:\/\/diarioregionaldigital.com.br\/wp-content\/uploads\/2020\/04\/fotog-7-e1586833464235-300x217.jpg 300w, https:\/\/diarioregionaldigital.com.br\/wp-content\/uploads\/2020\/04\/fotog-7-e1586833464235-768x555.jpg 768w, https:\/\/diarioregionaldigital.com.br\/wp-content\/uploads\/2020\/04\/fotog-7-e1586833464235-1024x740.jpg 1024w, https:\/\/diarioregionaldigital.com.br\/wp-content\/uploads\/2020\/04\/fotog-7-e1586833464235-360x260.jpg 360w\" sizes=\"auto, (max-width: 680px) 100vw, 680px\" \/><p id=\"caption-attachment-158315\" class=\"wp-caption-text\">Simples assim no Trade Hotel, Lidiane Stambassi, Beto Souza e Erika Beire<\/p><\/div>\n<div id=\"attachment_158316\" style=\"width: 690px\" class=\"wp-caption aligncenter\"><img loading=\"lazy\" decoding=\"async\" aria-describedby=\"caption-attachment-158316\" class=\"wp-image-158316\" src=\"https:\/\/diarioregionaldigital.com.br\/wp-content\/uploads\/2020\/04\/fotoh-7-e1586833512927.jpg\" alt=\"\" width=\"680\" height=\"496\" srcset=\"https:\/\/diarioregionaldigital.com.br\/wp-content\/uploads\/2020\/04\/fotoh-7-e1586833512927.jpg 1766w, https:\/\/diarioregionaldigital.com.br\/wp-content\/uploads\/2020\/04\/fotoh-7-e1586833512927-300x219.jpg 300w, https:\/\/diarioregionaldigital.com.br\/wp-content\/uploads\/2020\/04\/fotoh-7-e1586833512927-768x561.jpg 768w, https:\/\/diarioregionaldigital.com.br\/wp-content\/uploads\/2020\/04\/fotoh-7-e1586833512927-1024x747.jpg 1024w, https:\/\/diarioregionaldigital.com.br\/wp-content\/uploads\/2020\/04\/fotoh-7-e1586833512927-360x263.jpg 360w\" sizes=\"auto, (max-width: 680px) 100vw, 680px\" \/><p id=\"caption-attachment-158316\" class=\"wp-caption-text\">Em fam\u00edlia, Diogo Garcia e Paula Falce e a filha Larissa<\/p><\/div>\n<div id=\"attachment_158317\" style=\"width: 690px\" class=\"wp-caption aligncenter\"><img loading=\"lazy\" decoding=\"async\" aria-describedby=\"caption-attachment-158317\" class=\"wp-image-158317\" src=\"https:\/\/diarioregionaldigital.com.br\/wp-content\/uploads\/2020\/04\/fotoi-7-e1586833596400.jpg\" alt=\"\" width=\"680\" height=\"482\" srcset=\"https:\/\/diarioregionaldigital.com.br\/wp-content\/uploads\/2020\/04\/fotoi-7-e1586833596400.jpg 2157w, https:\/\/diarioregionaldigital.com.br\/wp-content\/uploads\/2020\/04\/fotoi-7-e1586833596400-300x213.jpg 300w, https:\/\/diarioregionaldigital.com.br\/wp-content\/uploads\/2020\/04\/fotoi-7-e1586833596400-768x544.jpg 768w, https:\/\/diarioregionaldigital.com.br\/wp-content\/uploads\/2020\/04\/fotoi-7-e1586833596400-1024x725.jpg 1024w, https:\/\/diarioregionaldigital.com.br\/wp-content\/uploads\/2020\/04\/fotoi-7-e1586833596400-750x530.jpg 750w, https:\/\/diarioregionaldigital.com.br\/wp-content\/uploads\/2020\/04\/fotoi-7-e1586833596400-360x255.jpg 360w, https:\/\/diarioregionaldigital.com.br\/wp-content\/uploads\/2020\/04\/fotoi-7-e1586833596400-100x70.jpg 100w\" sizes=\"auto, (max-width: 680px) 100vw, 680px\" \/><p id=\"caption-attachment-158317\" class=\"wp-caption-text\">O jornalista Rafael Rodrigues liderando palestra com gente do bem pela Uninter<\/p><\/div>\n<div id=\"attachment_158318\" style=\"width: 690px\" class=\"wp-caption aligncenter\"><img loading=\"lazy\" decoding=\"async\" aria-describedby=\"caption-attachment-158318\" class=\"wp-image-158318\" src=\"https:\/\/diarioregionaldigital.com.br\/wp-content\/uploads\/2020\/04\/fotoj-5.jpg\" alt=\"\" width=\"680\" height=\"449\" srcset=\"https:\/\/diarioregionaldigital.com.br\/wp-content\/uploads\/2020\/04\/fotoj-5.jpg 2656w, https:\/\/diarioregionaldigital.com.br\/wp-content\/uploads\/2020\/04\/fotoj-5-300x198.jpg 300w, https:\/\/diarioregionaldigital.com.br\/wp-content\/uploads\/2020\/04\/fotoj-5-768x507.jpg 768w, https:\/\/diarioregionaldigital.com.br\/wp-content\/uploads\/2020\/04\/fotoj-5-1024x675.jpg 1024w, https:\/\/diarioregionaldigital.com.br\/wp-content\/uploads\/2020\/04\/fotoj-5-1440x950.jpg 1440w, https:\/\/diarioregionaldigital.com.br\/wp-content\/uploads\/2020\/04\/fotoj-5-360x237.jpg 360w\" sizes=\"auto, (max-width: 680px) 100vw, 680px\" \/><p id=\"caption-attachment-158318\" class=\"wp-caption-text\">Na Fazendinhas do Comendador, Eduardo Gomes e sua fam\u00edlia: Mauro Luis, Jussara, Elis\u00e2ngela, Carolina, Gustavo, Luisa Helena, Maria Eduarda e Breno<\/p><\/div>\n<p><img loading=\"lazy\" decoding=\"async\" class=\"aligncenter size-full wp-image-158321\" src=\"https:\/\/diarioregionaldigital.com.br\/wp-content\/uploads\/2020\/04\/anuncio99.jpg\" alt=\"\" width=\"3521\" height=\"1353\" srcset=\"https:\/\/diarioregionaldigital.com.br\/wp-content\/uploads\/2020\/04\/anuncio99.jpg 3521w, https:\/\/diarioregionaldigital.com.br\/wp-content\/uploads\/2020\/04\/anuncio99-300x115.jpg 300w, https:\/\/diarioregionaldigital.com.br\/wp-content\/uploads\/2020\/04\/anuncio99-768x295.jpg 768w, https:\/\/diarioregionaldigital.com.br\/wp-content\/uploads\/2020\/04\/anuncio99-1024x393.jpg 1024w, https:\/\/diarioregionaldigital.com.br\/wp-content\/uploads\/2020\/04\/anuncio99-360x138.jpg 360w\" sizes=\"auto, (max-width: 3521px) 100vw, 3521px\" \/><\/p>\n","protected":false},"excerpt":{"rendered":"<p>Quadro de Avisos Em boa hora, a Liga Acad\u00eamica de Odontologia Hospitalar da UFJF lan\u00e7ou a campanha \u201cM\u00e1scaras do bem\u201d. Coordenada pela professora Gisele Fabri, a proposta \u00e9 arrecadar mat\u00e9rias para a confec\u00e7\u00e3o de EPI que ser\u00e3o doados aos hospitais da cidade Contatos pelo Instragram @laohosp-UFJF. Olha Eleee&#8230; Digno de elogios, o deputado federal J\u00falio [&hellip;]<\/p>\n","protected":false},"author":96,"featured_media":158309,"comment_status":"closed","ping_status":"closed","sticky":false,"template":"","format":"standard","meta":{"footnotes":""},"categories":[264],"tags":[],"class_list":["post-158320","post","type-post","status-publish","format-standard","has-post-thumbnail","hentry","category-eduardo-gomes"],"_links":{"self":[{"href":"https:\/\/diarioregionaldigital.com.br\/index.php?rest_route=\/wp\/v2\/posts\/158320","targetHints":{"allow":["GET"]}}],"collection":[{"href":"https:\/\/diarioregionaldigital.com.br\/index.php?rest_route=\/wp\/v2\/posts"}],"about":[{"href":"https:\/\/diarioregionaldigital.com.br\/index.php?rest_route=\/wp\/v2\/types\/post"}],"author":[{"embeddable":true,"href":"https:\/\/diarioregionaldigital.com.br\/index.php?rest_route=\/wp\/v2\/users\/96"}],"replies":[{"embeddable":true,"href":"https:\/\/diarioregionaldigital.com.br\/index.php?rest_route=%2Fwp%2Fv2%2Fcomments&post=158320"}],"version-history":[{"count":0,"href":"https:\/\/diarioregionaldigital.com.br\/index.php?rest_route=\/wp\/v2\/posts\/158320\/revisions"}],"wp:featuredmedia":[{"embeddable":true,"href":"https:\/\/diarioregionaldigital.com.br\/index.php?rest_route=\/wp\/v2\/media\/158309"}],"wp:attachment":[{"href":"https:\/\/diarioregionaldigital.com.br\/index.php?rest_route=%2Fwp%2Fv2%2Fmedia&parent=158320"}],"wp:term":[{"taxonomy":"category","embeddable":true,"href":"https:\/\/diarioregionaldigital.com.br\/index.php?rest_route=%2Fwp%2Fv2%2Fcategories&post=158320"},{"taxonomy":"post_tag","embeddable":true,"href":"https:\/\/diarioregionaldigital.com.br\/index.php?rest_route=%2Fwp%2Fv2%2Ftags&post=158320"}],"curies":[{"name":"wp","href":"https:\/\/api.w.org\/{rel}","templated":true}]}}