{"id":158305,"date":"2020-04-13T19:28:15","date_gmt":"2020-04-13T22:28:15","guid":{"rendered":"https:\/\/diarioregionaldigital.com.br\/?p=158305"},"modified":"2020-04-13T19:28:15","modified_gmt":"2020-04-13T22:28:15","slug":"pjf-e-empresarios-avaliam-alternativas-para-o-setor-em-funcao-da-covid-19","status":"publish","type":"post","link":"https:\/\/diarioregionaldigital.com.br\/?p=158305","title":{"rendered":"PJF e empres\u00e1rios avaliam alternativas para o setor em fun\u00e7\u00e3o da covid-19"},"content":{"rendered":"<p>A Prefeitura de Juiz de Fora (PJF) iniciou s\u00e9rie de reuni\u00f5es com os setores produtivos da cidade \u2013 a serem promovidas dia sim, dia n\u00e3o &#8211; objetivando adotar medidas para essa \u00e1rea, relacionadas \u00e0 situa\u00e7\u00e3o provocada pela dissemina\u00e7\u00e3o da covid-19 em todo o mundo. O primeiro encontro aconteceu na manh\u00e3 dessa segunda-feira (13), na sede da Associa\u00e7\u00e3o Comercial, com as presen\u00e7as do prefeito Ant\u00f4nio Almas, dos secret\u00e1rios municipais de Desenvolvimento Econ\u00f4mico, R\u00f4mulo Veiga, da Fazenda, F\u00falvio Albertoni, e do Planejamento, L\u00facio Fortes, al\u00e9m de representantes da Ag\u00eancia de Desenvolvimento Local, Centro Industrial e C\u00e2mara de Dirigentes Lojistas (CDL).<\/p>\n<p>A conversa foi pautada pela Associa\u00e7\u00e3o Comercial, que deseja o retorno gradual das atividades, baseado no que o Minist\u00e9rio da Sa\u00fade (MS) tem chamado de Distanciamento Social Ampliado (DSA) &#8211; quando se isola apenas um segmento da popula\u00e7\u00e3o e cria hor\u00e1rios alternativos para o funcionamento das empresas.<\/p>\n<p>Ficou acertado que cada setor produtivo propor\u00e1 seu plano de transi\u00e7\u00e3o, contendo as medidas que devem ser adotadas, para se ter seguran\u00e7a sanit\u00e1ria na manuten\u00e7\u00e3o de suas atividades. A proposta dever\u00e1 conter tamb\u00e9m o hor\u00e1rio m\u00ednimo de funcionamento, entendendo que os trabalhos n\u00e3o poder\u00e3o ser estendidos durante a crise do coronav\u00edrus (covid-19) em Juiz de Fora.<\/p>\n<p>As sugest\u00f5es ser\u00e3o analisadas pela PJF e integrar\u00e3o o \u201cPlano de Retorno Gradual\u201d das atividades, que s\u00f3 ser\u00e1 colocado em pr\u00e1tica quando os indicadores de sa\u00fade do Munic\u00edpio estiverem dentro do que preconiza o MS. No momento, o quadro em Juiz de Fora n\u00e3o oferece seguran\u00e7a para concretizar o DSA.<\/p>\n<p>&nbsp;<\/p>\n<p><strong>Fonte:\u00a0<\/strong>Assessoria<\/p>\n","protected":false},"excerpt":{"rendered":"<p>A Prefeitura de Juiz de Fora (PJF) iniciou s\u00e9rie de reuni\u00f5es com os setores produtivos da cidade \u2013 a serem promovidas dia sim, dia n\u00e3o &#8211; objetivando adotar medidas para essa \u00e1rea, relacionadas \u00e0 situa\u00e7\u00e3o provocada pela dissemina\u00e7\u00e3o da covid-19 em todo o mundo. O primeiro encontro aconteceu na manh\u00e3 dessa segunda-feira (13), na sede [&hellip;]<\/p>\n","protected":false},"author":96,"featured_media":158306,"comment_status":"closed","ping_status":"closed","sticky":false,"template":"","format":"standard","meta":{"footnotes":""},"categories":[253,436,439],"tags":[],"class_list":["post-158305","post","type-post","status-publish","format-standard","has-post-thumbnail","hentry","category-cidade","category-destaque-da-semana","category-ultima-hora"],"_links":{"self":[{"href":"https:\/\/diarioregionaldigital.com.br\/index.php?rest_route=\/wp\/v2\/posts\/158305","targetHints":{"allow":["GET"]}}],"collection":[{"href":"https:\/\/diarioregionaldigital.com.br\/index.php?rest_route=\/wp\/v2\/posts"}],"about":[{"href":"https:\/\/diarioregionaldigital.com.br\/index.php?rest_route=\/wp\/v2\/types\/post"}],"author":[{"embeddable":true,"href":"https:\/\/diarioregionaldigital.com.br\/index.php?rest_route=\/wp\/v2\/users\/96"}],"replies":[{"embeddable":true,"href":"https:\/\/diarioregionaldigital.com.br\/index.php?rest_route=%2Fwp%2Fv2%2Fcomments&post=158305"}],"version-history":[{"count":0,"href":"https:\/\/diarioregionaldigital.com.br\/index.php?rest_route=\/wp\/v2\/posts\/158305\/revisions"}],"wp:featuredmedia":[{"embeddable":true,"href":"https:\/\/diarioregionaldigital.com.br\/index.php?rest_route=\/wp\/v2\/media\/158306"}],"wp:attachment":[{"href":"https:\/\/diarioregionaldigital.com.br\/index.php?rest_route=%2Fwp%2Fv2%2Fmedia&parent=158305"}],"wp:term":[{"taxonomy":"category","embeddable":true,"href":"https:\/\/diarioregionaldigital.com.br\/index.php?rest_route=%2Fwp%2Fv2%2Fcategories&post=158305"},{"taxonomy":"post_tag","embeddable":true,"href":"https:\/\/diarioregionaldigital.com.br\/index.php?rest_route=%2Fwp%2Fv2%2Ftags&post=158305"}],"curies":[{"name":"wp","href":"https:\/\/api.w.org\/{rel}","templated":true}]}}