{"id":158299,"date":"2020-04-13T19:22:32","date_gmt":"2020-04-13T22:22:32","guid":{"rendered":"https:\/\/diarioregionaldigital.com.br\/?p=158299"},"modified":"2020-04-13T19:22:32","modified_gmt":"2020-04-13T22:22:32","slug":"campeonatos-de-futebol-na-europa-visam-retorno-aos-gramados","status":"publish","type":"post","link":"https:\/\/diarioregionaldigital.com.br\/?p=158299","title":{"rendered":"Campeonatos de futebol na Europa visam retorno aos gramados"},"content":{"rendered":"<p>Em decorr\u00eancia da epidemia do Coronav\u00edrus, os campeonatos de futebol pela Europa est\u00e3o suspensos at\u00e9 que a doen\u00e7a esteja controlada e que sejam garantidas seguran\u00e7as para atletas e torcedores. No entanto, pa\u00edses como Alemanha, Fran\u00e7a e It\u00e1lia estudam a possibilidade dos campeonatos retornarem aos gramados.<\/p>\n<p>A Federa\u00e7\u00e3o Francesa de Futebol (FFF) avalia duas possibilidades para que o plano seja levado adiante: um deles com os jogos retornando no dia 3 de junho e outro com a volta projetada para o dia 17 de junho. Essas duas possibilidades fazem com que a temporada possa terminar at\u00e9 25 de julho, o que n\u00e3o prejudicaria o in\u00edcio do calend\u00e1rio do pr\u00f3ximo ano. Mas para que isso seja de acordo com o plano, tudo depende da evolu\u00e7\u00e3o do Coronav\u00edrus pelos pr\u00f3ximos dias no pa\u00eds.<\/p>\n<p>J\u00e1 a Federa\u00e7\u00e3o da It\u00e1lia ir\u00e1 se reunir nesta quarta-feira (15) e tamb\u00e9m na quinta-feira (16), para definir uma data de retorno dos clubes aos gramados e tamb\u00e9m do cronograma de treinos.<\/p>\n<p>Quanto ao caso do futebol alem\u00e3o, na \u00faltima semana os times retornaram \u00e0s atividades, mas todos seguindo os protocolos estipulados para conter propaga\u00e7\u00e3o do Coronav\u00edrus. Segundo o jornal esportivo alem\u00e3o <em>Bild, <\/em>h\u00e1 possibilidade do Campeonato Alem\u00e3o retornar no dia 9 de maio.<\/p>\n<p><strong>UEFA<\/strong><\/p>\n<p>Segundo informa\u00e7\u00f5es do di\u00e1rio <em>As <\/em>(Espanha), a Associa\u00e7\u00e3o de Clubes Europeus (UEFA) planeja o t\u00e9rmino das disputadas da Liga dos Campe\u00f5es e da Liga Europa. Para a entidade, as duas competi\u00e7\u00f5es continentais seriam retomadas no m\u00eas de agosto. As fases de quartas, semifinais e a decis\u00e3o seriam disputadas em partidas \u00fanicas, em campo neutro e com port\u00f5es fechados.<\/p>\n","protected":false},"excerpt":{"rendered":"<p>Em decorr\u00eancia da epidemia do Coronav\u00edrus, os campeonatos de futebol pela Europa est\u00e3o suspensos at\u00e9 que a doen\u00e7a esteja controlada e que sejam garantidas seguran\u00e7as para atletas e torcedores. No entanto, pa\u00edses como Alemanha, Fran\u00e7a e It\u00e1lia estudam a possibilidade dos campeonatos retornarem aos gramados. A Federa\u00e7\u00e3o Francesa de Futebol (FFF) avalia duas possibilidades para [&hellip;]<\/p>\n","protected":false},"author":96,"featured_media":158300,"comment_status":"closed","ping_status":"closed","sticky":false,"template":"","format":"standard","meta":{"footnotes":""},"categories":[436,257,439],"tags":[],"class_list":["post-158299","post","type-post","status-publish","format-standard","has-post-thumbnail","hentry","category-destaque-da-semana","category-esporte","category-ultima-hora"],"_links":{"self":[{"href":"https:\/\/diarioregionaldigital.com.br\/index.php?rest_route=\/wp\/v2\/posts\/158299","targetHints":{"allow":["GET"]}}],"collection":[{"href":"https:\/\/diarioregionaldigital.com.br\/index.php?rest_route=\/wp\/v2\/posts"}],"about":[{"href":"https:\/\/diarioregionaldigital.com.br\/index.php?rest_route=\/wp\/v2\/types\/post"}],"author":[{"embeddable":true,"href":"https:\/\/diarioregionaldigital.com.br\/index.php?rest_route=\/wp\/v2\/users\/96"}],"replies":[{"embeddable":true,"href":"https:\/\/diarioregionaldigital.com.br\/index.php?rest_route=%2Fwp%2Fv2%2Fcomments&post=158299"}],"version-history":[{"count":0,"href":"https:\/\/diarioregionaldigital.com.br\/index.php?rest_route=\/wp\/v2\/posts\/158299\/revisions"}],"wp:featuredmedia":[{"embeddable":true,"href":"https:\/\/diarioregionaldigital.com.br\/index.php?rest_route=\/wp\/v2\/media\/158300"}],"wp:attachment":[{"href":"https:\/\/diarioregionaldigital.com.br\/index.php?rest_route=%2Fwp%2Fv2%2Fmedia&parent=158299"}],"wp:term":[{"taxonomy":"category","embeddable":true,"href":"https:\/\/diarioregionaldigital.com.br\/index.php?rest_route=%2Fwp%2Fv2%2Fcategories&post=158299"},{"taxonomy":"post_tag","embeddable":true,"href":"https:\/\/diarioregionaldigital.com.br\/index.php?rest_route=%2Fwp%2Fv2%2Ftags&post=158299"}],"curies":[{"name":"wp","href":"https:\/\/api.w.org\/{rel}","templated":true}]}}