{"id":158268,"date":"2020-04-13T13:51:36","date_gmt":"2020-04-13T16:51:36","guid":{"rendered":"https:\/\/diarioregionaldigital.com.br\/?p=158268"},"modified":"2020-04-13T13:51:36","modified_gmt":"2020-04-13T16:51:36","slug":"premie-britanico-seguira-recomendacao-medica-sobre-retorno-ao-trabalho","status":"publish","type":"post","link":"https:\/\/diarioregionaldigital.com.br\/?p=158268","title":{"rendered":"Premi\u00ea brit\u00e2nico seguir\u00e1 recomenda\u00e7\u00e3o m\u00e9dica sobre retorno ao trabalho"},"content":{"rendered":"<p>O premi\u00ea brit\u00e2nico, Boris Johnson, seguir\u00e1 recomenda\u00e7\u00f5es m\u00e9dicas no que diz respeito a quando deve retornar ao trabalho, disse seu porta-voz nesta segunda-feira (13), recusando-se a estimar uma previs\u00e3o para que o l\u00edder se recupere totalmente do novo coronav\u00edrus.<\/p>\n<p>&#8220;Ele s\u00f3 foi liberado do hospital ontem e quaisquer decis\u00f5es em rela\u00e7\u00e3o a quando retornar \u00e0s atividades governamentais ser\u00e3o tomadas de acordo com recomenda\u00e7\u00f5es de sua equipe m\u00e9dica&#8221;, disse o porta-voz.<\/p>\n<p>Boris Johnson deixou o hospital nesse domingo (12) e agradeceu ao Servi\u00e7o Nacional de Sa\u00fade (NHS, na sigla em ingl\u00eas) por salvar sua vida enquanto lutava contra o coronav\u00edrus.<\/p>\n<p>Johnson, de 55 anos, foi levado ao Hospital St Thomas, no centro de Londres, no dia 5 de abril, com sintomas persistentes da covid-19. No dia seguinte, ele foi transferido para a unidade de terapia intensiva, onde permaneceu at\u00e9 9 de abril.<\/p>\n<p>O primeiro-ministro continuar\u00e1 sua recupera\u00e7\u00e3o em Chequers, resid\u00eancia oficial de campo a noroeste de Londres, segundo seu gabinete.<\/p>\n<p>&nbsp;<\/p>\n<p><strong>Fonte:\u00a0<\/strong>Ag\u00eancia Brasil<\/p>\n","protected":false},"excerpt":{"rendered":"<p>O premi\u00ea brit\u00e2nico, Boris Johnson, seguir\u00e1 recomenda\u00e7\u00f5es m\u00e9dicas no que diz respeito a quando deve retornar ao trabalho, disse seu porta-voz nesta segunda-feira (13), recusando-se a estimar uma previs\u00e3o para que o l\u00edder se recupere totalmente do novo coronav\u00edrus. &#8220;Ele s\u00f3 foi liberado do hospital ontem e quaisquer decis\u00f5es em rela\u00e7\u00e3o a quando retornar \u00e0s [&hellip;]<\/p>\n","protected":false},"author":96,"featured_media":157495,"comment_status":"closed","ping_status":"closed","sticky":false,"template":"","format":"standard","meta":{"footnotes":""},"categories":[302,436,439],"tags":[],"class_list":["post-158268","post","type-post","status-publish","format-standard","has-post-thumbnail","hentry","category-brasil-mundo","category-destaque-da-semana","category-ultima-hora"],"_links":{"self":[{"href":"https:\/\/diarioregionaldigital.com.br\/index.php?rest_route=\/wp\/v2\/posts\/158268","targetHints":{"allow":["GET"]}}],"collection":[{"href":"https:\/\/diarioregionaldigital.com.br\/index.php?rest_route=\/wp\/v2\/posts"}],"about":[{"href":"https:\/\/diarioregionaldigital.com.br\/index.php?rest_route=\/wp\/v2\/types\/post"}],"author":[{"embeddable":true,"href":"https:\/\/diarioregionaldigital.com.br\/index.php?rest_route=\/wp\/v2\/users\/96"}],"replies":[{"embeddable":true,"href":"https:\/\/diarioregionaldigital.com.br\/index.php?rest_route=%2Fwp%2Fv2%2Fcomments&post=158268"}],"version-history":[{"count":0,"href":"https:\/\/diarioregionaldigital.com.br\/index.php?rest_route=\/wp\/v2\/posts\/158268\/revisions"}],"wp:featuredmedia":[{"embeddable":true,"href":"https:\/\/diarioregionaldigital.com.br\/index.php?rest_route=\/wp\/v2\/media\/157495"}],"wp:attachment":[{"href":"https:\/\/diarioregionaldigital.com.br\/index.php?rest_route=%2Fwp%2Fv2%2Fmedia&parent=158268"}],"wp:term":[{"taxonomy":"category","embeddable":true,"href":"https:\/\/diarioregionaldigital.com.br\/index.php?rest_route=%2Fwp%2Fv2%2Fcategories&post=158268"},{"taxonomy":"post_tag","embeddable":true,"href":"https:\/\/diarioregionaldigital.com.br\/index.php?rest_route=%2Fwp%2Fv2%2Ftags&post=158268"}],"curies":[{"name":"wp","href":"https:\/\/api.w.org\/{rel}","templated":true}]}}