{"id":158265,"date":"2020-04-13T13:39:40","date_gmt":"2020-04-13T16:39:40","guid":{"rendered":"https:\/\/diarioregionaldigital.com.br\/?p=158265"},"modified":"2020-04-13T13:39:40","modified_gmt":"2020-04-13T16:39:40","slug":"hospital-de-campanha-do-pacaembu-tem-primeira-morte-por-covid-19","status":"publish","type":"post","link":"https:\/\/diarioregionaldigital.com.br\/?p=158265","title":{"rendered":"Hospital de Campanha do Pacaembu tem primeira morte por covid-19"},"content":{"rendered":"<p>O Hospital de Campanha do Pacaembu, instalado no est\u00e1dio de futebol da zona oeste paulistana, registrou ontem (12) a primeira morte por coronav\u00edrus. A v\u00edtima foi um homem de 36 anos que tinha doen\u00e7a de chagas. As instala\u00e7\u00f5es montadas pela prefeitura na capital paulista come\u00e7aram a receber pacientes na segunda-feira (6).<\/p>\n<p>Segundo o boletim da Secretaria Municipal de Sa\u00fade de S\u00e3o Paulo, 61 pessoas est\u00e3o internadas atualmente no hospital, sendo que 55 em leitos de enfermaria e seis em leitos de estabiliza\u00e7\u00e3o. Tr\u00eas pessoas receberam alta ontem e 19 aguardam transfer\u00eancia para o local.<\/p>\n<p><strong>Anhembi<\/strong><\/p>\n<p>O Hospital de Campanha do Anhembi, na zona norte da cidade, que come\u00e7ou a funcionar no s\u00e1bado (11), tem 13 pacientes. O espa\u00e7o pode receber atualmente 326 interna\u00e7\u00f5es. A previs\u00e3o \u00e9 que na segunda quinzena do m\u00eas, com a conclus\u00e3o das instala\u00e7\u00f5es, a unidade atinja a capacidade de 1,8 mil leitos.<\/p>\n<p>Os hospitais de campanha funcionam de portas fechadas, ou seja, as pessoas n\u00e3o s\u00e3o atendidas diretamente no local. Os pacientes s\u00e3o encaminhados por outras unidades p\u00fablicas, como pronto-socorros, unidades de pronto atendimento e assist\u00eancias m\u00e9dicas ambulatoriais de outros hospitais.<\/p>\n<p>O \u00faltimo balan\u00e7o do coronav\u00edrus na capital paulista registra 20,6 mil casos suspeitos, 6,8 mil confirmados e 445 mortes pela doen\u00e7a.<\/p>\n<p>&nbsp;<\/p>\n<p><strong>Fonte:\u00a0<\/strong>Ag\u00eancia Brasil<\/p>\n","protected":false},"excerpt":{"rendered":"<p>O Hospital de Campanha do Pacaembu, instalado no est\u00e1dio de futebol da zona oeste paulistana, registrou ontem (12) a primeira morte por coronav\u00edrus. A v\u00edtima foi um homem de 36 anos que tinha doen\u00e7a de chagas. As instala\u00e7\u00f5es montadas pela prefeitura na capital paulista come\u00e7aram a receber pacientes na segunda-feira (6). Segundo o boletim da [&hellip;]<\/p>\n","protected":false},"author":96,"featured_media":158266,"comment_status":"closed","ping_status":"closed","sticky":false,"template":"","format":"standard","meta":{"footnotes":""},"categories":[302,436,439],"tags":[],"class_list":["post-158265","post","type-post","status-publish","format-standard","has-post-thumbnail","hentry","category-brasil-mundo","category-destaque-da-semana","category-ultima-hora"],"_links":{"self":[{"href":"https:\/\/diarioregionaldigital.com.br\/index.php?rest_route=\/wp\/v2\/posts\/158265","targetHints":{"allow":["GET"]}}],"collection":[{"href":"https:\/\/diarioregionaldigital.com.br\/index.php?rest_route=\/wp\/v2\/posts"}],"about":[{"href":"https:\/\/diarioregionaldigital.com.br\/index.php?rest_route=\/wp\/v2\/types\/post"}],"author":[{"embeddable":true,"href":"https:\/\/diarioregionaldigital.com.br\/index.php?rest_route=\/wp\/v2\/users\/96"}],"replies":[{"embeddable":true,"href":"https:\/\/diarioregionaldigital.com.br\/index.php?rest_route=%2Fwp%2Fv2%2Fcomments&post=158265"}],"version-history":[{"count":0,"href":"https:\/\/diarioregionaldigital.com.br\/index.php?rest_route=\/wp\/v2\/posts\/158265\/revisions"}],"wp:featuredmedia":[{"embeddable":true,"href":"https:\/\/diarioregionaldigital.com.br\/index.php?rest_route=\/wp\/v2\/media\/158266"}],"wp:attachment":[{"href":"https:\/\/diarioregionaldigital.com.br\/index.php?rest_route=%2Fwp%2Fv2%2Fmedia&parent=158265"}],"wp:term":[{"taxonomy":"category","embeddable":true,"href":"https:\/\/diarioregionaldigital.com.br\/index.php?rest_route=%2Fwp%2Fv2%2Fcategories&post=158265"},{"taxonomy":"post_tag","embeddable":true,"href":"https:\/\/diarioregionaldigital.com.br\/index.php?rest_route=%2Fwp%2Fv2%2Ftags&post=158265"}],"curies":[{"name":"wp","href":"https:\/\/api.w.org\/{rel}","templated":true}]}}