{"id":158261,"date":"2020-04-13T13:29:27","date_gmt":"2020-04-13T16:29:27","guid":{"rendered":"https:\/\/diarioregionaldigital.com.br\/?p=158261"},"modified":"2020-04-13T13:29:27","modified_gmt":"2020-04-13T16:29:27","slug":"governador-valadares-tem-primeiro-obito-causado-por-coronavirus","status":"publish","type":"post","link":"https:\/\/diarioregionaldigital.com.br\/?p=158261","title":{"rendered":"Governador Valadares tem primeiro \u00f3bito causado por Coronav\u00edrus"},"content":{"rendered":"<p>A Secretaria de Estado da Sa\u00fade de Minas Gerais (SES-MG), confirmou nesta segunda-feira (13) o primeiro caso de \u00f3bito por Coronav\u00edrus em Governador Valadares. Conforme o boletim, a v\u00edtima \u00e9 uma idosa de 68 anos. Segundo a entidade, Minas Gerais chega a 815 casos suspeitos da doen\u00e7a, sendo que 64 \u00f3bitos est\u00e3o sob investiga\u00e7\u00e3o, 207 foram descartados e 23 confirmados: Belo Horizonte (7), Divin\u00f3polis (1), Patos de Minas (1),\u00a0 Governador Valadares (1), Itabira (1), Juiz de Fora (2), Mariana (1), Montes Claros (1), Ouro Fino (1),\u00a0 Parais\u00f3polis (1), Patos de Minas (1), Pouso Alegre (2), Uberada (1), Uberl\u00e2ndia (2) e Varginha (1).<\/p>\n","protected":false},"excerpt":{"rendered":"<p>A Secretaria de Estado da Sa\u00fade de Minas Gerais (SES-MG), confirmou nesta segunda-feira (13) o primeiro caso de \u00f3bito por Coronav\u00edrus em Governador Valadares. Conforme o boletim, a v\u00edtima \u00e9 uma idosa de 68 anos. Segundo a entidade, Minas Gerais chega a 815 casos suspeitos da doen\u00e7a, sendo que 64 \u00f3bitos est\u00e3o sob investiga\u00e7\u00e3o, 207 [&hellip;]<\/p>\n","protected":false},"author":96,"featured_media":157620,"comment_status":"closed","ping_status":"closed","sticky":false,"template":"","format":"standard","meta":{"footnotes":""},"categories":[436,440,252,439],"tags":[],"class_list":["post-158261","post","type-post","status-publish","format-standard","has-post-thumbnail","hentry","category-destaque-da-semana","category-destaques-do-dia","category-regiao","category-ultima-hora"],"_links":{"self":[{"href":"https:\/\/diarioregionaldigital.com.br\/index.php?rest_route=\/wp\/v2\/posts\/158261","targetHints":{"allow":["GET"]}}],"collection":[{"href":"https:\/\/diarioregionaldigital.com.br\/index.php?rest_route=\/wp\/v2\/posts"}],"about":[{"href":"https:\/\/diarioregionaldigital.com.br\/index.php?rest_route=\/wp\/v2\/types\/post"}],"author":[{"embeddable":true,"href":"https:\/\/diarioregionaldigital.com.br\/index.php?rest_route=\/wp\/v2\/users\/96"}],"replies":[{"embeddable":true,"href":"https:\/\/diarioregionaldigital.com.br\/index.php?rest_route=%2Fwp%2Fv2%2Fcomments&post=158261"}],"version-history":[{"count":0,"href":"https:\/\/diarioregionaldigital.com.br\/index.php?rest_route=\/wp\/v2\/posts\/158261\/revisions"}],"wp:featuredmedia":[{"embeddable":true,"href":"https:\/\/diarioregionaldigital.com.br\/index.php?rest_route=\/wp\/v2\/media\/157620"}],"wp:attachment":[{"href":"https:\/\/diarioregionaldigital.com.br\/index.php?rest_route=%2Fwp%2Fv2%2Fmedia&parent=158261"}],"wp:term":[{"taxonomy":"category","embeddable":true,"href":"https:\/\/diarioregionaldigital.com.br\/index.php?rest_route=%2Fwp%2Fv2%2Fcategories&post=158261"},{"taxonomy":"post_tag","embeddable":true,"href":"https:\/\/diarioregionaldigital.com.br\/index.php?rest_route=%2Fwp%2Fv2%2Ftags&post=158261"}],"curies":[{"name":"wp","href":"https:\/\/api.w.org\/{rel}","templated":true}]}}