{"id":158258,"date":"2020-04-11T11:43:26","date_gmt":"2020-04-11T14:43:26","guid":{"rendered":"https:\/\/diarioregionaldigital.com.br\/?p=158258"},"modified":"2020-04-11T11:43:26","modified_gmt":"2020-04-11T14:43:26","slug":"infratores-fogem-de-fuga-da-pm-no-barbosa-lage","status":"publish","type":"post","link":"https:\/\/diarioregionaldigital.com.br\/?p=158258","title":{"rendered":"Infratores fogem de fuga da PM no Barbosa Lage"},"content":{"rendered":"<p>Durante um patrulhamento no Bairro Barbosa Lage (Regi\u00e3o Noroeste), a Pol\u00edcia Militar (PM) localizou uma motocicleta de cor vermelha, com dois indiv\u00edduos montados nela em atitude suspeita. Ao realizarem aproxima\u00e7\u00e3o, os policiais deram ordem para que o condutor estacionasse o ve\u00edculo e o mesmo desobedeceu a ordem. Neste momento, o condutor realizou manobras perigosas e logo em seguida, chocou-se contra a viatura da PM.<\/p>\n<p>Os ocupantes ca\u00edram da moto, mas levantaram-se rapidamente e iniciaram a fuga a p\u00e9. Neste momento os suspeitos abandonaram um rev\u00f3lver calibre 32 com quatro muni\u00e7\u00f5es intactas. A PM realizou rastreamento mas os infratores n\u00e3o foram localizados. A motocicleta e a arma foram apreendidas.<\/p>\n","protected":false},"excerpt":{"rendered":"<p>Durante um patrulhamento no Bairro Barbosa Lage (Regi\u00e3o Noroeste), a Pol\u00edcia Militar (PM) localizou uma motocicleta de cor vermelha, com dois indiv\u00edduos montados nela em atitude suspeita. Ao realizarem aproxima\u00e7\u00e3o, os policiais deram ordem para que o condutor estacionasse o ve\u00edculo e o mesmo desobedeceu a ordem. Neste momento, o condutor realizou manobras perigosas e [&hellip;]<\/p>\n","protected":false},"author":96,"featured_media":97342,"comment_status":"closed","ping_status":"closed","sticky":false,"template":"","format":"standard","meta":{"footnotes":""},"categories":[301,436,439],"tags":[],"class_list":["post-158258","post","type-post","status-publish","format-standard","has-post-thumbnail","hentry","category-artigos-policiais","category-destaque-da-semana","category-ultima-hora"],"_links":{"self":[{"href":"https:\/\/diarioregionaldigital.com.br\/index.php?rest_route=\/wp\/v2\/posts\/158258","targetHints":{"allow":["GET"]}}],"collection":[{"href":"https:\/\/diarioregionaldigital.com.br\/index.php?rest_route=\/wp\/v2\/posts"}],"about":[{"href":"https:\/\/diarioregionaldigital.com.br\/index.php?rest_route=\/wp\/v2\/types\/post"}],"author":[{"embeddable":true,"href":"https:\/\/diarioregionaldigital.com.br\/index.php?rest_route=\/wp\/v2\/users\/96"}],"replies":[{"embeddable":true,"href":"https:\/\/diarioregionaldigital.com.br\/index.php?rest_route=%2Fwp%2Fv2%2Fcomments&post=158258"}],"version-history":[{"count":0,"href":"https:\/\/diarioregionaldigital.com.br\/index.php?rest_route=\/wp\/v2\/posts\/158258\/revisions"}],"wp:featuredmedia":[{"embeddable":true,"href":"https:\/\/diarioregionaldigital.com.br\/index.php?rest_route=\/wp\/v2\/media\/97342"}],"wp:attachment":[{"href":"https:\/\/diarioregionaldigital.com.br\/index.php?rest_route=%2Fwp%2Fv2%2Fmedia&parent=158258"}],"wp:term":[{"taxonomy":"category","embeddable":true,"href":"https:\/\/diarioregionaldigital.com.br\/index.php?rest_route=%2Fwp%2Fv2%2Fcategories&post=158258"},{"taxonomy":"post_tag","embeddable":true,"href":"https:\/\/diarioregionaldigital.com.br\/index.php?rest_route=%2Fwp%2Fv2%2Ftags&post=158258"}],"curies":[{"name":"wp","href":"https:\/\/api.w.org\/{rel}","templated":true}]}}