{"id":158256,"date":"2020-04-11T11:36:05","date_gmt":"2020-04-11T14:36:05","guid":{"rendered":"https:\/\/diarioregionaldigital.com.br\/?p=158256"},"modified":"2020-04-11T11:36:05","modified_gmt":"2020-04-11T14:36:05","slug":"jovem-leva-tiro-na-cabeca-na-vila-olavo-costa","status":"publish","type":"post","link":"https:\/\/diarioregionaldigital.com.br\/?p=158256","title":{"rendered":"Jovem leva tiro na cabe\u00e7a na Vila Olavo Costa"},"content":{"rendered":"<p>Um jovem de 20 anos transitava pelo Bairro Vila Olavo Costa (Regi\u00e3o Leste) e cumprimentou um conhecido. Neste momento um indiv\u00edduo, com posse de rev\u00f3lver, se aproximou e efetuou tr\u00eas disparos contra a v\u00edtima, sendo que um deles atingiu a cabe\u00e7a da v\u00edtima, entrando pr\u00f3ximo a nuca e saindo perto da orelha. O jovem foi encaminhado para o Hospital Pronto Socorro (HPS).<\/p>\n<p>A Pol\u00edcia Militar (PM) recebeu todas as informa\u00e7\u00f5es passadas pela v\u00edtima e encaminhou at\u00e9 a resid\u00eancia do suspeito. Ao chegar no im\u00f3vel, os policiais tiveram entrada liberada e ap\u00f3s realizar buscas, encontrou um rev\u00f3lver calibre 38 escondido debaixo da cama do suspeito. Os policiais encontraram tamb\u00e9m quatro cartuchos e um cartucho vazio.<\/p>\n","protected":false},"excerpt":{"rendered":"<p>Um jovem de 20 anos transitava pelo Bairro Vila Olavo Costa (Regi\u00e3o Leste) e cumprimentou um conhecido. Neste momento um indiv\u00edduo, com posse de rev\u00f3lver, se aproximou e efetuou tr\u00eas disparos contra a v\u00edtima, sendo que um deles atingiu a cabe\u00e7a da v\u00edtima, entrando pr\u00f3ximo a nuca e saindo perto da orelha. O jovem foi [&hellip;]<\/p>\n","protected":false},"author":96,"featured_media":97342,"comment_status":"closed","ping_status":"closed","sticky":false,"template":"","format":"standard","meta":{"footnotes":""},"categories":[301,436,440,439],"tags":[],"class_list":["post-158256","post","type-post","status-publish","format-standard","has-post-thumbnail","hentry","category-artigos-policiais","category-destaque-da-semana","category-destaques-do-dia","category-ultima-hora"],"_links":{"self":[{"href":"https:\/\/diarioregionaldigital.com.br\/index.php?rest_route=\/wp\/v2\/posts\/158256","targetHints":{"allow":["GET"]}}],"collection":[{"href":"https:\/\/diarioregionaldigital.com.br\/index.php?rest_route=\/wp\/v2\/posts"}],"about":[{"href":"https:\/\/diarioregionaldigital.com.br\/index.php?rest_route=\/wp\/v2\/types\/post"}],"author":[{"embeddable":true,"href":"https:\/\/diarioregionaldigital.com.br\/index.php?rest_route=\/wp\/v2\/users\/96"}],"replies":[{"embeddable":true,"href":"https:\/\/diarioregionaldigital.com.br\/index.php?rest_route=%2Fwp%2Fv2%2Fcomments&post=158256"}],"version-history":[{"count":0,"href":"https:\/\/diarioregionaldigital.com.br\/index.php?rest_route=\/wp\/v2\/posts\/158256\/revisions"}],"wp:featuredmedia":[{"embeddable":true,"href":"https:\/\/diarioregionaldigital.com.br\/index.php?rest_route=\/wp\/v2\/media\/97342"}],"wp:attachment":[{"href":"https:\/\/diarioregionaldigital.com.br\/index.php?rest_route=%2Fwp%2Fv2%2Fmedia&parent=158256"}],"wp:term":[{"taxonomy":"category","embeddable":true,"href":"https:\/\/diarioregionaldigital.com.br\/index.php?rest_route=%2Fwp%2Fv2%2Fcategories&post=158256"},{"taxonomy":"post_tag","embeddable":true,"href":"https:\/\/diarioregionaldigital.com.br\/index.php?rest_route=%2Fwp%2Fv2%2Ftags&post=158256"}],"curies":[{"name":"wp","href":"https:\/\/api.w.org\/{rel}","templated":true}]}}