{"id":158253,"date":"2020-04-11T11:28:09","date_gmt":"2020-04-11T14:28:09","guid":{"rendered":"https:\/\/diarioregionaldigital.com.br\/?p=158253"},"modified":"2020-04-11T11:28:09","modified_gmt":"2020-04-11T14:28:09","slug":"homem-foge-apos-ser-avistado-pela-policia-militar","status":"publish","type":"post","link":"https:\/\/diarioregionaldigital.com.br\/?p=158253","title":{"rendered":"Homem foge ap\u00f3s ser avistado pela Pol\u00edcia Militar"},"content":{"rendered":"<p>Um homem, sem idade informada, escapou de uma abordagem da Pol\u00edcia Militar (PM) durante opera\u00e7\u00e3o no Bairro Furtado de Menezes em Juiz de Fora. Segundo informa\u00e7\u00f5es, uma equipe da PM foi at\u00e9 o local para realizar abordagem ao suspeito, no entanto, o infrator percebeu a presen\u00e7a dos policiais e fugiu em uma rua no local. Durante a fuga, o mesmo jogou uma sacola no ch\u00e3o. Ap\u00f3s intensos rastreamentos, o indiv\u00edduo n\u00e3o foi localizado.<\/p>\n<p>Dentro da sacola deixada pelo suspeito, foram encontrados um rev\u00f3lver calibre\u00a0<span style=\"font-weight: 400;\">22, 11 tabletes e 8 buchas de maconha.<\/span><\/p>\n","protected":false},"excerpt":{"rendered":"<p>Um homem, sem idade informada, escapou de uma abordagem da Pol\u00edcia Militar (PM) durante opera\u00e7\u00e3o no Bairro Furtado de Menezes em Juiz de Fora. Segundo informa\u00e7\u00f5es, uma equipe da PM foi at\u00e9 o local para realizar abordagem ao suspeito, no entanto, o infrator percebeu a presen\u00e7a dos policiais e fugiu em uma rua no local. [&hellip;]<\/p>\n","protected":false},"author":96,"featured_media":158254,"comment_status":"closed","ping_status":"closed","sticky":false,"template":"","format":"standard","meta":{"footnotes":""},"categories":[301,436,439],"tags":[],"class_list":["post-158253","post","type-post","status-publish","format-standard","has-post-thumbnail","hentry","category-artigos-policiais","category-destaque-da-semana","category-ultima-hora"],"_links":{"self":[{"href":"https:\/\/diarioregionaldigital.com.br\/index.php?rest_route=\/wp\/v2\/posts\/158253","targetHints":{"allow":["GET"]}}],"collection":[{"href":"https:\/\/diarioregionaldigital.com.br\/index.php?rest_route=\/wp\/v2\/posts"}],"about":[{"href":"https:\/\/diarioregionaldigital.com.br\/index.php?rest_route=\/wp\/v2\/types\/post"}],"author":[{"embeddable":true,"href":"https:\/\/diarioregionaldigital.com.br\/index.php?rest_route=\/wp\/v2\/users\/96"}],"replies":[{"embeddable":true,"href":"https:\/\/diarioregionaldigital.com.br\/index.php?rest_route=%2Fwp%2Fv2%2Fcomments&post=158253"}],"version-history":[{"count":0,"href":"https:\/\/diarioregionaldigital.com.br\/index.php?rest_route=\/wp\/v2\/posts\/158253\/revisions"}],"wp:featuredmedia":[{"embeddable":true,"href":"https:\/\/diarioregionaldigital.com.br\/index.php?rest_route=\/wp\/v2\/media\/158254"}],"wp:attachment":[{"href":"https:\/\/diarioregionaldigital.com.br\/index.php?rest_route=%2Fwp%2Fv2%2Fmedia&parent=158253"}],"wp:term":[{"taxonomy":"category","embeddable":true,"href":"https:\/\/diarioregionaldigital.com.br\/index.php?rest_route=%2Fwp%2Fv2%2Fcategories&post=158253"},{"taxonomy":"post_tag","embeddable":true,"href":"https:\/\/diarioregionaldigital.com.br\/index.php?rest_route=%2Fwp%2Fv2%2Ftags&post=158253"}],"curies":[{"name":"wp","href":"https:\/\/api.w.org\/{rel}","templated":true}]}}