{"id":158242,"date":"2020-04-12T06:00:28","date_gmt":"2020-04-12T09:00:28","guid":{"rendered":"https:\/\/diarioregionaldigital.com.br\/?p=158242"},"modified":"2020-04-10T01:18:40","modified_gmt":"2020-04-10T04:18:40","slug":"homem-de-hoje","status":"publish","type":"post","link":"https:\/\/diarioregionaldigital.com.br\/?p=158242","title":{"rendered":"Homem de Hoje"},"content":{"rendered":"<p style=\"text-align: center;\"><strong>D\u00f3-r\u00e9-m\u00ed-f\u00e1<\/strong><\/p>\n<p style=\"text-align: center;\">O Grupo L\u00fadica m\u00fasica est\u00e1 em Lisboa. Apesar da agenda suspensa, eles n\u00e3o param. Para ocupar o tempo ele fazem shows on-line nas redes sociais. No ar o clipe \u201cO que \u00e9 eu posso fazer?,\u201d com poesia de Knorr, m\u00fasica de GuttiMendes e Rosana Brito, vocal de Isabella Ladeira e dire\u00e7\u00e3o de Altiere Leal. No elenco estrelado a participa\u00e7\u00e3o de Jo\u00e3o Mendes (filho de Gutti Mendes) e Ra\u00edra Garcia. Palmas para eles.<\/p>\n<p style=\"text-align: center;\"><strong>Homem de Hoje<\/strong><\/p>\n<p style=\"text-align: center;\">Muito al\u00e9m da moda, a marca Foxton convidou seus amigos para conversar nas redes sociais sobre o papel do homem contempor\u00e2neo, discutir conceitos e atitudes. Est\u00e3o na lista o apresentador Rodrigo Hilbert, o Chef Pedro Benoliel, o escritor Chico Bosco e o ator R\u00f4mulo Estrela. Em s\u00edntese, as mudan\u00e7as na percep\u00e7\u00e3o do feminino e as transforma\u00e7\u00f5es da sociedade que vivemos.<\/p>\n<p style=\"text-align: center;\"><strong>Empresa e Neg\u00f3cios<\/strong><\/p>\n<p style=\"text-align: center;\">Para aliviar a tens\u00e3o, empres\u00e1rios mineiros dos setores de com\u00e9rcio, servi\u00e7os e turismo ter\u00e3o acesso gratuito a capacita\u00e7\u00e3o a assessorias Jur\u00eddicas, econ\u00f4micas e na \u00e1rea de neg\u00f3cios internacionais. A iniciativa ser\u00e1 realizada por meio do programa Fecom\u00e9rcio em Conex\u00e3o, e pretende minimizar os preju\u00edzos decorrentes da pandemia da Covid-19.<\/p>\n<p style=\"text-align: center;\"><strong>Anivers\u00e1rio<\/strong><\/p>\n<p style=\"text-align: center;\">Diante do isolamento social, os 91 anos do Cine Theatro Central foi devidamente comemorado com uma linda \u201clive\u201d com artistas estrelados da nossa cidade. Para assistir acesse @cinetheatrocentral.<\/p>\n<p style=\"text-align: center;\"><span style=\"font-size: 14pt;\"><strong>Para Refletir <\/strong><\/span><\/p>\n<p style=\"text-align: center;\">\u201cEste tempo de solid\u00e3o deve nos fazer entender o valor sobre-humano da solidariedade e da compaix\u00e3o\u201d. (Padre Jos\u00e9 Leles). Feliz P\u00e1scoa.<\/p>\n<div id=\"attachment_158232\" style=\"width: 690px\" class=\"wp-caption aligncenter\"><img loading=\"lazy\" decoding=\"async\" aria-describedby=\"caption-attachment-158232\" class=\"wp-image-158232\" src=\"https:\/\/diarioregionaldigital.com.br\/wp-content\/uploads\/2020\/04\/fotoa-6-e1586490131417.jpg\" alt=\"\" width=\"680\" height=\"516\" srcset=\"https:\/\/diarioregionaldigital.com.br\/wp-content\/uploads\/2020\/04\/fotoa-6-e1586490131417.jpg 1242w, https:\/\/diarioregionaldigital.com.br\/wp-content\/uploads\/2020\/04\/fotoa-6-e1586490131417-300x228.jpg 300w, https:\/\/diarioregionaldigital.com.br\/wp-content\/uploads\/2020\/04\/fotoa-6-e1586490131417-768x583.jpg 768w, https:\/\/diarioregionaldigital.com.br\/wp-content\/uploads\/2020\/04\/fotoa-6-e1586490131417-1024x777.jpg 1024w, https:\/\/diarioregionaldigital.com.br\/wp-content\/uploads\/2020\/04\/fotoa-6-e1586490131417-360x273.jpg 360w\" sizes=\"auto, (max-width: 680px) 100vw, 680px\" \/><p id=\"caption-attachment-158232\" class=\"wp-caption-text\">O modelo e Mr. Juiz de Fora 2019, Marcelo Almeida usa sua fonte de inspira\u00e7\u00e3o para o Feliz P\u00e1scoa (Produ\u00e7\u00e3o Diley Almeida)<\/p><\/div>\n<div id=\"attachment_158233\" style=\"width: 690px\" class=\"wp-caption aligncenter\"><img loading=\"lazy\" decoding=\"async\" aria-describedby=\"caption-attachment-158233\" class=\"wp-image-158233\" src=\"https:\/\/diarioregionaldigital.com.br\/wp-content\/uploads\/2020\/04\/fotob-6-e1586490177979.jpg\" alt=\"\" width=\"680\" height=\"532\" srcset=\"https:\/\/diarioregionaldigital.com.br\/wp-content\/uploads\/2020\/04\/fotob-6-e1586490177979.jpg 1571w, https:\/\/diarioregionaldigital.com.br\/wp-content\/uploads\/2020\/04\/fotob-6-e1586490177979-300x235.jpg 300w, https:\/\/diarioregionaldigital.com.br\/wp-content\/uploads\/2020\/04\/fotob-6-e1586490177979-768x600.jpg 768w, https:\/\/diarioregionaldigital.com.br\/wp-content\/uploads\/2020\/04\/fotob-6-e1586490177979-1024x800.jpg 1024w, https:\/\/diarioregionaldigital.com.br\/wp-content\/uploads\/2020\/04\/fotob-6-e1586490177979-360x281.jpg 360w\" sizes=\"auto, (max-width: 680px) 100vw, 680px\" \/><p id=\"caption-attachment-158233\" class=\"wp-caption-text\">O domingo de P\u00e1scoa \u00e9 da ex-Miss Brasil Gay a bel\u00edssima Sheila Ver\u00edssimo<\/p><\/div>\n<div id=\"attachment_158234\" style=\"width: 690px\" class=\"wp-caption aligncenter\"><img loading=\"lazy\" decoding=\"async\" aria-describedby=\"caption-attachment-158234\" class=\"wp-image-158234\" src=\"https:\/\/diarioregionaldigital.com.br\/wp-content\/uploads\/2020\/04\/fotoc-6-e1586490220495.jpg\" alt=\"\" width=\"680\" height=\"518\" srcset=\"https:\/\/diarioregionaldigital.com.br\/wp-content\/uploads\/2020\/04\/fotoc-6-e1586490220495.jpg 1463w, https:\/\/diarioregionaldigital.com.br\/wp-content\/uploads\/2020\/04\/fotoc-6-e1586490220495-300x229.jpg 300w, https:\/\/diarioregionaldigital.com.br\/wp-content\/uploads\/2020\/04\/fotoc-6-e1586490220495-768x585.jpg 768w, https:\/\/diarioregionaldigital.com.br\/wp-content\/uploads\/2020\/04\/fotoc-6-e1586490220495-1024x780.jpg 1024w, https:\/\/diarioregionaldigital.com.br\/wp-content\/uploads\/2020\/04\/fotoc-6-e1586490220495-360x274.jpg 360w\" sizes=\"auto, (max-width: 680px) 100vw, 680px\" \/><p id=\"caption-attachment-158234\" class=\"wp-caption-text\">A transpar\u00eancia do estilista Rafael Ferrer, em ritmo de aleluia<\/p><\/div>\n<div id=\"attachment_158235\" style=\"width: 690px\" class=\"wp-caption aligncenter\"><img loading=\"lazy\" decoding=\"async\" aria-describedby=\"caption-attachment-158235\" class=\"wp-image-158235\" src=\"https:\/\/diarioregionaldigital.com.br\/wp-content\/uploads\/2020\/04\/fotod-6.jpg\" alt=\"\" width=\"680\" height=\"464\" srcset=\"https:\/\/diarioregionaldigital.com.br\/wp-content\/uploads\/2020\/04\/fotod-6.jpg 2448w, https:\/\/diarioregionaldigital.com.br\/wp-content\/uploads\/2020\/04\/fotod-6-300x205.jpg 300w, https:\/\/diarioregionaldigital.com.br\/wp-content\/uploads\/2020\/04\/fotod-6-768x525.jpg 768w, https:\/\/diarioregionaldigital.com.br\/wp-content\/uploads\/2020\/04\/fotod-6-1024x699.jpg 1024w, https:\/\/diarioregionaldigital.com.br\/wp-content\/uploads\/2020\/04\/fotod-6-360x246.jpg 360w\" sizes=\"auto, (max-width: 680px) 100vw, 680px\" \/><p id=\"caption-attachment-158235\" class=\"wp-caption-text\">Soltando o som para a P\u00e1scoa, Mariana Noronha e o Dj Silas Nunes<\/p><\/div>\n<div id=\"attachment_158236\" style=\"width: 690px\" class=\"wp-caption aligncenter\"><img loading=\"lazy\" decoding=\"async\" aria-describedby=\"caption-attachment-158236\" class=\"wp-image-158236\" src=\"https:\/\/diarioregionaldigital.com.br\/wp-content\/uploads\/2020\/04\/fotoe-6-e1586490265496.jpg\" alt=\"\" width=\"680\" height=\"480\" srcset=\"https:\/\/diarioregionaldigital.com.br\/wp-content\/uploads\/2020\/04\/fotoe-6-e1586490265496.jpg 1779w, https:\/\/diarioregionaldigital.com.br\/wp-content\/uploads\/2020\/04\/fotoe-6-e1586490265496-300x212.jpg 300w, https:\/\/diarioregionaldigital.com.br\/wp-content\/uploads\/2020\/04\/fotoe-6-e1586490265496-768x543.jpg 768w, https:\/\/diarioregionaldigital.com.br\/wp-content\/uploads\/2020\/04\/fotoe-6-e1586490265496-1024x724.jpg 1024w, https:\/\/diarioregionaldigital.com.br\/wp-content\/uploads\/2020\/04\/fotoe-6-e1586490265496-750x530.jpg 750w, https:\/\/diarioregionaldigital.com.br\/wp-content\/uploads\/2020\/04\/fotoe-6-e1586490265496-360x254.jpg 360w, https:\/\/diarioregionaldigital.com.br\/wp-content\/uploads\/2020\/04\/fotoe-6-e1586490265496-100x70.jpg 100w\" sizes=\"auto, (max-width: 680px) 100vw, 680px\" \/><p id=\"caption-attachment-158236\" class=\"wp-caption-text\">No Feliz P\u00e1scoa com Myrliane Le\u00e3o e os netos Davi e Luisa Le\u00e3o<\/p><\/div>\n<div id=\"attachment_158237\" style=\"width: 690px\" class=\"wp-caption aligncenter\"><img loading=\"lazy\" decoding=\"async\" aria-describedby=\"caption-attachment-158237\" class=\"wp-image-158237\" src=\"https:\/\/diarioregionaldigital.com.br\/wp-content\/uploads\/2020\/04\/fotof-5-e1586490301831.jpg\" alt=\"\" width=\"680\" height=\"510\" srcset=\"https:\/\/diarioregionaldigital.com.br\/wp-content\/uploads\/2020\/04\/fotof-5-e1586490301831.jpg 1795w, https:\/\/diarioregionaldigital.com.br\/wp-content\/uploads\/2020\/04\/fotof-5-e1586490301831-300x225.jpg 300w, https:\/\/diarioregionaldigital.com.br\/wp-content\/uploads\/2020\/04\/fotof-5-e1586490301831-768x575.jpg 768w, https:\/\/diarioregionaldigital.com.br\/wp-content\/uploads\/2020\/04\/fotof-5-e1586490301831-1024x767.jpg 1024w, https:\/\/diarioregionaldigital.com.br\/wp-content\/uploads\/2020\/04\/fotof-5-e1586490301831-360x270.jpg 360w\" sizes=\"auto, (max-width: 680px) 100vw, 680px\" \/><p id=\"caption-attachment-158237\" class=\"wp-caption-text\">Enviando vibra\u00e7\u00f5es positivas no domingo de P\u00e1scoa, a Filoneuterapeuta Luna Petermann<\/p><\/div>\n<div id=\"attachment_158238\" style=\"width: 690px\" class=\"wp-caption aligncenter\"><img loading=\"lazy\" decoding=\"async\" aria-describedby=\"caption-attachment-158238\" class=\"wp-image-158238\" src=\"https:\/\/diarioregionaldigital.com.br\/wp-content\/uploads\/2020\/04\/fotog-6-e1586490334509.jpg\" alt=\"\" width=\"680\" height=\"506\" srcset=\"https:\/\/diarioregionaldigital.com.br\/wp-content\/uploads\/2020\/04\/fotog-6-e1586490334509.jpg 1685w, https:\/\/diarioregionaldigital.com.br\/wp-content\/uploads\/2020\/04\/fotog-6-e1586490334509-300x223.jpg 300w, https:\/\/diarioregionaldigital.com.br\/wp-content\/uploads\/2020\/04\/fotog-6-e1586490334509-768x572.jpg 768w, https:\/\/diarioregionaldigital.com.br\/wp-content\/uploads\/2020\/04\/fotog-6-e1586490334509-1024x763.jpg 1024w, https:\/\/diarioregionaldigital.com.br\/wp-content\/uploads\/2020\/04\/fotog-6-e1586490334509-360x268.jpg 360w\" sizes=\"auto, (max-width: 680px) 100vw, 680px\" \/><p id=\"caption-attachment-158238\" class=\"wp-caption-text\">O alto astral de Rose Oliveira no domingo de P\u00e1scoa<\/p><\/div>\n<div id=\"attachment_158239\" style=\"width: 690px\" class=\"wp-caption aligncenter\"><img loading=\"lazy\" decoding=\"async\" aria-describedby=\"caption-attachment-158239\" class=\"wp-image-158239\" src=\"https:\/\/diarioregionaldigital.com.br\/wp-content\/uploads\/2020\/04\/fotoh-6-e1586490452247.jpg\" alt=\"\" width=\"680\" height=\"513\" srcset=\"https:\/\/diarioregionaldigital.com.br\/wp-content\/uploads\/2020\/04\/fotoh-6-e1586490452247.jpg 1758w, https:\/\/diarioregionaldigital.com.br\/wp-content\/uploads\/2020\/04\/fotoh-6-e1586490452247-300x226.jpg 300w, https:\/\/diarioregionaldigital.com.br\/wp-content\/uploads\/2020\/04\/fotoh-6-e1586490452247-768x580.jpg 768w, https:\/\/diarioregionaldigital.com.br\/wp-content\/uploads\/2020\/04\/fotoh-6-e1586490452247-1024x773.jpg 1024w, https:\/\/diarioregionaldigital.com.br\/wp-content\/uploads\/2020\/04\/fotoh-6-e1586490452247-360x272.jpg 360w\" sizes=\"auto, (max-width: 680px) 100vw, 680px\" \/><p id=\"caption-attachment-158239\" class=\"wp-caption-text\">Ant\u00f4nio Vardiero e o filho Talison Vardiero no Feliz P\u00e1scoa<\/p><\/div>\n<div id=\"attachment_158241\" style=\"width: 690px\" class=\"wp-caption aligncenter\"><img loading=\"lazy\" decoding=\"async\" aria-describedby=\"caption-attachment-158241\" class=\"wp-image-158241\" src=\"https:\/\/diarioregionaldigital.com.br\/wp-content\/uploads\/2020\/04\/fotoj-4-e1586490766995.jpg\" alt=\"\" width=\"680\" height=\"518\" srcset=\"https:\/\/diarioregionaldigital.com.br\/wp-content\/uploads\/2020\/04\/fotoj-4-e1586490766995.jpg 1687w, https:\/\/diarioregionaldigital.com.br\/wp-content\/uploads\/2020\/04\/fotoj-4-e1586490766995-300x229.jpg 300w, https:\/\/diarioregionaldigital.com.br\/wp-content\/uploads\/2020\/04\/fotoj-4-e1586490766995-768x585.jpg 768w, https:\/\/diarioregionaldigital.com.br\/wp-content\/uploads\/2020\/04\/fotoj-4-e1586490766995-1024x780.jpg 1024w, https:\/\/diarioregionaldigital.com.br\/wp-content\/uploads\/2020\/04\/fotoj-4-e1586490766995-360x274.jpg 360w\" sizes=\"auto, (max-width: 680px) 100vw, 680px\" \/><p id=\"caption-attachment-158241\" class=\"wp-caption-text\">O Feliz P\u00e1scoa de Neuza Marsicano e o neto Matheus Marsicano Mendes<\/p><\/div>\n<div id=\"attachment_158240\" style=\"width: 690px\" class=\"wp-caption aligncenter\"><img loading=\"lazy\" decoding=\"async\" aria-describedby=\"caption-attachment-158240\" class=\"wp-image-158240\" src=\"https:\/\/diarioregionaldigital.com.br\/wp-content\/uploads\/2020\/04\/fotoi-6.jpg\" alt=\"\" width=\"680\" height=\"438\" srcset=\"https:\/\/diarioregionaldigital.com.br\/wp-content\/uploads\/2020\/04\/fotoi-6.jpg 2704w, https:\/\/diarioregionaldigital.com.br\/wp-content\/uploads\/2020\/04\/fotoi-6-300x193.jpg 300w, https:\/\/diarioregionaldigital.com.br\/wp-content\/uploads\/2020\/04\/fotoi-6-768x495.jpg 768w, https:\/\/diarioregionaldigital.com.br\/wp-content\/uploads\/2020\/04\/fotoi-6-1024x660.jpg 1024w, https:\/\/diarioregionaldigital.com.br\/wp-content\/uploads\/2020\/04\/fotoi-6-360x232.jpg 360w\" sizes=\"auto, (max-width: 680px) 100vw, 680px\" \/><p id=\"caption-attachment-158240\" class=\"wp-caption-text\">Feliz P\u00e1scoa com os amigos, Ricardo Alex, V\u00e2nia Borato, Marcio Marques, Beto Souza e Helenise Machado<\/p><\/div>\n<p style=\"text-align: center;\"><strong>FOTOSS\u00cdNTESE<\/strong><\/p>\n<p>Para os Campi de JF e Governo Valadares, a UFJF anunciou a suspens\u00e3o das atividades presenciais por mais 30 dias.<\/p>\n<p>Aten\u00e7\u00e3o: a primeira fase da Campanha de Vacina\u00e7\u00e3o contra a gripe, de 23 de mar\u00e7o a 15 de abril, \u00e9 voltado a idosos e profissionais de sa\u00fade. De acordo com a Secretaria de Sa\u00fade, a meta \u00e9 imunizar 90% do p\u00fabico alvo, que compreende em Juiz de Fora, 132.592 pessoas.<\/p>\n<p>No futebol, o Cruzeiro concedeu f\u00e9rias aos jogadores e pode reduzir 25% do sal\u00e1rio dos jogadores, caso na volta as atividades a situa\u00e7\u00e3o do pa\u00eds permane\u00e7a a mesma por causa da pandemia.<\/p>\n<p>Culta e inteligente, Juliana Garcia Neves, aluna de p\u00f3s-gradua\u00e7\u00e3o em Hist\u00f3ria da UFJF lan\u00e7ou o v\u00eddeo \u201cRetrato de Pedro II\u201d, do pintor brasileiro Joaquim da Rocha Fragoso.<\/p>\n<p>Solidariedade: O Instituto Bruno precisa de cestas b\u00e1sicas para distribuir para as fam\u00edlias assistidas. Para ajudar, a presidente Carla Dias anuncia o telefone: 2102-4300 ou 98802-0710.<\/p>\n<p>O cantor Milton Nascimento que alguns anos mora em Juiz de Fora, no condom\u00ednio e Portal do Aeroporto foi tema de uma cole\u00e7\u00e3o da camisaria Chico Rei.<\/p>\n<p>Diley Almeida, Desie\u00e9 Couri e Dani Hill foram entrevistados no programa \u201cPapo no Ap\u201d da professora consultora de moda, Ana Paula Calixto, no Instagram.<\/p>\n<p>O artista- pl\u00e1stico Gerson Guedes afirma que o retorno ao mercado de trabalho requer planejamento. Concordo.<\/p>\n<p>Feliz P\u00e1scoa para os bravos jornalistas, rep\u00f3rteres e gente da comunica\u00e7\u00e3o em Juiz de Fora: C\u00e9sar Romero, Vagner Tolendato, Michele Pacheco, Erika Salazar, Marcos Penna, Camila Saenz, Ana Cruzeiro, Cl\u00e1udia Oliveira, Nayara de Paula, S\u00e9rgio Marques (B.H), Lucas Fonseca, J\u00e9ssica Pereira, a turma da RCWTV e Di\u00e1rio Regional, Vitor Biscotto e Michele Meirelles e Tribuna de Minas e Petterson Marciano, Gabriel Landim e Rafaela Frutuoso.<\/p>\n<p>Ent\u00e3o? \u201cQuando abro a cada manh\u00e3 a janela do meu quarto, \u00e9 como se abrisse o mesmo livro numa p\u00e1gina nova\u201d. (M\u00e1rio Quintana). Bom dia.<\/p>\n<p><img loading=\"lazy\" decoding=\"async\" class=\"aligncenter size-full wp-image-158243\" src=\"https:\/\/diarioregionaldigital.com.br\/wp-content\/uploads\/2020\/04\/anuncio77.jpg\" alt=\"\" width=\"3545\" height=\"1356\" srcset=\"https:\/\/diarioregionaldigital.com.br\/wp-content\/uploads\/2020\/04\/anuncio77.jpg 3545w, https:\/\/diarioregionaldigital.com.br\/wp-content\/uploads\/2020\/04\/anuncio77-300x115.jpg 300w, https:\/\/diarioregionaldigital.com.br\/wp-content\/uploads\/2020\/04\/anuncio77-768x294.jpg 768w, https:\/\/diarioregionaldigital.com.br\/wp-content\/uploads\/2020\/04\/anuncio77-1024x392.jpg 1024w, https:\/\/diarioregionaldigital.com.br\/wp-content\/uploads\/2020\/04\/anuncio77-360x138.jpg 360w\" sizes=\"auto, (max-width: 3545px) 100vw, 3545px\" \/><\/p>\n","protected":false},"excerpt":{"rendered":"<p>D\u00f3-r\u00e9-m\u00ed-f\u00e1 O Grupo L\u00fadica m\u00fasica est\u00e1 em Lisboa. Apesar da agenda suspensa, eles n\u00e3o param. Para ocupar o tempo ele fazem shows on-line nas redes sociais. No ar o clipe \u201cO que \u00e9 eu posso fazer?,\u201d com poesia de Knorr, m\u00fasica de GuttiMendes e Rosana Brito, vocal de Isabella Ladeira e dire\u00e7\u00e3o de Altiere Leal. [&hellip;]<\/p>\n","protected":false},"author":96,"featured_media":158232,"comment_status":"closed","ping_status":"closed","sticky":false,"template":"","format":"standard","meta":{"footnotes":""},"categories":[264],"tags":[],"class_list":["post-158242","post","type-post","status-publish","format-standard","has-post-thumbnail","hentry","category-eduardo-gomes"],"_links":{"self":[{"href":"https:\/\/diarioregionaldigital.com.br\/index.php?rest_route=\/wp\/v2\/posts\/158242","targetHints":{"allow":["GET"]}}],"collection":[{"href":"https:\/\/diarioregionaldigital.com.br\/index.php?rest_route=\/wp\/v2\/posts"}],"about":[{"href":"https:\/\/diarioregionaldigital.com.br\/index.php?rest_route=\/wp\/v2\/types\/post"}],"author":[{"embeddable":true,"href":"https:\/\/diarioregionaldigital.com.br\/index.php?rest_route=\/wp\/v2\/users\/96"}],"replies":[{"embeddable":true,"href":"https:\/\/diarioregionaldigital.com.br\/index.php?rest_route=%2Fwp%2Fv2%2Fcomments&post=158242"}],"version-history":[{"count":0,"href":"https:\/\/diarioregionaldigital.com.br\/index.php?rest_route=\/wp\/v2\/posts\/158242\/revisions"}],"wp:featuredmedia":[{"embeddable":true,"href":"https:\/\/diarioregionaldigital.com.br\/index.php?rest_route=\/wp\/v2\/media\/158232"}],"wp:attachment":[{"href":"https:\/\/diarioregionaldigital.com.br\/index.php?rest_route=%2Fwp%2Fv2%2Fmedia&parent=158242"}],"wp:term":[{"taxonomy":"category","embeddable":true,"href":"https:\/\/diarioregionaldigital.com.br\/index.php?rest_route=%2Fwp%2Fv2%2Fcategories&post=158242"},{"taxonomy":"post_tag","embeddable":true,"href":"https:\/\/diarioregionaldigital.com.br\/index.php?rest_route=%2Fwp%2Fv2%2Ftags&post=158242"}],"curies":[{"name":"wp","href":"https:\/\/api.w.org\/{rel}","templated":true}]}}